{"id":185008,"date":"2025-10-18T12:35:10","date_gmt":"2025-10-18T12:35:10","guid":{"rendered":"https:\/\/www.europesays.com\/es\/185008\/"},"modified":"2025-10-18T12:35:10","modified_gmt":"2025-10-18T12:35:10","slug":"xavier-mascaro-evoca-al-hombre-prehistorico-en-murcia","status":"publish","type":"post","link":"https:\/\/www.europesays.com\/es\/185008\/","title":{"rendered":"Xavier Mascar\u00f3 evoca al hombre prehist\u00f3rico en Murcia"},"content":{"rendered":"<p>Un gran bisonte de hierro de m\u00e1s de 2.000 kg. y cuatro metros de altura preside la Sala Ver\u00f3nicas de Murcia. Es la pieza  &#8230; central de la exposici\u00f3n &#8216;Xavier Mascar\u00f3: del origen m\u00e1gico&#8217;, realizada &#8216;ex profeso&#8217; para esta muestra que re\u00fane una selecci\u00f3n de obras del creador espa\u00f1ol nacido en Par\u00eds (Francia, 1965). <\/p>\n<p class=\"v-p\">\u00abEste es un espacio maravilloso\u00bb, indica el escultor sobre la desacralizada iglesia del siglo XVIII, y destaca su \u00abgran altura y un itinerario trazado para la experiencia est\u00e9tica\u00bb. La propuesta de este espacio le llev\u00f3 al creador, instalado desde hace unos a\u00f1os en M\u00e9xico, a trabajar en una pieza que ten\u00eda en mente desde hace tiempo, una gran escultura \u00abinspirada en los dibujos y grabados hist\u00f3ricos que muestran en Altamira y en las cuevas de Lascaux y Chauvet -en el sur de Francia- a bisontes. Eran uno de los animales m\u00e1s potentes y m\u00e1gicos para ellos y suponemos que estas pinturas eran invocaciones a la fertilidad, a la abundancia\u00bb. <\/p>\n<p><img decoding=\"async\" loading=\"lazy\" src=\"https:\/\/www.europesays.com\/es\/wp-content\/uploads\/2025\/10\/1501980994-kf8G--258x367@La Verdad.jpg\" class=\"v-a-img\" width=\"258\" height=\"367\" alt=\"Imagen - Vista parcial del gran bisonte situado bajo la c\u00fapula de la Sala Ver\u00f3nicas. Javier Carri\u00f3n \/ AGM\"\/><\/p>\n<p>Vista parcial del gran bisonte situado bajo la c\u00fapula de la Sala Ver\u00f3nicas. Javier Carri\u00f3n \/ AGM<\/p>\n<p>Javier Carri\u00f3n \/ AGM<\/p>\n<p><img decoding=\"async\" loading=\"lazy\" src=\"https:\/\/s3.ppllstatics.com\/laverdad\/www\/multimedia\/2025\/10\/17\/1501980994.jpg\" class=\"v-mdl__img-z\" width=\"760\" height=\"1080\" alt=\"Imagen - Vista parcial del gran bisonte situado bajo la c\u00fapula de la Sala Ver\u00f3nicas. Javier Carri\u00f3n \/ AGM\"\/><\/p>\n<p class=\"v-p\">\u00abCuando uno ve esas pinturas prehist\u00f3ricas se puede imaginar que ten\u00edan un componente m\u00e1gico, protoreligioso. Uno puede ser testigo de la transici\u00f3n, en ese momento, de la mente animal a la mente humana, la mente moderna\u00bb, dice el creador de la obra, que destaca ese momento de la historia como el punto de inflexi\u00f3n en el que florece la imaginaci\u00f3n del hombre, con una \u00abcapacidad de narrar, de imaginar, de invocar poderes, de combinar elementos existentes en la realidad\u00bb que nos diferencia de los animales. <\/p>\n<p class=\"v-p\">De esta forma, Mascar\u00f3 pretende realizar \u00abun peque\u00f1o homenaje a los inicios del arte\u00bb e invitar a una reflexi\u00f3n: \u00abLos seres humanos de ahora somos muy parecidos a los de entonces. Podemos parecer muy diferentes, pero, en realidad, tenemos los mismos temores, las mismas ansiedades, los mismos deseos. El ser humano de hoy no es tan distinto del que vivi\u00f3 en el siglo XV, o en el siglo V a. C., o hace 30.000 a\u00f1os\u00bb. <\/p>\n<p class=\"v-p\">Xavier Mascar\u00f3 comenz\u00f3 a trabajar en este bisonte, que acompa\u00f1a en esta muestra con el estudio preparatorio en miniatura realizado en bronce y cuadernos de bocetos, para que el visitante pueda adentrarse en el proceso creativo del artista, en 2021. Para que la obra llegase a Espa\u00f1a, ha sido transportada en un complejo viaje desde M\u00e9xico, por v\u00eda mar\u00edtima, en un contenedor. <\/p>\n<p class=\"v-p\">\u00abCuando ide\u00e9 esta pieza estaba en Ciudad de M\u00e9xico. Como mi estudio estaba en Jalisco, me quer\u00eda quedar en Ciudad de M\u00e9xico un tiempo y donde me alojaba no ten\u00eda espacio para trabajar, as\u00ed que compr\u00e9 un poco de espuma de pl\u00e1stico e hice un modelito de 10 cm.\u00bb y as\u00ed naci\u00f3 esta obra con dimensiones ahora descomunales que estuvo fundiendo durante seis meses, \u00abun proceso muy complicado\u00bb, cuenta el artista internacional, que ha expuesto en ciudades como Par\u00eds, Londres, Nueva York, Ciudad de M\u00e9xico, Abu Dabi, Madrid, Viena y Guiza (Egipto).<\/p>\n<p>\n\u00abTenemos los mismos temores, ansiedades y deseos\u00bb, asegura el creador sobre la evoluci\u00f3n del ser humano\n<\/p>\n<p class=\"v-p\">Cristina Carrillo de Albornoz es la comisaria de una exposici\u00f3n en la que se pueden ver tambi\u00e9n una serie de grupos escult\u00f3ricos de guerreros y &#8216;keepers&#8217; (custodios), hombres con m\u00e1scaras de cabeza de toro fundidos en hierro. Se exhibe, asimismo, otra serie de caminantes y guerreros realizados en aluminio. Completan la muestra, que se podr\u00e1 visitar hasta el 11 de enero, una serie de m\u00e1scaras, v\u00eddeos y pinturas en \u00f3leo y acr\u00edlico sobre cart\u00f3n.<\/p>\n<p class=\"v-p\">Si los bisontes recuerdan el arte rupestre de la prehistoria, la serie de guerreros hace referencia a representaciones en barro de civilizaciones antiguas, principalmente de las tradiciones y s\u00edmbolos en el chamanismo de la zona de \u00c1frica ecuatorial, as\u00ed como los del arte antiguo de Asia y del Mediterr\u00e1neo. La serie de los custodios conecta con las representaciones asociadas a las fuerzas naturales.<\/p>\n<p>En la Galer\u00eda Aurora<\/p>\n<p class=\"v-p\">La inauguraci\u00f3n de la exposici\u00f3n cont\u00f3 con la presencia de la Consejera de Cultura, Carmen Conesa, que tuvo unas palabras de agradecimiento para Rosa Mi\u00f1ano, coordinadora de la sala, a punto de jubilarse, y Manuel Cebri\u00e1n, director del ICA. <\/p>\n<p class=\"v-p\">La Sala Ver\u00f3nicas no es el \u00fanico espacio de Murcia en el que se podr\u00e1 encontrar, durante estos d\u00edas, obra de Xavier Mascar\u00f3 ya que la Galer\u00eda Aurora inaugura este s\u00e1bado, a las 12.00 horas, una exposici\u00f3n con algunas de sus esculturas m\u00e1s recientes, como una serie de cabezas de resina pintada con acr\u00edlico y de bronce, as\u00ed como un par de guardianes.<\/p>\n","protected":false},"excerpt":{"rendered":"Un gran bisonte de hierro de m\u00e1s de 2.000 kg. y cuatro metros de altura preside la Sala&hellip;\n","protected":false},"author":2,"featured_media":185009,"comment_status":"","ping_status":"","sticky":false,"template":"","format":"standard","meta":{"footnotes":""},"categories":[173],"tags":[229,233,231,230,232,234,146,147,25,24,52196,366,52161,1478,52197,23,8943],"class_list":{"0":"post-185008","1":"post","2":"type-post","3":"status-publish","4":"format-standard","5":"has-post-thumbnail","7":"category-arte-y-diseno","8":"tag-arte","9":"tag-arte-y-diseno","10":"tag-arts","11":"tag-arts-and-design","12":"tag-design","13":"tag-diseno","14":"tag-entertainment","15":"tag-entretenimiento","16":"tag-es","17":"tag-espana","18":"tag-evoca","19":"tag-hombre","20":"tag-mascaro","21":"tag-murcia","22":"tag-prehistorico","23":"tag-spain","24":"tag-xavier"},"share_on_mastodon":{"url":"","error":""},"_links":{"self":[{"href":"https:\/\/www.europesays.com\/es\/wp-json\/wp\/v2\/posts\/185008","targetHints":{"allow":["GET"]}}],"collection":[{"href":"https:\/\/www.europesays.com\/es\/wp-json\/wp\/v2\/posts"}],"about":[{"href":"https:\/\/www.europesays.com\/es\/wp-json\/wp\/v2\/types\/post"}],"author":[{"embeddable":true,"href":"https:\/\/www.europesays.com\/es\/wp-json\/wp\/v2\/users\/2"}],"replies":[{"embeddable":true,"href":"https:\/\/www.europesays.com\/es\/wp-json\/wp\/v2\/comments?post=185008"}],"version-history":[{"count":0,"href":"https:\/\/www.europesays.com\/es\/wp-json\/wp\/v2\/posts\/185008\/revisions"}],"wp:featuredmedia":[{"embeddable":true,"href":"https:\/\/www.europesays.com\/es\/wp-json\/wp\/v2\/media\/185009"}],"wp:attachment":[{"href":"https:\/\/www.europesays.com\/es\/wp-json\/wp\/v2\/media?parent=185008"}],"wp:term":[{"taxonomy":"category","embeddable":true,"href":"https:\/\/www.europesays.com\/es\/wp-json\/wp\/v2\/categories?post=185008"},{"taxonomy":"post_tag","embeddable":true,"href":"https:\/\/www.europesays.com\/es\/wp-json\/wp\/v2\/tags?post=185008"}],"curies":[{"name":"wp","href":"https:\/\/api.w.org\/{rel}","templated":true}]}}