{"id":185107,"date":"2025-10-18T13:41:10","date_gmt":"2025-10-18T13:41:10","guid":{"rendered":"https:\/\/www.europesays.com\/es\/185107\/"},"modified":"2025-10-18T13:41:10","modified_gmt":"2025-10-18T13:41:10","slug":"lewis-hamilton-no-quiere-trabajar-con-christian-horner-en-ferrari","status":"publish","type":"post","link":"https:\/\/www.europesays.com\/es\/185107\/","title":{"rendered":"Lewis Hamilton no quiere trabajar con Christian Horner en Ferrari"},"content":{"rendered":"<p>La salida de <a href=\"https:\/\/www.record.com.mx\/formula1\/christian-horner-ferrari-reviven-rumor-sobre-posibles-cambios-en-maranello\" rel=\"nofollow noopener\" target=\"_blank\"><strong>Christian Horner<\/strong><\/a> de <a href=\"https:\/\/www.record.com.mx\/formula1\/extranan-checo-los-cambios-que-se-avecinan-en-red-bull\" rel=\"nofollow noopener\" target=\"_blank\"><strong>Red Bull<\/strong><\/a> propici\u00f3 una ola de rumores sobre qu\u00e9 escuder\u00eda podr\u00eda hacerse de los servicios del director brit\u00e1nico, en la que una de las favoritas se volvi\u00f3 <strong>Ferrari<\/strong>. Una reuni\u00f3n de emergencia entre los altos mandos de los de Maranello ocasion\u00f3 que el futuro de <strong>Fred Vasseur<\/strong> estuviera en la cuerda floja, aunque, para <a href=\"https:\/\/www.record.com.mx\/formula1\/lewis-hamilton-se-emociona-con-un-tierno-retrato-lego-de-su-perro-roscoe-hecho-por-fans\" rel=\"nofollow noopener\" target=\"_blank\"><strong>Lewis Hamilton<\/strong><\/a> la idea de Horner como reemplazo no es del todo buena.<\/p>\n<p>En conferencia de prensa, previo al <strong>Gran Premio de Estados Unidos<\/strong>, el piloto brit\u00e1nico y actual integrante del Cavallino Rampante, mostr\u00f3 su descontento ante dichos rumores. Hamilton coment\u00f3 que la integraci\u00f3n de Horner al equipo italiano no es una de las mejores opciones, principalmente por sus \u00faltimos esc\u00e1ndalos.<\/p>\n<p><img loading=\"lazy\" decoding=\"async\" data-entity-uuid=\"f15f01d7-3beb-4cf1-b34e-eed21ac8a7d2\" data-entity-type=\"file\" src=\"https:\/\/www.europesays.com\/es\/wp-content\/uploads\/2025\/10\/AP25289698255596 (1)_0.jpg\" width=\"800\" height=\"533\" alt=\"Hamilton | AP\"\/><\/p>\n<p>Hamilton | AP<\/p>\n<p>\u00abNo s\u00e9 de d\u00f3nde vienen los rumores, as\u00ed que realmente no puedo arrojar mucha luz al respecto, <strong>pero no creo que eso sea una buena idea<\/strong>. Esto nos distrae un poco como equipo, pero ya han dejado clara su postura sobre su renovaci\u00f3n\u00bb, aclar\u00f3 Lewis en el Circuito de las Am\u00e9ricas.<\/p>\n<p>Por si fuera poco, Hamilton mostr\u00f3 desde su llegada su apoyo a <strong>Vasseur<\/strong>, por lo que las opciones, o el apoyo para Christian Horner, son casi nulas. Por su parte, <strong>Charles Leclerc<\/strong>, compa\u00f1ero de Lewis, no ha dado una opini\u00f3n al respecto.<\/p>\n<p><img loading=\"lazy\" decoding=\"async\" data-entity-uuid=\"b630774c-2bf5-4e9e-9a4d-2430919e2e1e\" data-entity-type=\"file\" src=\"https:\/\/www.europesays.com\/es\/wp-content\/uploads\/2025\/10\/AP25290662923746 (1).jpg\" width=\"800\" height=\"533\" alt=\"Hamilton | AP\"\/><\/p>\n<p>Hamilton | AP<\/p>\n<p>\u00bfFuturo en el aire de Vasseur?<\/p>\n<p>Diversos reportes apuntaron que en dicha reuni\u00f3n entre los altos mandos de Ferrari, que <strong>Fred Vasseur no ser\u00e1 reemplazado<\/strong> por Christian Horner. Sin embargo, el futuro inmediato, especialmente para la pr\u00f3xima temporada, traer\u00e1 varias pruebas para los de Maranello, entre ellas las mejoras del auto.<\/p>\n<p>\u00abPara m\u00ed, se trata de intentar <strong>mantener el foco en el objetivo que tenemos delante y trabajar sobre el coche del a\u00f1o que viene<\/strong>. Realmente quiero seguir construyendo una base este a\u00f1o para que el pr\u00f3ximo podamos tener una mejor ejecuci\u00f3n y un mejor desempe\u00f1o general\u00bb, asever\u00f3 Hamilton.<\/p>\n<p><img loading=\"lazy\" decoding=\"async\" data-entity-uuid=\"c6c693d7-afd8-4d34-867c-63e468ad99c2\" data-entity-type=\"file\" src=\"https:\/\/www.europesays.com\/es\/wp-content\/uploads\/2025\/10\/AP25290809651604 (1).jpg\" width=\"800\" height=\"533\" alt=\"Hamilton | AP\"\/><\/p>\n<p>Hamilton | AP<\/p>\n<p>Reuniones y futuro<\/p>\n<p>De igual forma, Lewis Hamilton termin\u00f3 su intervenci\u00f3n sobre el inter\u00e9s de todos los miembros del Cavallino Rampante para mejorar la siguiente temporada. El <strong>siete veces Campe\u00f3n del Mundo<\/strong> asegur\u00f3 lo siguiente. \u201cEstamos teniendo muchas reuniones, por lo que estamos tratando de asegurarnos de que estamos navegando en la direcci\u00f3n correcta\u00bb.<\/p>\n<p><img loading=\"lazy\" decoding=\"async\" data-entity-uuid=\"175b3292-46c3-49ea-a344-2b7fc03b685d\" data-entity-type=\"file\" src=\"https:\/\/www.europesays.com\/es\/wp-content\/uploads\/2025\/10\/AP25290827302467 (1).jpg\" width=\"800\" height=\"533\" alt=\"Hamilton | AP\"\/><\/p>\n<p>Hamilton | AP<\/p>\n","protected":false},"excerpt":{"rendered":"La salida de Christian Horner de Red Bull propici\u00f3 una ola de rumores sobre qu\u00e9 escuder\u00eda podr\u00eda hacerse&hellip;\n","protected":false},"author":2,"featured_media":185108,"comment_status":"","ping_status":"","sticky":false,"template":"","format":"standard","meta":{"footnotes":""},"categories":[270],"tags":[4671,168,25,24,306,2091,271,272,2097,23,167],"class_list":{"0":"post-185107","1":"post","2":"type-post","3":"status-publish","4":"format-standard","5":"has-post-thumbnail","7":"category-formula-1","8":"tag-christian-horner","9":"tag-deportes","10":"tag-es","11":"tag-espana","12":"tag-f1","13":"tag-ferrari","14":"tag-formula-1","15":"tag-formula1","16":"tag-lewis-hamilton","17":"tag-spain","18":"tag-sports"},"share_on_mastodon":{"url":"","error":""},"_links":{"self":[{"href":"https:\/\/www.europesays.com\/es\/wp-json\/wp\/v2\/posts\/185107","targetHints":{"allow":["GET"]}}],"collection":[{"href":"https:\/\/www.europesays.com\/es\/wp-json\/wp\/v2\/posts"}],"about":[{"href":"https:\/\/www.europesays.com\/es\/wp-json\/wp\/v2\/types\/post"}],"author":[{"embeddable":true,"href":"https:\/\/www.europesays.com\/es\/wp-json\/wp\/v2\/users\/2"}],"replies":[{"embeddable":true,"href":"https:\/\/www.europesays.com\/es\/wp-json\/wp\/v2\/comments?post=185107"}],"version-history":[{"count":0,"href":"https:\/\/www.europesays.com\/es\/wp-json\/wp\/v2\/posts\/185107\/revisions"}],"wp:featuredmedia":[{"embeddable":true,"href":"https:\/\/www.europesays.com\/es\/wp-json\/wp\/v2\/media\/185108"}],"wp:attachment":[{"href":"https:\/\/www.europesays.com\/es\/wp-json\/wp\/v2\/media?parent=185107"}],"wp:term":[{"taxonomy":"category","embeddable":true,"href":"https:\/\/www.europesays.com\/es\/wp-json\/wp\/v2\/categories?post=185107"},{"taxonomy":"post_tag","embeddable":true,"href":"https:\/\/www.europesays.com\/es\/wp-json\/wp\/v2\/tags?post=185107"}],"curies":[{"name":"wp","href":"https:\/\/api.w.org\/{rel}","templated":true}]}}