{"id":185113,"date":"2025-10-18T13:44:11","date_gmt":"2025-10-18T13:44:11","guid":{"rendered":"https:\/\/www.europesays.com\/es\/185113\/"},"modified":"2025-10-18T13:44:11","modified_gmt":"2025-10-18T13:44:11","slug":"susana-guasch-46-anos-niega-ser-una-enchufada-y-se-distancia-de-los-extremismos-soy-cero-feminazi","status":"publish","type":"post","link":"https:\/\/www.europesays.com\/es\/185113\/","title":{"rendered":"Susana Guasch (46 a\u00f1os) niega ser una &#8216;enchufada&#8217; y se distancia de los extremismos: \u00abSoy cero &#8216;feminazi'\u00bb"},"content":{"rendered":"<p class=\"ft-text\"><strong>Susana Guasch<\/strong> es una de las periodistas que sigue la actualidad de la liga espa\u00f1ola y leva muchos a\u00f1os cubriendo el f\u00fatbol nacional y los equipos que disputan competiciones europeas para Movistar+.<\/p>\n<p class=\"ft-text\">Sin embargo, la profesional ha tenido <a class=\"ft-link ft-link--decoration\" href=\"https:\/\/www.sport.es\/es\/noticias\/futbol\/susana-guash-explica-eterno-desencuentro-122740573\" target=\"_blank\" rel=\"nofollow noopener\">m\u00e1s de un choque<\/a> con el actual entrenador del PSG, <strong>Luis Enrique<\/strong>, que han sido realmente sonoros: \u00ab<strong>Vengo por M\u00f3nica (Marchante). Ya lo sab\u00e9is todos. Por Alvarito (Benito) un poco, menos. Y por ti (Susana Guasch), poco, por ti, poco<\/strong>\u00ab, se\u00f1alaba a la periodista en una entrevista a pie de campo tras ganar la Champions.<\/p>\n<p><img decoding=\"async\" src=\"https:\/\/www.europesays.com\/es\/wp-content\/uploads\/2025\/10\/2e5f58ec-9320-4db3-9724-f41d31f6f9f8_alta-libre-aspect-ratio_default_0.jpg\" width=\"1200\" height=\"675\" alt=\"El 'zasca' de Luis Enrique a Guasch\" class=\"ft-helper-img-rd\" loading=\"lazy\" hasdataaida=\"true\"\/><\/p>\n<p class=\"ft-helper-fontColor-quaternary ft-helper-fontSize-body-S ft-helper-spacer-t-xxs\">El &#8216;zasca&#8217; de Luis Enrique a Guasch  \/ SPORT.es<\/p>\n<p class=\"ft-text\">Recientemente, ha concedido una entrevista a &#8216;Marca&#8217; y ha hablado sobre algunos de los <strong>temas m\u00e1s pol\u00e9micos <\/strong>que ha vivido a partir de su trabajo. Guasch es una de las mujeres referentes en la profesi\u00f3n dados los a\u00f1os que lleva al pie del ca\u00f1\u00f3n, aunque muchos espectadores no la soportan por sus <strong>cr\u00edticas a Guardiola, al FC Barcelona o por ser &#8216;hija de&#8217; Tom\u00e1s Guasch<\/strong>, reconocido periodista madridista.<\/p>\n<p class=\"ft-text\">\u00ab<strong>Tengo 46 a\u00f1os y me siguen llamando enchufada&#8230; Es incre\u00edble<\/strong>\u00ab, comentaba durante la charla respecto a una de las acusaciones a las que ha tenido que hacer frente desde que empez\u00f3. Dado su parentesco, este ha sido otro de los ataques de la periodista es que ha llegado donde est\u00e1 gracias al &#8216;enchufe&#8217; que le proporciona dicho apellido.<\/p>\n<p>El machismo disfrazado de odio<\/p>\n<p class=\"ft-text\">\u00ab<strong>Como periodista deportiva mujer, debo ser la que m\u00e1s &#8216;hate&#8217; tengo<\/strong>\u00ab, indicaba la profesional de las retransmisiones al ser preguntada por el odio que recibe de parte de tanta gente por hacer su trabajo. Los motivos, reflexionaba, pueden ser varios, como \u00ab<strong>No s\u00e9 si por mi apellido, porque llevo muchos a\u00f1os en esto, por ser mujer&#8230;<\/strong>\u00ab, cuestionaba.<\/p>\n<p><img decoding=\"async\" src=\"https:\/\/www.europesays.com\/es\/wp-content\/uploads\/2025\/10\/632514dc-4085-4470-9a41-795f5048ffec_alta-libre-aspect-ratio_default_0.jpg\" width=\"1200\" height=\"796\" alt=\"Susana Guasch, en un programa en Movistar+.\" class=\"ft-helper-img-rd\" loading=\"lazy\" hasdataaida=\"true\"\/><\/p>\n<p class=\"ft-helper-fontColor-quaternary ft-helper-fontSize-body-S ft-helper-spacer-t-xxs\">Susana Guasch, en un programa en Movistar+.  \/ \u00b7<\/p>\n<p class=\"ft-text\">En este aspecto, se mostraba contrariada porque se considera una persona que se aleja de los extremismos en estos temas y que no apoya la corriente &#8216;<strong>feminazi<\/strong>&#8216;, un t\u00e9rmino acu\u00f1ado para referirse a la defensa a ultranza de los principios de las mujeres por encima de los de los hombres como respuesta al machismo sociol\u00f3gico: \u00ab<strong>Yo soy cero &#8216;feminazi'\u00bb. Cero<\/strong>\u00ab, dejaba claro Guasch.<\/p>\n<p class=\"ft-text\">\u00abNo voy a decir que a m\u00ed me afecta porque soy mujer. Yo en eso no entro y, adem\u00e1s, nunca lo dir\u00e9 porque no lo creo as\u00ed. Pero s\u00ed es cierto que <strong>a veces una mujer opina y dice de f\u00fatbol cosas que algunos croma\u00f1ones, pues, no asumen<\/strong>\u00ab, se defend\u00eda pasando al ataque.<\/p>\n<p class=\"ft-text\">Adem\u00e1s, indicaba que le parece sorprendente que las opiniones sean v\u00e1lidas \u00fanicamente si vienen de \u00abgur\u00fas\u00bb del f\u00fatbol: \u00ab<strong>Con Guardiola y Valdano<\/strong>&#8230; Si esto lo dice un hombre, no pasa nada. Es m\u00e1s, yo hab\u00eda escuchado en radios, en mogoll\u00f3n de tertulias, lo mismo que yo dije, <strong>que iba de fracaso en fracaso durante los \u00faltimos 12 a\u00f1os en Europa. No dije que fuera un fracasado. Lo hab\u00eda escuchado en muchas tertulias de radio<\/strong>\u00ab, aseguraba.<\/p>\n<p><img decoding=\"async\" src=\"https:\/\/www.europesays.com\/es\/wp-content\/uploads\/2025\/10\/ed0d02aa-0190-403e-97e9-44295b542085_alta-libre-aspect-ratio_default_0.jpg\" width=\"1200\" height=\"675\" alt=\"Pep Guardiola, t\u00e9cnico del Manchester City\" class=\"ft-helper-img-rd\" loading=\"lazy\" hasdataaida=\"true\"\/><\/p>\n<p class=\"ft-helper-fontColor-quaternary ft-helper-fontSize-body-S ft-helper-spacer-t-xxs\">Pep Guardiola, t\u00e9cnico del Manchester City  \/ EFE<\/p>\n<p class=\"ft-text\">Guasch hace referencia a unas palabras sobre el t\u00e9cnico del Manchester City en 2020 donde pretend\u00eda desenmascarar al catal\u00e1n: \u00ab<strong>Mucha flor, mucha flor, pero no termina de ganar nunca la Champions<\/strong>\u00ab, acusaba al de Santpedor, algo que gener\u00f3 innumerables cr\u00edticas en redes sociales.<\/p>\n<p class=\"ft-text\">As\u00ed, la periodista ha aprendido a vivir con las cr\u00edticas e intenta que no le afecten en su profesionalidad. Sigue <strong>defendiendo su &#8216;inocencia&#8217;<\/strong> en los temas m\u00e1s pol\u00e9micos que le han acompa\u00f1ado desde que se dedica a la cobertura de los partidos de f\u00fatbol en Espa\u00f1a.<\/p>\n","protected":false},"excerpt":{"rendered":"Susana Guasch es una de las periodistas que sigue la actualidad de la liga espa\u00f1ola y leva muchos&hellip;\n","protected":false},"author":2,"featured_media":185114,"comment_status":"","ping_status":"","sticky":false,"template":"","format":"standard","meta":{"footnotes":""},"categories":[174],"tags":[29161,988,255,146,147,25,24,256,52215,10402,9535,24835,23,32650],"class_list":{"0":"post-185113","1":"post","2":"type-post","3":"status-publish","4":"format-standard","5":"has-post-thumbnail","7":"category-famosos","8":"tag-29161","9":"tag-anos","10":"tag-celebrities","11":"tag-entertainment","12":"tag-entretenimiento","13":"tag-es","14":"tag-espana","15":"tag-famosos","16":"tag-guasch","17":"tag-luis-enrique","18":"tag-niega","19":"tag-pep-guardiola","20":"tag-spain","21":"tag-susana"},"share_on_mastodon":{"url":"","error":""},"_links":{"self":[{"href":"https:\/\/www.europesays.com\/es\/wp-json\/wp\/v2\/posts\/185113","targetHints":{"allow":["GET"]}}],"collection":[{"href":"https:\/\/www.europesays.com\/es\/wp-json\/wp\/v2\/posts"}],"about":[{"href":"https:\/\/www.europesays.com\/es\/wp-json\/wp\/v2\/types\/post"}],"author":[{"embeddable":true,"href":"https:\/\/www.europesays.com\/es\/wp-json\/wp\/v2\/users\/2"}],"replies":[{"embeddable":true,"href":"https:\/\/www.europesays.com\/es\/wp-json\/wp\/v2\/comments?post=185113"}],"version-history":[{"count":0,"href":"https:\/\/www.europesays.com\/es\/wp-json\/wp\/v2\/posts\/185113\/revisions"}],"wp:featuredmedia":[{"embeddable":true,"href":"https:\/\/www.europesays.com\/es\/wp-json\/wp\/v2\/media\/185114"}],"wp:attachment":[{"href":"https:\/\/www.europesays.com\/es\/wp-json\/wp\/v2\/media?parent=185113"}],"wp:term":[{"taxonomy":"category","embeddable":true,"href":"https:\/\/www.europesays.com\/es\/wp-json\/wp\/v2\/categories?post=185113"},{"taxonomy":"post_tag","embeddable":true,"href":"https:\/\/www.europesays.com\/es\/wp-json\/wp\/v2\/tags?post=185113"}],"curies":[{"name":"wp","href":"https:\/\/api.w.org\/{rel}","templated":true}]}}