{"id":185125,"date":"2025-10-18T13:51:23","date_gmt":"2025-10-18T13:51:23","guid":{"rendered":"https:\/\/www.europesays.com\/es\/185125\/"},"modified":"2025-10-18T13:51:23","modified_gmt":"2025-10-18T13:51:23","slug":"el-ayuntamiento-de-murcia-comienza-la-campana-de-vacunacion-contra-la-gripe-y-covid","status":"publish","type":"post","link":"https:\/\/www.europesays.com\/es\/185125\/","title":{"rendered":"El Ayuntamiento de Murcia comienza la campa\u00f1a de vacunaci\u00f3n contra la gripe y Covid"},"content":{"rendered":"<p>\t              <img decoding=\"async\" src=\"https:\/\/www.europesays.com\/es\/wp-content\/uploads\/2025\/10\/p_161020251426291.jpg\" alt=\"El Ayuntamiento de Murcia comienza la campa\u00f1a de vacunaci\u00f3n contra la gripe y Covid\" class=\"fotoportada\" width=\"160\" height=\"106,75\" itemprop=\"image\"\/><\/p>\n<p>Ya est\u00e1 abierto el turno de citas en el Servicio de Vacunas Municipal, ubicado en el Jard\u00edn del Salitre, con motivo de la campa\u00f1a de vacunaci\u00f3n contra enfermedades respiratorias de cara a la campa\u00f1a de invierno, como son la gripe y covid. La concejal de Bienestar Social, Familia y Salud, Pilar Torres, ha visitado este jueves las dependencias municipales, donde ha animado a la poblaci\u00f3n prioritaria a vacunarse.<\/p>\n<p>El objetivo principal de la vacunaci\u00f3n es disminuir la morbimortalidad por gripe en la Regi\u00f3n de Murcia, especialmente en las personas que m\u00e1s riesgo tienen de desarrollar una gripe grave, mediante la vacunaci\u00f3n de la poblaci\u00f3n diana, que incluye personas con factores predisponentes de gravedad y personas que pueden transmitirlo a \u00e9stas, como son sus convivientes y profesionales sanitarios y sociosanitarios.\u00a0<\/p>\n<p>En concreto, los grupos que se consideran prioritarios para gripe son las personas de 60 a\u00f1os o m\u00e1s, embarazadas, menores de entre seis meses y nueve a\u00f1os, as\u00ed como profesionales socio-sanitarios (personal y estudiantes) y trabajadores de los servicios p\u00fablicos esenciales: docentes de cualquier etapa obligatoria y escuelas infantiles, fuerzas y cuerpos de seguridad del Estado, fuerzas armadas, bomberos y Protecci\u00f3n Civil. Tambi\u00e9n se incluyen profesionales con exposici\u00f3n laboral a animales (a aves, cerdos, visones o fauna silvestre).<\/p>\n<p>Adem\u00e1s, la vacuna estacional contra la Covid-19 se administrar\u00e1 sistem\u00e1ticamente y al mismo tiempo que la de gripe en personas mayores de 70 a\u00f1os, embarazadas y convivientes o cuidadores de otras personas que pertenezcan a grupos de riesgo.<\/p>\n<p>El inicio de la vacunaci\u00f3n estacional frente a infecciones respiratorias se iniciaba este martes, 14 de octubre, y se extender\u00e1 durante el oto\u00f1o y el invierno. A lo largo del mes de diciembre, con el descenso de la vacunaci\u00f3n antigripal de grupos prioritarios, podr\u00e1 iniciarse la vacunaci\u00f3n de gripe de personas de grupos no prioritarios, en caso de disponibilidad de dosis.\u00a0<\/p>\n<p>Pilar Torres ha animado a los murcianos a vacunarse, ya que \u00abes importante protegernos y protegerles para conseguir una inmunidad de grupo suficiente que proteja a la mayor\u00eda de la poblaci\u00f3n\u00bb. As\u00ed, en esta campa\u00f1a, \u00abel objetivo es alcanzar una cobertura del 75% en mayores de 65 a\u00f1os y personal socio-sanitario, 60% en gestantes y 50% en poblaci\u00f3n pedi\u00e1trica nacida en 2016 y a\u00f1os posteriores\u00bb, ha apuntado Torres.<\/p>\n<p><strong>Cita previa para vacunarse contra la gripe y el COVID<\/strong><\/p>\n<p>Para recibir la vacuna tanto de la gripe como la dosis estacional frente a SARS-CoV-2 y cualquier otra vacuna necesaria para completar el calendario vacunal, se deber\u00e1 solicitar cita previa para acudir al Servicio de Vacunaci\u00f3n Municipal, que se obtendr\u00e1 en el siguiente enlace https:\/\/www.murcia.es\/web\/portal\/cita-previa-para-vacunas.<\/p>\n<p>Adem\u00e1s, estas vacunas son compatibles con otras del calendario vacunal. El personal de enfermer\u00eda responsable de este punto de vacunaci\u00f3n municipal revisar\u00e1 detalladamente todas las vacunas a las que puedan ser candidatos y le ofrecer\u00e1 su administraci\u00f3n el mismo d\u00eda (herpes zoster, antineumoc\u00f3cica, etc.).<\/p>\n<p><strong>Datos de la campa\u00f1a de vacunaci\u00f3n del pasado a\u00f1o<\/strong><\/p>\n<p>En la pasada campa\u00f1a se administraron en los Servicios Municipales de Vacunaci\u00f3n un total de 3.222 dosis de vacuna antigripal y de 2.090 dosis frente a Covid-19.<\/p>\n<p>Asimismo, se mecanizaron e incluyeron en la plataforma de vacunas regional m\u00e1s de 10.000 ni\u00f1os y ni\u00f1as que fueron vacunados en sus centros educativos por enfermeros y enfermeras de los Centros de Salud.<\/p>\n","protected":false},"excerpt":{"rendered":"Ya est\u00e1 abierto el turno de citas en el Servicio de Vacunas Municipal, ubicado en el Jard\u00edn del&hellip;\n","protected":false},"author":2,"featured_media":185126,"comment_status":"","ping_status":"","sticky":false,"template":"","format":"standard","meta":{"footnotes":""},"categories":[92],"tags":[517,15986,4995,2308,25,24,165,1667,20174,1478,28358,28359,166,23,28357],"class_list":{"0":"post-185125","1":"post","2":"type-post","3":"status-publish","4":"format-standard","5":"has-post-thumbnail","7":"category-salud","8":"tag-actualidad","9":"tag-caravaca","10":"tag-cartagena","11":"tag-empresas","12":"tag-es","13":"tag-espana","14":"tag-health","15":"tag-informacion","16":"tag-lorca","17":"tag-murcia","18":"tag-noticias-de-la-region-de-murcia","19":"tag-noticias-de-murcia","20":"tag-salud","21":"tag-spain","22":"tag-yecla"},"share_on_mastodon":{"url":"","error":""},"_links":{"self":[{"href":"https:\/\/www.europesays.com\/es\/wp-json\/wp\/v2\/posts\/185125","targetHints":{"allow":["GET"]}}],"collection":[{"href":"https:\/\/www.europesays.com\/es\/wp-json\/wp\/v2\/posts"}],"about":[{"href":"https:\/\/www.europesays.com\/es\/wp-json\/wp\/v2\/types\/post"}],"author":[{"embeddable":true,"href":"https:\/\/www.europesays.com\/es\/wp-json\/wp\/v2\/users\/2"}],"replies":[{"embeddable":true,"href":"https:\/\/www.europesays.com\/es\/wp-json\/wp\/v2\/comments?post=185125"}],"version-history":[{"count":0,"href":"https:\/\/www.europesays.com\/es\/wp-json\/wp\/v2\/posts\/185125\/revisions"}],"wp:featuredmedia":[{"embeddable":true,"href":"https:\/\/www.europesays.com\/es\/wp-json\/wp\/v2\/media\/185126"}],"wp:attachment":[{"href":"https:\/\/www.europesays.com\/es\/wp-json\/wp\/v2\/media?parent=185125"}],"wp:term":[{"taxonomy":"category","embeddable":true,"href":"https:\/\/www.europesays.com\/es\/wp-json\/wp\/v2\/categories?post=185125"},{"taxonomy":"post_tag","embeddable":true,"href":"https:\/\/www.europesays.com\/es\/wp-json\/wp\/v2\/tags?post=185125"}],"curies":[{"name":"wp","href":"https:\/\/api.w.org\/{rel}","templated":true}]}}