{"id":185143,"date":"2025-10-18T14:06:19","date_gmt":"2025-10-18T14:06:19","guid":{"rendered":"https:\/\/www.europesays.com\/es\/185143\/"},"modified":"2025-10-18T14:06:19","modified_gmt":"2025-10-18T14:06:19","slug":"el-qarabag-se-coloca-lider-antes-de-visitar-al-athletic","status":"publish","type":"post","link":"https:\/\/www.europesays.com\/es\/185143\/","title":{"rendered":"El Qarabag se coloca l\u00edder antes de visitar al Athletic"},"content":{"rendered":"<p>\n        El Qarabag est\u00e1 de dulce. La revelaci\u00f3n de la presente edici\u00f3n de la Champions League,\u00a0tras <strong>vencer al Benfica a domicilio (2-3) y al Copenhague en Bak\u00fa (2-0)<\/strong>, se ha colocado l\u00edder de la liga de Azerbaiy\u00e1n y llegar\u00e1 a<a href=\"https:\/\/www.deia.eus\/tags\/bilbao\/\" title=\"Bilbao\" class=\"link copy\" rel=\"nofollow noopener\" target=\"_blank\"> Bilbao<\/a> pleno de confianza.\n<\/p>\n<p>            <a href=\"https:\/\/www.deia.eus\/athletic\/2025\/10\/01\/qarabag-avisa-athletic-champions-10156574.html\" title=\"El Qarabag avisa al Athletic\" class=\"new__media\" rel=\"nofollow noopener\" target=\"_blank\"><\/p>\n<p>                <img alt=\"El Qarabag avisa al Athletic\" data-src=\"https:\/\/www.europesays.com\/es\/wp-content\/uploads\/2025\/10\/3e451add-bbfe-4c25-9b01-78da19cd1848_16-9-aspect-ratio_default_0_x707y641.jpg\" class=\"lozad\"\/><\/p>\n<p>        <\/a><\/p>\n<p>        <a href=\"https:\/\/www.deia.eus\/athletic\/2025\/10\/01\/qarabag-avisa-athletic-champions-10156574.html\" title=\"El Qarabag avisa al Athletic\" class=\"new__headline\" rel=\"nofollow noopener\" target=\"_blank\"><br \/>\n            El Qarabag avisa al Athletic<br \/>\n        <\/a><\/p>\n<p class=\"article-body__text \">\n        El rival del Athletic de este mi\u00e9rcoles en San Mam\u00e9s se impuso este viernes al Turan (1-2), que hasta la fecha <strong>encabeza la clasificaci\u00f3n<\/strong>, con los goles de Akhundzade y Zoubir, dando la vuelta al tanto inicial de Serrano por parte de los locales.\n<\/p>\n<p class=\"article-body__text \">\n        El Qarabag, que <strong>comparecer\u00e1 en La Catedral por primera vez en su historia<\/strong>, dispondr\u00e1 de dos d\u00edas m\u00e1s de descanso que los pupilos de Ernesto Valverde, que este domingo juegan ante el Elche en el Mart\u00ednez Valero.<\/p>\n","protected":false},"excerpt":{"rendered":"El Qarabag est\u00e1 de dulce. La revelaci\u00f3n de la presente edici\u00f3n de la Champions League,\u00a0tras vencer al Benfica&hellip;\n","protected":false},"author":2,"featured_media":185144,"comment_status":"","ping_status":"","sticky":false,"template":"","format":"standard","meta":{"footnotes":""},"categories":[268],"tags":[2182,14179,168,25,24,280,282,5564,52220,281,23,167,11833],"class_list":{"0":"post-185143","1":"post","2":"type-post","3":"status-publish","4":"format-standard","5":"has-post-thumbnail","7":"category-futbol","8":"tag-athletic","9":"tag-coloca","10":"tag-deportes","11":"tag-es","12":"tag-espana","13":"tag-football","14":"tag-futbol","15":"tag-lider","16":"tag-qarabag","17":"tag-soccer","18":"tag-spain","19":"tag-sports","20":"tag-visitar"},"share_on_mastodon":{"url":"","error":""},"_links":{"self":[{"href":"https:\/\/www.europesays.com\/es\/wp-json\/wp\/v2\/posts\/185143","targetHints":{"allow":["GET"]}}],"collection":[{"href":"https:\/\/www.europesays.com\/es\/wp-json\/wp\/v2\/posts"}],"about":[{"href":"https:\/\/www.europesays.com\/es\/wp-json\/wp\/v2\/types\/post"}],"author":[{"embeddable":true,"href":"https:\/\/www.europesays.com\/es\/wp-json\/wp\/v2\/users\/2"}],"replies":[{"embeddable":true,"href":"https:\/\/www.europesays.com\/es\/wp-json\/wp\/v2\/comments?post=185143"}],"version-history":[{"count":0,"href":"https:\/\/www.europesays.com\/es\/wp-json\/wp\/v2\/posts\/185143\/revisions"}],"wp:featuredmedia":[{"embeddable":true,"href":"https:\/\/www.europesays.com\/es\/wp-json\/wp\/v2\/media\/185144"}],"wp:attachment":[{"href":"https:\/\/www.europesays.com\/es\/wp-json\/wp\/v2\/media?parent=185143"}],"wp:term":[{"taxonomy":"category","embeddable":true,"href":"https:\/\/www.europesays.com\/es\/wp-json\/wp\/v2\/categories?post=185143"},{"taxonomy":"post_tag","embeddable":true,"href":"https:\/\/www.europesays.com\/es\/wp-json\/wp\/v2\/tags?post=185143"}],"curies":[{"name":"wp","href":"https:\/\/api.w.org\/{rel}","templated":true}]}}