{"id":185171,"date":"2025-10-18T14:21:10","date_gmt":"2025-10-18T14:21:10","guid":{"rendered":"https:\/\/www.europesays.com\/es\/185171\/"},"modified":"2025-10-18T14:21:10","modified_gmt":"2025-10-18T14:21:10","slug":"va-a-ser-dificil-jugar-contra-un-pais-que-no-respeta-ningun-derecho-humano","status":"publish","type":"post","link":"https:\/\/www.europesays.com\/es\/185171\/","title":{"rendered":"Va a ser dif\u00edcil jugar contra un pa\u00eds que no respeta ning\u00fan derecho humano"},"content":{"rendered":"<p data-mrf-recirculation=\"Links P\u00e1rrafos\" class=\"ue-c-article__paragraph paragraph ue-c-article--first-letter-highlighted\">Es <strong>uno de los t\u00e9cnicos m\u00e1s laureados y reconocidos<\/strong> en el mundo del balonmano femenino y <strong>uno de los mejores extremos <\/strong>que ha tenido nuestro deporte. Pero este domingo <strong>Ambros Mart\u00edn (Lanzarote, 1968) vivir\u00e1 uno de sus partidos m\u00e1s complicados <\/strong>en su dilatada carrera. La cita ser\u00e1 el <strong>encuentro <\/strong>que disputar\u00e1n <strong>las &#8216;Guerreras&#8217; ante Israel en Brastislava <\/strong>(Eslovaquia), correspondiente a la segunda jornada de la fase de clasificaci\u00f3n para el Europeo 2026.\u00a0<\/p>\n<p data-mrf-recirculation=\"Links P\u00e1rrafos\" class=\"ue-c-article__paragraph paragraph\">Un <strong>compromiso<\/strong>, a priori el menos exigente para la selecci\u00f3n espa\u00f1ola de su grupo, <strong>cuyo contexto extradeportivo centra inexorablemente este choque<\/strong>. No s\u00f3lo porque se celebrar\u00e1 en una<strong> pista neutral dada la situaci\u00f3n b\u00e9lica de Israel en territorio palestino<\/strong>, a\u00fan candente a pesar del acuerdo de paz del entre el primero con Ham\u00e1s.Y es que los <strong>recientes choques internacionales <\/strong>en otros deportes con el <strong>combinado israel\u00ed como protagonista <\/strong>han estado marcados por las <strong>protestas en la calle en contra del estado sionista por su matanza en Gaza.\u00a0<\/strong><\/p>\n<p data-mrf-recirculation=\"Links P\u00e1rrafos\" class=\"ue-c-article__paragraph paragraph\">Salvo hecatombe, las <strong>&#8216;Guerreras&#8217; deber\u00edan sumar de manera holgada su segunda victoria<\/strong> de su cuadro tras el claro triunfo contra Grecia en Puerto Sagunto del pasado jueves. Sin dudas, <strong>la mayor dificultad del partido frente a Israel radica en el aspecto psicol\u00f3gico<\/strong> para un equipo plagado de <strong>juventud<\/strong>. Por este motivo, Ambros Mart\u00edn ha tenido que llevar a a cabo una <strong>mentalizaci\u00f3n de sus pupilas para centrarse en lo meramente deportivo.\u00a0<\/strong><\/p>\n<p>&#8216;Obligadas&#8217; a jugar contra su voluntad<\/p>\n<p data-mrf-recirculation=\"Links P\u00e1rrafos\" class=\"ue-c-article__paragraph paragraph\">\u00abSomos deportistas, pero tambi\u00e9n personas. Vemos lo que est\u00e1 pasando, como personas civilizadas en un pa\u00eds como el que vivimos, y as\u00ed es dif\u00edcil abstraerte de esta situaci\u00f3n\u00bb, explica <strong>Ambros <\/strong>para MARCA, <strong>indignado por la masacre sufrida en Gaza<\/strong>. \u00abNo se puede entender c\u00f3mo se permite lo que est\u00e1 sucediendo. Vamos a competir porque estamos obligados a ello. De lo contrario, recibir\u00edamos una penalizaci\u00f3n. Va a ser dif\u00edcil jugar contra un pa\u00eds que no respeta ning\u00fan tipo de derecho humano, como a la vida, el m\u00e1s importante\u00bb, a\u00f1ade resignado el seleccionador.<\/p>\n<blockquote class=\"ue-c-article__blockquote\">\n<p>Va a ser dif\u00edcil jugar contra un pa\u00eds que no respeta ning\u00fan tipo de derecho humano, como a la vida, el m\u00e1s importante<\/p>\n<p>Ambros Mart\u00edn, seleccionador espa\u00f1ol femenino<\/p><\/blockquote>\n<p data-mrf-recirculation=\"Links P\u00e1rrafos\" class=\"ue-c-article__paragraph paragraph\">Un <strong>combinado espa\u00f1ol que tendr\u00e1 que tirar de profesionalidad para dejar de un lado lo extradeportivo<\/strong> para centrarse en el partido ante Israel, un rival muy inferior. <strong>Doble esfuerzo mental para un equipo muy joven.<\/strong> \u00abEntiendo que las jugadoras de Israel no tienen mucho que ver, pero s\u00ed al pa\u00eds que representan. Va a ser dif\u00edcil, porque mis jugadoras sienten lo mismo que yo. Es una situaci\u00f3n que si por nosotros fuera, no jugar\u00edamos este encuentro. Pero somos profesionales y debemos abstraernos, aunque cueste hacerlo. Vamos a tratar de hacer lo que sabemos, que es jugar al balonmano\u00bb, adelanta el preparador canario.<\/p>\n<p><img decoding=\"async\" width=\"1980\" height=\"1320\" class=\"ue-c-article__image lazyload\" alt=\"El t\u00e9cnico del combinado nacional espa\u00f1ol femenino, Ambros Mart\u00edn.\" loading=\"lazy\" src=\"https:\/\/www.europesays.com\/es\/wp-content\/uploads\/2025\/10\/68f3915ae060f.jpeg\"\/><\/p>\n<p>El t\u00e9cnico del combinado nacional espa\u00f1ol femenino, Ambros Mart\u00edn.RFEBM<\/p>\n<p data-mrf-recirculation=\"Links P\u00e1rrafos\" class=\"ue-c-article__paragraph paragraph\">Para buscar la clasificaci\u00f3n para el campeonato de Europa del pr\u00f3ximo a\u00f1o y para preparar el Mundial 2025, <strong>Ambros est\u00e1 contando con un nutrido grupo de jugadoras<\/strong>, <strong>rotando mucho a sus integrantes<\/strong> para cada convocatoria en las diferentes concentraciones o compromisos internacionales. <strong>Ante el equipo israel\u00ed, solo se producir\u00e1 un cambio respecto al partido frente a Grecia<\/strong>. Se <strong>trata de la extremo izquierdo Ona Vegu\u00e9<\/strong>, llamada a filas de urgencia tras la lesi\u00f3n muscular de su compa\u00f1era de puesto Jennifer Guti\u00e9rrez.<\/p>\n<blockquote class=\"ue-c-article__blockquote\">\n<p>Es una situaci\u00f3n que si por nosotros fuera, no jugar\u00edamos este encuentro. Pero somos profesionales y debemos abstraernos. Vamos a tratar de hacer lo que sabemos, que es jugar al balonmano<\/p>\n<p>Ambros Mart\u00edn, tecnico de las &#8216;Guerreras&#8217;<\/p><\/blockquote>\n<p data-mrf-recirculation=\"Links P\u00e1rrafos\" class=\"ue-c-article__paragraph paragraph\">\u00abEntre treinta o cuarenta jugadoras pueden venir convocadas, dependiendo de su momento de forma y estado f\u00edsico. Hay una competencia sana que estimula a cada internacional en las distintas posiciones, algo que les hace que mejorar, tambi\u00e9n a nivel colectivo\u00bb, explica e<strong>l t\u00e9cnico espa\u00f1ol, que sufrir\u00e1 un quebradero de cabeza cuando tenga que dar la lista definitiva para el inminente Mundial<\/strong>. \u00abComo entrenador, esto me provoca un dilema a la hora de elegir a las jugadoras para disputar un gran campeonato. La lista es amplia, as\u00ed que la decisi\u00f3n va a ser complicada\u00bb a\u00f1ade.<\/p>\n<p>Paciencia con el cambio generacional<\/p>\n<p data-mrf-recirculation=\"Links P\u00e1rrafos\" class=\"ue-c-article__paragraph paragraph\">Un triunfo ante Israel significar\u00e1 acercarse un poco m\u00e1s al objetivo de estar en el Europeo 2026 en un grupo donde <strong>Austria parece ser el \u00fanico adversario capaz de exigir a nivel competitivo a las &#8216;Guerreras&#8217;. <\/strong>Pero dada su cercan\u00eda, es <strong>inevitable no mirar al Mundial <\/strong>que se celebrar\u00e1 del 26 al 14 de diciembre en Alemania y Pa\u00edses Bajos. Los<strong> decepcionantes resultados en el pasado campeonato de Europa (13\u00ba) y del Mundo (13\u00ba), y tambi\u00e9n en los Juegos Ol\u00edmpicos 2024 (12\u00ba),<\/strong><strong>exigen cierta mejora <\/strong>en el pr\u00f3ximo torneo internacional con una<strong> plantilla en pleno cambio generacional.\u00a0<\/strong><\/p>\n<p data-mrf-recirculation=\"Links P\u00e1rrafos\" class=\"ue-c-article__paragraph paragraph\">Con <strong>Ambros Mart\u00edn<\/strong> como <strong>encargado de esta enorme responsabilidad<\/strong> desde que lleg\u00f3 al<strong> banquillo espa\u00f1ol en mayo de 2023<\/strong>, las <strong>&#8216;Guerreras&#8217; trabajan por volver a estar en la primera fila<\/strong> del balonmano femenino. Una tarea nada sencilla con <strong>un plantel que sigue ganando peso competitivo dada su lozan\u00eda imperante<\/strong>. \u00abTanto las j\u00f3venes, que juegan en Espa\u00f1a, como las que lo hacen en el extranjero, todas est\u00e1n bastante comprometidas con los objetivos marcados. Despu\u00e9s de los JJ.OO. de Par\u00eds, decidimos pensar a medio-largo plazo, con jugadoras con poca experiencia con otras que s\u00ed y que a\u00fan quieran aportar cosas a este deporte\u00bb, diserta el seleccionador.\u00a0<\/p>\n<blockquote class=\"ue-c-article__blockquote\">\n<p>No no deben pedir medallas, porque eso a d\u00eda de hoy es una utop\u00eda. Pero s\u00ed que nos exijan lucha y mejor\u00eda<\/p>\n<p>Ambros Mart\u00edn, t\u00e9cnico del combinado espa\u00f1ol femenino<\/p><\/blockquote>\n<p data-mrf-recirculation=\"Links P\u00e1rrafos\" class=\"ue-c-article__paragraph paragraph\"><strong>La comparaci\u00f3n con la \u00e9poca dorada de las &#8216;Guerreras&#8217; ser\u00eda injunta <\/strong>para las integrantes del actual combinado nacional. Esa generaci\u00f3n parece a d\u00eda de hoy irrepetible, a nivel de calidad y \u00e9xitos. Por lo tanto, <strong>toca ser conscientes que la exigencia no puede ser la misma<\/strong>. \u00abNo no deben pedir medallas, porque eso a d\u00eda de hoy es una utop\u00eda. Pero s\u00ed que nos exijan lucha y mejor\u00eda. Si llegamos a estar entre los ocho primeros en los pr\u00f3ximos campeonatos, nos gustar\u00eda mantenernos y estar siempre con aspiraciones para que las internacionales venideras tengan la ocasi\u00f3n de participar y que no exista un vac\u00edo entre las distintas generaciones\u00bb, finaliza Ambros Mart\u00edn, un tipo \u00edntegro y fiel a sus valores.<\/p>\n","protected":false},"excerpt":{"rendered":"Es uno de los t\u00e9cnicos m\u00e1s laureados y reconocidos en el mundo del balonmano femenino y uno de&hellip;\n","protected":false},"author":2,"featured_media":185172,"comment_status":"","ping_status":"","sticky":false,"template":"","format":"standard","meta":{"footnotes":""},"categories":[278],"tags":[376,168,25,24,375,23,167],"class_list":{"0":"post-185171","1":"post","2":"type-post","3":"status-publish","4":"format-standard","5":"has-post-thumbnail","7":"category-balonmano","8":"tag-balonmano","9":"tag-deportes","10":"tag-es","11":"tag-espana","12":"tag-handball","13":"tag-spain","14":"tag-sports"},"share_on_mastodon":{"url":"","error":""},"_links":{"self":[{"href":"https:\/\/www.europesays.com\/es\/wp-json\/wp\/v2\/posts\/185171","targetHints":{"allow":["GET"]}}],"collection":[{"href":"https:\/\/www.europesays.com\/es\/wp-json\/wp\/v2\/posts"}],"about":[{"href":"https:\/\/www.europesays.com\/es\/wp-json\/wp\/v2\/types\/post"}],"author":[{"embeddable":true,"href":"https:\/\/www.europesays.com\/es\/wp-json\/wp\/v2\/users\/2"}],"replies":[{"embeddable":true,"href":"https:\/\/www.europesays.com\/es\/wp-json\/wp\/v2\/comments?post=185171"}],"version-history":[{"count":0,"href":"https:\/\/www.europesays.com\/es\/wp-json\/wp\/v2\/posts\/185171\/revisions"}],"wp:featuredmedia":[{"embeddable":true,"href":"https:\/\/www.europesays.com\/es\/wp-json\/wp\/v2\/media\/185172"}],"wp:attachment":[{"href":"https:\/\/www.europesays.com\/es\/wp-json\/wp\/v2\/media?parent=185171"}],"wp:term":[{"taxonomy":"category","embeddable":true,"href":"https:\/\/www.europesays.com\/es\/wp-json\/wp\/v2\/categories?post=185171"},{"taxonomy":"post_tag","embeddable":true,"href":"https:\/\/www.europesays.com\/es\/wp-json\/wp\/v2\/tags?post=185171"}],"curies":[{"name":"wp","href":"https:\/\/api.w.org\/{rel}","templated":true}]}}