{"id":185187,"date":"2025-10-18T14:33:14","date_gmt":"2025-10-18T14:33:14","guid":{"rendered":"https:\/\/www.europesays.com\/es\/185187\/"},"modified":"2025-10-18T14:33:14","modified_gmt":"2025-10-18T14:33:14","slug":"yo-vivo-en-una-casa-con-truco","status":"publish","type":"post","link":"https:\/\/www.europesays.com\/es\/185187\/","title":{"rendered":"Yo vivo en&#8230; una casa con truco"},"content":{"rendered":"<p class=\"mce\">Seguimos conociendo los hogares m\u00e1s sorprendentes de Madrid. Esta vez, Mar\u00eda Ruiz nos acompa\u00f1a a descubrir pisos que sin llegar a 50 metros cuadrados tienen hasta una sala de cine, como el de Gonzalo en Sol, o un gimnasio donde entrenar como el de la ex-gimnasta Almudena Cid. La vivienda de esta \u00faltima se vuelve m\u00e1s o menos grande seg\u00fan lo que quieras hacer gracias a unos tabiques que se mueven.<\/p>\n<p class=\"mce\">Adem\u00e1s, si de movimiento se trata, las paredes de la casa de Charlie en La Latina, no se quedan atr\u00e1s. All\u00ed nada es lo que parece. Y, por si esto parece insuficiente, no podemos saltarnos la casa de Marcela para descubrir todos los secretos que tiene una vivienda en forma de \u00abU\u00bb.<\/p>\n","protected":false},"excerpt":{"rendered":"Seguimos conociendo los hogares m\u00e1s sorprendentes de Madrid. Esta vez, Mar\u00eda Ruiz nos acompa\u00f1a a descubrir pisos que&hellip;\n","protected":false},"author":2,"featured_media":185188,"comment_status":"","ping_status":"","sticky":false,"template":"","format":"standard","meta":{"footnotes":""},"categories":[171],"tags":[146,147,25,24,5727,5729,5728,23,5726,214,5730],"class_list":{"0":"post-185187","1":"post","2":"type-post","3":"status-publish","4":"format-standard","5":"has-post-thumbnail","7":"category-tv","8":"tag-entertainment","9":"tag-entretenimiento","10":"tag-es","11":"tag-espana","12":"tag-programacion-a-la-carta","13":"tag-programas-telemadrid","14":"tag-programas-television","15":"tag-spain","16":"tag-telemadrid-a-la-carta","17":"tag-tv","18":"tag-vod"},"share_on_mastodon":{"url":"","error":""},"_links":{"self":[{"href":"https:\/\/www.europesays.com\/es\/wp-json\/wp\/v2\/posts\/185187","targetHints":{"allow":["GET"]}}],"collection":[{"href":"https:\/\/www.europesays.com\/es\/wp-json\/wp\/v2\/posts"}],"about":[{"href":"https:\/\/www.europesays.com\/es\/wp-json\/wp\/v2\/types\/post"}],"author":[{"embeddable":true,"href":"https:\/\/www.europesays.com\/es\/wp-json\/wp\/v2\/users\/2"}],"replies":[{"embeddable":true,"href":"https:\/\/www.europesays.com\/es\/wp-json\/wp\/v2\/comments?post=185187"}],"version-history":[{"count":0,"href":"https:\/\/www.europesays.com\/es\/wp-json\/wp\/v2\/posts\/185187\/revisions"}],"wp:featuredmedia":[{"embeddable":true,"href":"https:\/\/www.europesays.com\/es\/wp-json\/wp\/v2\/media\/185188"}],"wp:attachment":[{"href":"https:\/\/www.europesays.com\/es\/wp-json\/wp\/v2\/media?parent=185187"}],"wp:term":[{"taxonomy":"category","embeddable":true,"href":"https:\/\/www.europesays.com\/es\/wp-json\/wp\/v2\/categories?post=185187"},{"taxonomy":"post_tag","embeddable":true,"href":"https:\/\/www.europesays.com\/es\/wp-json\/wp\/v2\/tags?post=185187"}],"curies":[{"name":"wp","href":"https:\/\/api.w.org\/{rel}","templated":true}]}}