{"id":185193,"date":"2025-10-18T14:37:09","date_gmt":"2025-10-18T14:37:09","guid":{"rendered":"https:\/\/www.europesays.com\/es\/185193\/"},"modified":"2025-10-18T14:37:09","modified_gmt":"2025-10-18T14:37:09","slug":"el-autismo-no-es-un-solo-trastorno-segun-nuevos-datos","status":"publish","type":"post","link":"https:\/\/www.europesays.com\/es\/185193\/","title":{"rendered":"El autismo no es un solo trastorno, seg\u00fan nuevos datos"},"content":{"rendered":"<p>El <a href=\"https:\/emedicine.medscape.com\/article\/912781-overview \">autismo<\/a> diagnosticado en la primera infancia difiere gen\u00e9tica y evolutivamente del autismo identificado posteriormente en el desarrollo de un individuo, lo cual desaf\u00eda la idea de que se trata de un trastorno \u00fanico y uniforme, seg\u00fan sugiere una nueva investigaci\u00f3n.[1]<\/p>\n<p>Los investigadores e investigadoras encontraron que las ni\u00f1as y los ni\u00f1os diagnosticados en la primera infancia son m\u00e1s propensos a presentar problemas sociales y conductuales durante la primera infancia y la infancia, mientras que aqu\u00e9llos diagnosticados m\u00e1s tarde presentan tasas m\u00e1s altas de afecciones como el trastorno por d\u00e9ficit de atenci\u00f3n\/ hiperactividad (<a href=\"https:\/emedicine.medscape.com\/article\/289350-overview\">TDAH<\/a>) y la <a href=\"https:\/emedicine.medscape.com\/article\/286759-overview\">depresi\u00f3n<\/a>. Ambos subtipos presentan perfiles gen\u00e9ticos distintos.<\/p>\n<p>\u00abDescubrimos que, en promedio, las personas diagnosticadas con autismo en etapas tempranas y tard\u00edas de la vida siguen diferentes trayectorias de desarrollo y, sorprendentemente, presentan distintos perfiles gen\u00e9ticos subyacentes\u00bb, declar\u00f3 en un comunicado de prensa Xinhe Zhang, investigador del estudio y estudiante de doctorado del Departamento de Psiquiatr\u00eda de University of Cambridge, Reino Unido.<\/p>\n<p>\u00abComprender c\u00f3mo surgen las caracter\u00edsticas del autismo no s\u00f3lo en la primera infancia, sino tambi\u00e9n en etapas posteriores de la ni\u00f1ez y la adolescencia, podr\u00eda ayudarnos a reconocer, diagnosticar y apoyar a las personas con autismo de todas las edades\u00bb, a\u00f1adi\u00f3 el autor principal, Varun Warrier, Ph. D., tambi\u00e9n del Departamento de Psiquiatr\u00eda de University of Cambridge.<\/p>\n<p>El estudio se public\u00f3 en versi\u00f3n electr\u00f3nica el 1 de octubre en Nature.[1]<\/p>\n<p>Causa desconocida<\/p>\n<p>El autismo es un trastorno complejo del neurodesarrollo sin una causa conocida. Aunque tradicionalmente se ha reconocido que surge en la primera infancia, muchas personas son diagnosticadas en etapas posteriores de la vida. A\u00fan no est\u00e1 claro si el autismo identificado en etapas tempranas o posteriores de la vida sigue trayectorias de desarrollo diferentes o presenta perfiles gen\u00e9ticos distintos. Para explorar c\u00f3mo el autismo reconocido en etapas tempranas puede diferir de los casos identificados posteriormente, los investigadores e investigadoras analizaron datos longitudinales de cuatro cohortes de nacimiento, cada una con 89 a 188 individuos autistas, junto con datos gen\u00e9ticos de m\u00e1s de 45.000 personas de m\u00faltiples cohortes internacionales.<\/p>\n<p>Hallaron que aqu\u00e9llos diagnosticados con el trastorno antes de los 7 a\u00f1os presentaban tasas significativamente m\u00e1s altas de retraso global del desarrollo y <a href=\"https:\/emedicine.medscape.com\/article\/1180709-overview\">discapacidad intelectual<\/a>, con d\u00e9ficits pronunciados en los hitos motores y del lenguaje.<\/p>\n<p>Por el contrario, quienes fueron diagnosticados m\u00e1s tarde en la infancia o despu\u00e9s a menudo mostraban un desarrollo temprano t\u00edpico, pero con el tiempo desarrollaban dificultades cognitivas y conductuales m\u00e1s sutiles. Tambi\u00e9n eran m\u00e1s propensos a presentar comorbilidades, como el trastorno por d\u00e9ficit de atenci\u00f3n\/hiperactividad y la depresi\u00f3n.<\/p>\n<p>Los an\u00e1lisis gen\u00e9ticos revelaron que el grupo diagnosticado tempranamente presentaba variantes raras y delet\u00e9reas en genes restringidos, mientras que el grupo diagnosticado m\u00e1s tarde mostraba puntuaciones elevadas de riesgo polig\u00e9nico para el logro educativo y otros rasgos complejos.<\/p>\n<p>Los investigadores e investigadoras a\u00fan no han identificado variantes gen\u00e9ticas espec\u00edficas asociadas a cada uno de estos perfiles.<\/p>\n<p>Cabe destacar que los investigadores observaron que el perfil gen\u00e9tico promedio del autismo diagnosticado posteriormente se asemejaba m\u00e1s al del trastorno por d\u00e9ficit de atenci\u00f3n\/hiperactividad, la depresi\u00f3n y el <a href=\"https:\/emedicine.medscape.com\/article\/288154-overview \">trastorno de estr\u00e9s postraum\u00e1tico<\/a> que al del autismo diagnosticado en la primera infancia.<\/p>\n<p>\u00abUn pr\u00f3ximo paso importante ser\u00e1 comprender la compleja interacci\u00f3n entre la gen\u00e9tica y los factores sociales que conducen a peores resultados en salud mental en las personas con autismo diagnosticado posteriormente\u00bb, se\u00f1al\u00f3 Warrier.<\/p>\n<p>Los investigadores e investigadoras advirtieron contra la generalizaci\u00f3n excesiva de los resultados del estudio, enfatizaron que la edad al momento del diagn\u00f3stico est\u00e1 determinada por factores sociales, culturales y sanitarios, adem\u00e1s de la biolog\u00eda. Destacaron que algunos ni\u00f1os y ni\u00f1as diagnosticados posteriormente podr\u00edan haber presentado signos tempranos que pasaron desapercibidos.<\/p>\n<p>Tipos distintos<\/p>\n<p>En un art\u00edculo complementario en Nature News &amp; Views, Elliot Tucker-Drob, Ph. D., profesor del Departamento de Psicolog\u00eda de University of Texas en Austin, Estados Unidos, afirm\u00f3 que este estudio proporciona evidencia de que \u00abel momento del desarrollo en que se diagnostica el autismo no es simplemente un efecto secundario de las dificultades para identificar casos m\u00e1s leves a edades tempranas, sino una caracter\u00edstica principal que distingue las distintas formas de autismo\u00bb.[2]<\/p>\n<p>\u00abEl momento del desarrollo en que se identifica el autismo por primera vez es s\u00f3lo un posible eje, a lo largo del cual se pueden distinguir los subtipos de autismo, y es posible, si no probable, que existan otros subtipos de autismo mec\u00e1nicamente separables que a\u00fan no se han identificado\u00bb, manifest\u00f3 Tucker-Drob.<\/p>\n<p>En un comunicado del Science Media Centre, una organizaci\u00f3n sin fines de lucro del Reino Unido, expertos opinaron sobre los hallazgos.<\/p>\n<p>Uta Frith, Ph. D., profesora em\u00e9rita de Desarrollo Cognitivo del University College London, Inglaterra, afirm\u00f3 que los descubrimientos la hacen \u00abtener la esperanza de que se descubran m\u00e1s subgrupos y que cada uno encuentre una etiqueta diagn\u00f3stica adecuada\u00bb.<\/p>\n<p>Es hora de comprender que el autismo se ha convertido en una mezcolanza de afecciones. Si se habla de una epidemia de autismo, una causa del autismo o un tratamiento para el autismo, la pregunta inmediata debe ser: \u00bfqu\u00e9 tipo de autismo?, indic\u00f3 Frith.<\/p>\n<p>Michael Absoud, Ph. D., del King&#8217;s College London, Inglaterra, puntualiz\u00f3 que este estudio \u00abconfirma que el autismo no s\u00f3lo es altamente hereditario y abarca un espectro de afecciones, sino que la edad al momento del diagn\u00f3stico tambi\u00e9n es hereditaria\u00bb.<\/p>\n<p>Absoud tambi\u00e9n se\u00f1al\u00f3 que los perfiles conductuales se derivaron del Strengths and Difficulties Questionnaire (SDQ), una herramienta general de evaluaci\u00f3n conductual que no captura rasgos detallados del autismo y la salud mental, se basa en informes de los cuidadores en lugar de evaluaciones cl\u00ednicas, esto limita la precisi\u00f3n de las trayectorias de desarrollo descritas.<\/p>\n<p>\u00abSe necesita investigaci\u00f3n en poblaciones m\u00e1s diversas para replicar los hallazgos, con medidas m\u00e1s detalladas de la calidad de vida, el funcionamiento diario y con una evaluaci\u00f3n directa\u00bb, concluy\u00f3 Absoud.<\/p>\n<p>Este estudio fue financiado por Wellcome Trust, UKRI, Horizon Europe y Simons Foundation Autism Research Initiative. Zhang, Ph. D., Warrier, Ph. D., Tucker-Drob, Ph. D., Frith, Ph. D. y Absoud declararon no tener ning\u00fan conflicto de inter\u00e9s econ\u00f3mico pertinente.<\/p>\n<p>Este contenido se tradujo de la edici\u00f3n en ingl\u00e9s de <a href=\"https:\/www.medscape.com\/viewarticle\/autism-not-one-disorder-new-data-show-2025a1000qmm\">Medscape.<\/a><\/p>\n","protected":false},"excerpt":{"rendered":"El autismo diagnosticado en la primera infancia difiere gen\u00e9tica y evolutivamente del autismo identificado posteriormente en el desarrollo&hellip;\n","protected":false},"author":2,"featured_media":185194,"comment_status":"","ping_status":"","sticky":false,"template":"","format":"standard","meta":{"footnotes":""},"categories":[92],"tags":[52231,52239,52237,52234,52238,52224,21207,52242,21208,30343,15930,52232,25,24,52226,52227,165,52229,52228,203,52230,52241,52240,52225,52233,166,23,52236,34309,52235],"class_list":{"0":"post-185193","1":"post","2":"type-post","3":"status-publish","4":"format-standard","5":"has-post-thumbnail","7":"category-salud","8":"tag-adhd-attention-deficit-hyperactivity-disorder","9":"tag-adolescent","10":"tag-adolescent-health","11":"tag-adolescent-medicine","12":"tag-adolescents","13":"tag-autism-spectrum-disorder-autism-autism-spectrum-condition-autism-spectrum-disorder-asd","14":"tag-child","15":"tag-child-and-adolescent-psychiatry","16":"tag-childhood","17":"tag-children","18":"tag-depression","19":"tag-developmental-delay","20":"tag-es","21":"tag-espana","22":"tag-genetics","23":"tag-genomics-genomic-medicine","24":"tag-health","25":"tag-intellectual-developmental-disability","26":"tag-intellectual-disability","27":"tag-kids","28":"tag-mental-retardation","29":"tag-mental-well-being-mental-wellbeing","30":"tag-neurodevelopmental-disorder","31":"tag-pediatrics","32":"tag-ptsd-ptsd-post-traumatic-stress-disorder-post-traumatic-stress-disorder-post-traumatic-stress-syndrome-posttraumatic-stress-disorder","33":"tag-salud","34":"tag-spain","35":"tag-teenage","36":"tag-teenager","37":"tag-teens"},"share_on_mastodon":{"url":"","error":""},"_links":{"self":[{"href":"https:\/\/www.europesays.com\/es\/wp-json\/wp\/v2\/posts\/185193","targetHints":{"allow":["GET"]}}],"collection":[{"href":"https:\/\/www.europesays.com\/es\/wp-json\/wp\/v2\/posts"}],"about":[{"href":"https:\/\/www.europesays.com\/es\/wp-json\/wp\/v2\/types\/post"}],"author":[{"embeddable":true,"href":"https:\/\/www.europesays.com\/es\/wp-json\/wp\/v2\/users\/2"}],"replies":[{"embeddable":true,"href":"https:\/\/www.europesays.com\/es\/wp-json\/wp\/v2\/comments?post=185193"}],"version-history":[{"count":0,"href":"https:\/\/www.europesays.com\/es\/wp-json\/wp\/v2\/posts\/185193\/revisions"}],"wp:featuredmedia":[{"embeddable":true,"href":"https:\/\/www.europesays.com\/es\/wp-json\/wp\/v2\/media\/185194"}],"wp:attachment":[{"href":"https:\/\/www.europesays.com\/es\/wp-json\/wp\/v2\/media?parent=185193"}],"wp:term":[{"taxonomy":"category","embeddable":true,"href":"https:\/\/www.europesays.com\/es\/wp-json\/wp\/v2\/categories?post=185193"},{"taxonomy":"post_tag","embeddable":true,"href":"https:\/\/www.europesays.com\/es\/wp-json\/wp\/v2\/tags?post=185193"}],"curies":[{"name":"wp","href":"https:\/\/api.w.org\/{rel}","templated":true}]}}