{"id":185195,"date":"2025-10-18T14:38:11","date_gmt":"2025-10-18T14:38:11","guid":{"rendered":"https:\/\/www.europesays.com\/es\/185195\/"},"modified":"2025-10-18T14:38:11","modified_gmt":"2025-10-18T14:38:11","slug":"la-reina-sofia-comprometida-con-la-musica-un-maxicollar-para-elevar-el-look-y-su-broche-mas-melomano","status":"publish","type":"post","link":"https:\/\/www.europesays.com\/es\/185195\/","title":{"rendered":"La reina Sof\u00eda, comprometida con la m\u00fasica: un maxicollar para elevar el &#8216;look&#8217; y su broche m\u00e1s mel\u00f3mano"},"content":{"rendered":"<p>La <a href=\"https:\/\/www.revistavanityfair.es\/tags\/sofia-de-grecia\" rel=\"nofollow noopener\" target=\"_blank\">reina Sof\u00eda<\/a> ha cerrado la semana disfrutando de una de sus grandes pasiones: la <a href=\"https:\/\/www.revistavanityfair.es\/tags\/musica\" isautogenerated=\"true\" rel=\"nofollow noopener\" target=\"_blank\">m\u00fasica<\/a>. Muy sonriente y cari\u00f1osa con el p\u00fablico, ha presidido en el Teatro Monumental de Madrid el estreno de la obra Metalepsis, del compositor valenciano <strong>Josep Planells Schiaffino,<\/strong> ganadora del XLII Premio Reina Sof\u00eda de Composici\u00f3n Musical. Una pieza de 20 minutos llena de contrastes que interpret\u00f3 por la Orquesta Sinf\u00f3nica <a href=\"https:\/\/www.revistavanityfair.es\/tags\/rtve\" isautogenerated=\"true\" rel=\"nofollow noopener\" target=\"_blank\">RTVE<\/a> bajo la direcci\u00f3n de\u00a0<strong>Christoph K\u00f6nig<\/strong>, y que desde ahora se incorpora al repertorio de la Joven Orquesta Nacional de Espa\u00f1a (JONDE)\u00a0en su gira 2025\u20132026.<\/p>\n<p><img decoding=\"async\" alt=\"reina sofi\u0301a\" loading=\"lazy\" class=\"ResponsiveImageContainer-eNxvmU cfBbTk responsive-image__image\"   src=\"https:\/\/www.europesays.com\/es\/wp-content\/uploads\/2025\/10\/G3fJHsfXYAAnjQ6.jpeg\"\/><\/p>\n<p>La reina Sof\u00eda, en el Teatro Monumental de Madrid .<\/p>\n<p>Casa Real<\/p>\n<p>Tras el concierto, la reina, acompa\u00f1ada por <strong>Sergi Ferrer-Salat<\/strong>, presidente de la Fundaci\u00f3 Ferrer de M\u00fasica, ha entregado al compositor su premio, un galard\u00f3n dotado con 100.000 euros, el de mayor cuant\u00eda de <a href=\"https:\/\/www.revistavanityfair.es\/tags\/europa\" isautogenerated=\"true\" rel=\"nofollow noopener\" target=\"_blank\">Europa<\/a> en su categor\u00eda y un referente de prestigio internacional.<\/p>\n<p><img decoding=\"async\" alt=\"reina sofi\u0301a\" loading=\"lazy\" class=\"ResponsiveImageContainer-eNxvmU cfBbTk responsive-image__image\"   src=\"https:\/\/www.europesays.com\/es\/wp-content\/uploads\/2025\/10\/reina%20sofi%CC%81a.jpeg\"\/><\/p>\n<p>La reina em\u00e9rita entrega el galard\u00f3n al compositor Josep Planells Schiaffino.<\/p>\n<p>Casa Real<\/p>\n","protected":false},"excerpt":{"rendered":"La reina Sof\u00eda ha cerrado la semana disfrutando de una de sus grandes pasiones: la m\u00fasica. Muy sonriente&hellip;\n","protected":false},"author":2,"featured_media":185196,"comment_status":"","ping_status":"","sticky":false,"template":"","format":"standard","meta":{"footnotes":""},"categories":[91],"tags":[146,147,25,24,1887,185,1027,14586,23],"class_list":{"0":"post-185195","1":"post","2":"type-post","3":"status-publish","4":"format-standard","5":"has-post-thumbnail","7":"category-entretenimiento","8":"tag-entertainment","9":"tag-entretenimiento","10":"tag-es","11":"tag-espana","12":"tag-familia-real-espanola","13":"tag-musica","14":"tag-realeza","15":"tag-sofia-de-grecia","16":"tag-spain"},"share_on_mastodon":{"url":"","error":""},"_links":{"self":[{"href":"https:\/\/www.europesays.com\/es\/wp-json\/wp\/v2\/posts\/185195","targetHints":{"allow":["GET"]}}],"collection":[{"href":"https:\/\/www.europesays.com\/es\/wp-json\/wp\/v2\/posts"}],"about":[{"href":"https:\/\/www.europesays.com\/es\/wp-json\/wp\/v2\/types\/post"}],"author":[{"embeddable":true,"href":"https:\/\/www.europesays.com\/es\/wp-json\/wp\/v2\/users\/2"}],"replies":[{"embeddable":true,"href":"https:\/\/www.europesays.com\/es\/wp-json\/wp\/v2\/comments?post=185195"}],"version-history":[{"count":0,"href":"https:\/\/www.europesays.com\/es\/wp-json\/wp\/v2\/posts\/185195\/revisions"}],"wp:featuredmedia":[{"embeddable":true,"href":"https:\/\/www.europesays.com\/es\/wp-json\/wp\/v2\/media\/185196"}],"wp:attachment":[{"href":"https:\/\/www.europesays.com\/es\/wp-json\/wp\/v2\/media?parent=185195"}],"wp:term":[{"taxonomy":"category","embeddable":true,"href":"https:\/\/www.europesays.com\/es\/wp-json\/wp\/v2\/categories?post=185195"},{"taxonomy":"post_tag","embeddable":true,"href":"https:\/\/www.europesays.com\/es\/wp-json\/wp\/v2\/tags?post=185195"}],"curies":[{"name":"wp","href":"https:\/\/api.w.org\/{rel}","templated":true}]}}