{"id":185214,"date":"2025-10-18T14:51:14","date_gmt":"2025-10-18T14:51:14","guid":{"rendered":"https:\/\/www.europesays.com\/es\/185214\/"},"modified":"2025-10-18T14:51:14","modified_gmt":"2025-10-18T14:51:14","slug":"todas-las-estrellas-de-la-nba-de-esta-temporada-i","status":"publish","type":"post","link":"https:\/\/www.europesays.com\/es\/185214\/","title":{"rendered":"Todas las estrellas de la NBA de esta temporada (I)"},"content":{"rendered":"<p>                        Luka Doncic encabeza el cartel de estrellas de la NBA de esta temporada con permiso de LeBron James y los \u00faltimos MVP Shai Gilgeous-Alexander y Nikola Jokic\u00a0\n<\/p>\n<p><img src=\"https:\/\/www.europesays.com\/es\/wp-content\/uploads\/2025\/10\/68ea9a711fa4b.r_d.261-222.jpeg\" data-full-src=\"https:\/\/www.europesays.com\/es\/wp-content\/uploads\/2025\/10\/68ea9a711fa4b.jpeg\" alt=\"-\" width=\"449\" height=\"220\" class=\"nolazy\" decoding=\"async\" fetchpriority=\"high\"\/><\/p>\n<p class=\"caption-title \">&#8211;<\/p>\n<p>Fotomontaje MD<\/p>\n<p>\n                        Actualizado a  18\/10\/2025 08:17 CEST\n                    <\/p>\n<p data-gtm-element-container=\"modulo-texto-link\" class=\"paragraph\">Las noches NBA est\u00e1n al caer y, con ellas, la constelaci\u00f3n de estrellas de cada velada. El nuevo l\u00edder de los Lakers <strong>Luka Doncic<\/strong> y\u00a0 el MVP reinante<strong> Shai Gilgeous-Alexander<\/strong> encienden precisamente las luces en la madrugada del pr\u00f3ximo martes al mi\u00e9rcoles con los Lakers recibiendo a los Warriors de Stephen Curry despu\u00e9s de que los vigentes campeones Oklahoma City Thunder reciban su anillo contra los Houston Rockets.\u00a0<\/p>\n<p data-gtm-element-container=\"modulo-texto-link\" class=\"paragraph\">He aqu\u00ed algunas de las estrellas top de esta temporada 2025\/2026 que est\u00e1 a punto de dar su pistoletazo de salida:\u00a0<\/p>\n<p>            <img loading=\"lazy\" decoding=\"async\" data-full-src=\"https:\/\/www.europesays.com\/es\/wp-content\/uploads\/2025\/10\/68ea9a711fa4b.jpeg\" alt=\"-\" width=\"449\" height=\"220\" src=\"https:\/\/www.europesays.com\/es\/wp-content\/uploads\/2025\/10\/68ea9a711fa4b.r_d.261-222.jpeg\" class=\"lazy\"\/><\/p>\n<p>            1<\/p>\n<p>    El a\u00f1o del ex del Real Madrid<br \/>\nLuka Doncic &#8211; Lakers<\/p>\n<p class=\"module-text\">Ha llegado definitivamente la hora de Luka Doncic. A sus <strong>26 a\u00f1os, <\/strong>el ex del Real Madrid afronta su primera temporada entera con los Lakers habi\u00e9ndose puesto a tono f\u00edsicamente de una vez por todas tras perder en verano, aunque con la inc\u00f3gnita de si podr\u00e1 mantener esta<br \/>forma.<\/p>\n<p>Los de p\u00farpura y oro le han dado las llaves de la franquicia por delante de <strong>LeBron James<\/strong> entre una suculenta renovaci\u00f3n por tres a\u00f1os y 165 millones y no ofrecer nada a The King, quien termina contrato en 2026. Doncic quiere ganar \u201canillos\u201d con los Lakers en plural pero todav\u00eda tiene<br \/>que ganar su primero.<\/p>\n<p>            <img loading=\"lazy\" decoding=\"async\" data-full-src=\"https:\/\/www.mundodeportivo.com\/uploads\/2025\/10\/11\/68ea9a7698ce5.jpeg\" alt=\"-\" width=\"449\" height=\"220\" src=\"https:\/\/www.europesays.com\/es\/wp-content\/uploads\/2025\/10\/68ea9a7698ce5.jpeg\" class=\"lazy\"\/><\/p>\n<p>            2<\/p>\n<p>    \u00bfEl \u00faltimo baile de LeBron?<br \/>\nLeBron James &#8211; Lakers<\/p>\n<p class=\"module-text\">LeBron James est\u00e1 a sus <strong>40 a\u00f1os <\/strong>ante una temporada especialmente vital pues ahora s\u00ed que podr\u00eda ser su \u00faltima, sin contrato m\u00e1s all\u00e1 de 2026.\u00a0<\/p>\n<p>Todav\u00eda estrella con todas las de la ley por n\u00fameros, The King batir\u00e1 el r\u00e9cord absoluto de temporadas de un solo jugador en la NBA siendo este su a\u00f1o n\u00famero 23. Una plusmarca m\u00e1s para discutirle a <strong>Michael Jordan<\/strong> el trono de mejor de todos los tiempos.\u00a0<br \/>\u200b<br \/>\u200bSin embargo, s\u00edntoma inequ\u00edvoco del inexorable del paso del tiempo, LeBron se perder\u00e1 por primera vez en su carrera un primer partido por un problema de ci\u00e1tica y estar\u00e1 por lo menos unas dos semanas m\u00e1s de baja.\u00a0 Y ha dicho indirectamente que durante este periodo sin jugar estar\u00e1 muy atento a c\u00f3mo se desempe\u00f1an estos Lakers para tomar una decisi\u00f3n. <strong>\u00bfOtra amenaza vac\u00eda de The King?<\/strong><\/p>\n<p>            <img loading=\"lazy\" decoding=\"async\" data-full-src=\"https:\/\/www.mundodeportivo.com\/uploads\/2025\/10\/11\/68ea9a7957c37.jpeg\" alt=\"-\" width=\"449\" height=\"220\" src=\"https:\/\/www.europesays.com\/es\/wp-content\/uploads\/2025\/10\/68ea9a7957c37.jpeg\" class=\"lazy\"\/><\/p>\n<p>            3<\/p>\n<p>    Un MVP distinto<br \/>\nShai Gilgeous-Alexander &#8211; Thunder<\/p>\n<p class=\"module-text\">Temporada de confirmaci\u00f3n para el MVP reinante. M\u00e1s que a nivel individual, a nivel colectivo con los vigentes campeones Thunder desafiando el orden establecido en la NBA en esta d\u00e9cada con ning\u00fan equipo siendo capaz de repetir t\u00edtulo.<\/p>\n<p>El canadiense se encuentra en plena madurez a sus <strong>27 a\u00f1os.<\/strong> Con margen de mejora en el triple, Shai es simplemente una estrella distinta con su calma chicha y su infalible dominio desde ese tiro de media distancia ca\u00eddo en desuso.<\/p>\n<p>            <img loading=\"lazy\" decoding=\"async\" data-full-src=\"https:\/\/www.mundodeportivo.com\/uploads\/2025\/10\/11\/68ea9a75e894e.jpeg\" alt=\"-\" width=\"449\" height=\"220\" src=\"https:\/\/www.europesays.com\/es\/wp-content\/uploads\/2025\/10\/68ea9a75e894e.jpeg\" class=\"lazy\"\/><\/p>\n<p>            4<\/p>\n<p>    El mejor jugador del mundo<br \/>\nNikola Jokic &#8211; Nuggets<\/p>\n<p class=\"module-text\">Pese a que Gilgeous-Alexander es el MVP reinante, muchos consideran a Jokic el mejor jugador del planeta, capaz el gigante serbio de dominar desde cualquier faceta y con la intriga de saber si todav\u00eda puede mejorar a\u00fan m\u00e1s sus impresionantes n\u00fameros a sus <strong>30 a\u00f1os.<\/strong><\/p>\n<p>Con Jamal Murray como compa\u00f1ero de d\u00fao una campa\u00f1a m\u00e1s, el <strong>triple MVP<\/strong> persigue su segundo anillo en estos Nuggets en los que la ambici\u00f3n de dinast\u00eda ha quedado algo diluida tras dos adioses seguidos en segunda ronda.<\/p>\n<p>            <img loading=\"lazy\" decoding=\"async\" data-full-src=\"https:\/\/www.mundodeportivo.com\/uploads\/2025\/10\/11\/68ea9a6fbf43f.jpeg\" alt=\"-\" width=\"449\" height=\"220\" src=\"https:\/\/www.europesays.com\/es\/wp-content\/uploads\/2025\/10\/68ea9a6fbf43f.jpeg\" class=\"lazy\"\/><\/p>\n<p>            5<\/p>\n<p>    Erre que erre con el quinto anillo<br \/>\nStephen Curry &#8211; Warriors<\/p>\n<p class=\"module-text\">A sus <strong>37 a\u00f1os<\/strong>, dice Stephen Curry que ni piensa en la retirada. No hay motivo para ello pues el mejor tirador de todos los tiempos sigue estirando su auge y no puede pensar en otra cosa que el quinto anillo.<\/p>\n<p>A su lado, una pareja con el mismo deseo de anillo como un <strong>Jimmy Butler <\/strong>que no ha levantado a\u00fan el trofeo Larry O\u2019Brien a sus 36 a\u00f1os. Y llega otro ilustre como <strong>Al Horford<\/strong> para ser ese p\u00edvot con tiro exterior que tanto han echado de menos los Warriors.\u00a0<\/p>\n<p>Con todo ello, el conjunto de la Bah\u00eda podr\u00eda tener el quinteto titular <strong>m\u00e1s veterano de la historia <\/strong>con 35 a\u00f1os de media entre Curry, Butler, Horford (39), Draymond Green (35) y Buddy Hield (32).\u00a0<\/p>\n<p>            <img loading=\"lazy\" decoding=\"async\" data-full-src=\"https:\/\/www.mundodeportivo.com\/uploads\/2025\/10\/11\/68ea9a71c2171.jpeg\" alt=\"-\" width=\"449\" height=\"220\" src=\"https:\/\/www.europesays.com\/es\/wp-content\/uploads\/2025\/10\/68ea9a71c2171.jpeg\" class=\"lazy\"\/><\/p>\n<p>            6<\/p>\n<p>    Su \u00faltima parada\u00a0<br \/>\nKevin Durant &#8211; Rockets<\/p>\n<p class=\"module-text\">Toda una leyenda en activo a sus <strong>37 a\u00f1os,<\/strong> Durant afronta una nueva etapa en estos Houston Rockets que anhelaban tener una estrella de primera categor\u00eda.\u00a0<\/p>\n<p>Sus cr\u00edticos le reclaman que demuestre su capacidad de ganar un anillo como l\u00edder de un equipo pues los dos que se ha enfundado fueron en los Warriors de Curry con un sistema ya montado.\u00a0<\/p>\n<p>En cualquier caso, KD planea retirarse en Houston.\u00a0 Su actual contrato expira en 2026, pero es elegible para una extensi\u00f3n de dos a\u00f1os y 120 millones. Parece que no habr\u00e1 un \u00faltimo baile en <strong>Europa<\/strong> con el FC Barcelona o el M\u00f3naco de su amigo Mike James.\u00a0<\/p>\n<p>            <img loading=\"lazy\" decoding=\"async\" data-full-src=\"https:\/\/www.mundodeportivo.com\/uploads\/2025\/10\/11\/68ea9a748953f.jpeg\" alt=\"-\" width=\"449\" height=\"220\" src=\"https:\/\/www.europesays.com\/es\/wp-content\/uploads\/2025\/10\/68ea9a748953f.jpeg\" class=\"lazy\"\/><\/p>\n<p>            7<\/p>\n<p>    Una Barba con canas y todav\u00eda sin anillo<br \/>\nJames Harden &#8211; Clippers<\/p>\n<p class=\"module-text\">A sus <strong>36 a\u00f1os<\/strong>, a la barba de James Harden ya le salen canas mientras uno de los jugadores que m\u00e1s ha marcado la NBA en los \u00faltimos 15 a\u00f1os haya podido ganar un anillo. Lejos ya de ese Harden el\u00e9ctrico de los Houston Rockets, la Barba no parece precisamente estar en el mejor entorno en estos Clippers que conforman la plantilla <strong>m\u00e1s vieja <\/strong>de la historia de la NBA con 33 a\u00f1os de media. Adem\u00e1s de Kawhi Leonard y Chris Paul, a ello tambi\u00e9n contribuye un Harden que adem\u00e1s se diluye en los momentos decisivos de los playoffs.<\/p>\n<p>            <img loading=\"lazy\" decoding=\"async\" data-full-src=\"https:\/\/www.mundodeportivo.com\/uploads\/2025\/10\/11\/68ea9a774c089.jpeg\" alt=\"-\" width=\"449\" height=\"220\" src=\"https:\/\/www.europesays.com\/es\/wp-content\/uploads\/2025\/10\/68ea9a774c089.jpeg\" class=\"lazy\"\/><\/p>\n<p>            8<\/p>\n<p>    Estrella a\u00fan de primera\u2026 si est\u00e1 sano<br \/>\nKawhi Leonard &#8211; Clippers<\/p>\n<p class=\"module-text\">Kawhi Leonard puede ser a sus <strong>34 a\u00f1os<\/strong> una estrella de primera categor\u00eda y en ambos lados de la cancha con el asterisco siempre de sus tan <strong>recurrentes lesiones <\/strong>en los \u00faltimos tiempos. Pero la realidad es que Kawhi es la gran esperanza para que los Clippers ganen el primer anillo de<br \/>su historia, el cual ser\u00eda el tercero para Leonard despu\u00e9s de los de Spurs y Raptors.<\/p>\n<p>            <img loading=\"lazy\" decoding=\"async\" data-full-src=\"https:\/\/www.mundodeportivo.com\/uploads\/2025\/10\/11\/68ea9a727a895.jpeg\" alt=\"-\" width=\"449\" height=\"220\" src=\"https:\/\/www.europesays.com\/es\/wp-content\/uploads\/2025\/10\/68ea9a727a895.jpeg\" class=\"lazy\"\/><\/p>\n<p>            9<\/p>\n<p>    No le llaman Michael Jordan a cualquiera<br \/>\nAnthony Edwards &#8211; Timberwolves<\/p>\n<p class=\"module-text\">Anthony Edwards se ha ido haciendo estrella mientras que paralelamente, por estilo de juego y competitividad, Ant-Man ha sido objeto de comparaciones con un <strong>Michael Jordan <\/strong>con el que precisamente se ha reunido este verano.\u00a0\u00a0<\/p>\n<p>Lo cierto es que la versi\u00f3n culmen del veloz y astuto base de <strong>24 a\u00f1os <\/strong>est\u00e1 todav\u00eda por llegar. Y m\u00e1s, despu\u00e9s de que Edwards dijera que nadie iba a trabajar m\u00e1s duro que \u00e9l en verano y a fe que lo ha hecho recibiendo asesoramiento del GOAT para mejorar su juego. Ha liderado a Minnesota a las Finales de Conferencia las dos \u00faltimas temporadas.<\/p>\n<p>            <img loading=\"lazy\" decoding=\"async\" data-full-src=\"https:\/\/www.mundodeportivo.com\/uploads\/2025\/10\/11\/68ea9a6e5db28.jpeg\" alt=\"-\" width=\"449\" height=\"220\" src=\"https:\/\/www.europesays.com\/es\/wp-content\/uploads\/2025\/10\/68ea9a6e5db28.jpeg\" class=\"lazy\"\/><\/p>\n<p>            10<\/p>\n<p>    Rey del mambo sin Durant<br \/>\nDevin Booker &#8211; Suns<\/p>\n<p class=\"module-text\">Uno de los mejores bases de la NBA con su elegante tiro de media distancia y vistoso juego de pies ha visto como los Suns le han dado por completo las riendas del proyecto con el traspaso de <strong>Kevin Durant.<\/strong><\/p>\n<p>Con la idea de ser un sun de por vida, la estrella de casi\u00a0<strong>29 a\u00f1os<\/strong> afronta una temporada vital en un roster sin Durant pero m\u00e1s equilibrado con necesarios jugadores complementarios como el p\u00edvot de Sud\u00e1n del Sur Khaman Maluach, el villano de la NBA Dillon Brooks y el ex del Bar\u00e7a <strong>Nigel Hayes-Davis.<\/strong><\/p>\n<p>Va siendo hora de quitarse la espina de las dolorosas Finales perdidas de <strong>2021 <\/strong>ante los Bucks de Antetokounmpo tras ir 2-0 arriba.<\/p>\n<p>    Lee tambi\u00e9n<\/p>\n<p data-gtm-element-container=\"modulo-texto-link\" class=\"paragraph\">Seguro que echar\u00e1s en falta varios nombres en esta lista. Y es que hay tantas estrellas en la NBA y sin ir m\u00e1s lejos en el mismo Oeste del que hemos hablado hoy que da para hablar dos d\u00edas de todas ellas. Ma\u00f1ana, otro an\u00e1lisis al detalle del resto.\u00a0<\/p>\n<p>\n        Mostrar comentarios\n    <\/p>\n<p>{\u00aballowComment\u00bb:\u00bballowed\u00bb,\u00bbarticleId\u00bb:\u00bbarticle-1002549161&#8243;,\u00bburl\u00bb:\u00bbhttps:\\\/\\\/www.mundodeportivo.com\\\/baloncesto\\\/20251012\\\/1002549161\\\/todas-estrellas-nba.html\u00bb,\u00bblivefyre-url\u00bb:\u00bbarticle-1002549161&#8243;}<\/p>\n<p>Cargando siguiente contenido&#8230;\n                <\/p>\n","protected":false},"excerpt":{"rendered":"Luka Doncic encabeza el cartel de estrellas de la NBA de esta temporada con permiso de LeBron James&hellip;\n","protected":false},"author":2,"featured_media":185215,"comment_status":"","ping_status":"","sticky":false,"template":"","format":"standard","meta":{"footnotes":""},"categories":[269],"tags":[299,298,168,25,24,23,167],"class_list":{"0":"post-185214","1":"post","2":"type-post","3":"status-publish","4":"format-standard","5":"has-post-thumbnail","7":"category-baloncesto","8":"tag-baloncesto","9":"tag-basketball","10":"tag-deportes","11":"tag-es","12":"tag-espana","13":"tag-spain","14":"tag-sports"},"share_on_mastodon":{"url":"","error":""},"_links":{"self":[{"href":"https:\/\/www.europesays.com\/es\/wp-json\/wp\/v2\/posts\/185214","targetHints":{"allow":["GET"]}}],"collection":[{"href":"https:\/\/www.europesays.com\/es\/wp-json\/wp\/v2\/posts"}],"about":[{"href":"https:\/\/www.europesays.com\/es\/wp-json\/wp\/v2\/types\/post"}],"author":[{"embeddable":true,"href":"https:\/\/www.europesays.com\/es\/wp-json\/wp\/v2\/users\/2"}],"replies":[{"embeddable":true,"href":"https:\/\/www.europesays.com\/es\/wp-json\/wp\/v2\/comments?post=185214"}],"version-history":[{"count":0,"href":"https:\/\/www.europesays.com\/es\/wp-json\/wp\/v2\/posts\/185214\/revisions"}],"wp:featuredmedia":[{"embeddable":true,"href":"https:\/\/www.europesays.com\/es\/wp-json\/wp\/v2\/media\/185215"}],"wp:attachment":[{"href":"https:\/\/www.europesays.com\/es\/wp-json\/wp\/v2\/media?parent=185214"}],"wp:term":[{"taxonomy":"category","embeddable":true,"href":"https:\/\/www.europesays.com\/es\/wp-json\/wp\/v2\/categories?post=185214"},{"taxonomy":"post_tag","embeddable":true,"href":"https:\/\/www.europesays.com\/es\/wp-json\/wp\/v2\/tags?post=185214"}],"curies":[{"name":"wp","href":"https:\/\/api.w.org\/{rel}","templated":true}]}}