{"id":185220,"date":"2025-10-18T14:54:12","date_gmt":"2025-10-18T14:54:12","guid":{"rendered":"https:\/\/www.europesays.com\/es\/185220\/"},"modified":"2025-10-18T14:54:12","modified_gmt":"2025-10-18T14:54:12","slug":"animan-a-visitar-en-albacete-la-exposicion-premios-de-arquitectura","status":"publish","type":"post","link":"https:\/\/www.europesays.com\/es\/185220\/","title":{"rendered":"Animan a visitar en Albacete la exposici\u00f3n \u2018Premios de Arquitectura\u2019"},"content":{"rendered":"<p>La concejala de Cultura, Elena Serrall\u00e9, ha participado en la inauguraci\u00f3n de la exposici\u00f3n \u2018Premios de arquitectura 2025\u2019 en la Demarcaci\u00f3n albacete\u00f1a del Colegio de Arquitectos de Castilla-La Mancha.<\/p>\n<p><img loading=\"lazy\" decoding=\"async\" width=\"1200\" height=\"675\" src=\"https:\/\/www.europesays.com\/es\/wp-content\/uploads\/2025\/10\/1000337386.jpg\" alt=\"\" class=\"wp-image-1084343\"  \/>Exposici\u00f3n \u2018Premios de Arquitectura\u2019\/ Ayto. Albacete<\/p>\n<p>La muestra permanecer\u00e1 abierta al p\u00fablico hasta el 11 de noviembre en la sede colegial de los arquitectos de la calle Mart\u00ednez Villena 7, y la edil ha animado a los albacete\u00f1os a visitarla \u201cpara conocer los proyectos m\u00e1s destacados e interesantes del apasionante mundo de la arquitectura, en su tarea de construir nuevos espacios desde una perspectiva humana y sostenible\u201d.\u00a0<\/p>\n<p><img loading=\"lazy\" decoding=\"async\" width=\"1200\" height=\"675\" src=\"https:\/\/www.europesays.com\/es\/wp-content\/uploads\/2025\/10\/1000337394.jpg\" alt=\"\" class=\"wp-image-1084344\"  \/>Exposici\u00f3n \u2018Premios de Arquitectura\u2019\/ Ayto. Albacete<\/p>\n<p>La concejala ha felicitado al decano Eduardo Mascagni Valero por su actividad para la defensa y promoci\u00f3n de la profesi\u00f3n, y de manera muy especial por esta exposici\u00f3n \u201cque va a permitir a los ciudadanos conocer de primera mano estos grandes proyectos dignos de ser premiados, tanto en la construcci\u00f3n como en la rehabilitaci\u00f3n y el planeamiento, que est\u00e1n contribuyendo sin duda a construir un mejor progreso para nuestra tierra\u201d.<\/p>\n","protected":false},"excerpt":{"rendered":"La concejala de Cultura, Elena Serrall\u00e9, ha participado en la inauguraci\u00f3n de la exposici\u00f3n \u2018Premios de arquitectura 2025\u2019&hellip;\n","protected":false},"author":2,"featured_media":185221,"comment_status":"","ping_status":"","sticky":false,"template":"","format":"standard","meta":{"footnotes":""},"categories":[173],"tags":[2545,229,233,231,230,232,234,146,147,25,24,23],"class_list":{"0":"post-185220","1":"post","2":"type-post","3":"status-publish","4":"format-standard","5":"has-post-thumbnail","7":"category-arte-y-diseno","8":"tag-albacete","9":"tag-arte","10":"tag-arte-y-diseno","11":"tag-arts","12":"tag-arts-and-design","13":"tag-design","14":"tag-diseno","15":"tag-entertainment","16":"tag-entretenimiento","17":"tag-es","18":"tag-espana","19":"tag-spain"},"share_on_mastodon":{"url":"","error":""},"_links":{"self":[{"href":"https:\/\/www.europesays.com\/es\/wp-json\/wp\/v2\/posts\/185220","targetHints":{"allow":["GET"]}}],"collection":[{"href":"https:\/\/www.europesays.com\/es\/wp-json\/wp\/v2\/posts"}],"about":[{"href":"https:\/\/www.europesays.com\/es\/wp-json\/wp\/v2\/types\/post"}],"author":[{"embeddable":true,"href":"https:\/\/www.europesays.com\/es\/wp-json\/wp\/v2\/users\/2"}],"replies":[{"embeddable":true,"href":"https:\/\/www.europesays.com\/es\/wp-json\/wp\/v2\/comments?post=185220"}],"version-history":[{"count":0,"href":"https:\/\/www.europesays.com\/es\/wp-json\/wp\/v2\/posts\/185220\/revisions"}],"wp:featuredmedia":[{"embeddable":true,"href":"https:\/\/www.europesays.com\/es\/wp-json\/wp\/v2\/media\/185221"}],"wp:attachment":[{"href":"https:\/\/www.europesays.com\/es\/wp-json\/wp\/v2\/media?parent=185220"}],"wp:term":[{"taxonomy":"category","embeddable":true,"href":"https:\/\/www.europesays.com\/es\/wp-json\/wp\/v2\/categories?post=185220"},{"taxonomy":"post_tag","embeddable":true,"href":"https:\/\/www.europesays.com\/es\/wp-json\/wp\/v2\/tags?post=185220"}],"curies":[{"name":"wp","href":"https:\/\/api.w.org\/{rel}","templated":true}]}}