{"id":185240,"date":"2025-10-18T15:07:08","date_gmt":"2025-10-18T15:07:08","guid":{"rendered":"https:\/\/www.europesays.com\/es\/185240\/"},"modified":"2025-10-18T15:07:08","modified_gmt":"2025-10-18T15:07:08","slug":"el-cangas-se-mide-con-el-colider-torrelavega","status":"publish","type":"post","link":"https:\/\/www.europesays.com\/es\/185240\/","title":{"rendered":"El Cangas se mide con el col\u00edder Torrelavega"},"content":{"rendered":"<p class=\"paragraph-atom &#10;        B-500-300-700-N B-550-300-700-N--md  \">No ha empezado bien la etapa de Quique Dom\u00ednguez al frente del <a href=\"https:\/\/www.atlantico.net\/temas\/club-balonmano-cangas\/\" rel=\"nofollow noopener\" target=\"_blank\"><strong>Balonm\u00e1n Cangas<\/strong><\/a><strong>.<\/strong> El equipo morracense<strong> s\u00f3lo ha sumado dos puntos en las cinco primeras jornadas <\/strong>y el partido perdido (29-34) el pasado fin de semana ante el Guadalajara, que llegaba a O Gata\u00f1al como colista y con pleno de derrotas, lo ha dejado en el furg\u00f3n de cola de la clasificaci\u00f3n con otros cinco clubes. Por ello, necesita una victoria cuanto antes y la primera oportunidad la tiene hoy mismo (20:30 horas) en la pista del Bathco Torrelavega.<\/p>\n<p class=\"paragraph-atom &#10;        B-500-300-700-N B-550-300-700-N--md  \">El conjunto c\u00e1ntabro, otro modesto de la Liga Asobal, ha tomado el camino opuesto al de los cangueses. Despu\u00e9s de cinco jornadas, figura en el segundo puesto de la clasificaci\u00f3n con los mismos puntos (9) que el l\u00edder, el Bidasoa Ir\u00fan, tras conseguir cuatro victorias y un empate en esos cinco encuentros anteriores.<\/p>\n<p class=\"paragraph-atom &#10;        B-500-300-700-N B-550-300-700-N--md  \">As\u00ed pues, el Cangas deber\u00e1 emplearse a fondo y tener un buen d\u00eda para derrotar a un <strong>rival que saca provecho de la continuidad que ha dado a su plantilla. <\/strong>Porque el Bathco Torrelavega consigui\u00f3 retener a casi todos los jugadores de la pasada campa\u00f1a, con las \u00fanicas excepciones de Guilherme Linhares y Asier Pedroarena, ambos fichados por equipos de Divisi\u00f3n de Honor Plata. Adem\u00e1s, se ha reforzado con la llegada de Andr\u00e9s Moyano, James Junior Scott y Carlos G\u00f3mez, que han dado todav\u00eda m\u00e1s solidez al equipo de Jacobo Cu\u00e9tara.<\/p>\n<p class=\"paragraph-atom &#10;        B-500-300-700-N B-550-300-700-N--md  \">La <strong>\u00fanica baja en el cuadro c\u00e1ntabro, de larga duraci\u00f3n, es la de Nicolai Colunga,<\/strong> que se produjo una fractura en el brazo derecho en la primera jornada de liga al sufrir una aparatosa ca\u00edda tras marcar el gol que dio la victoria a su equipo en Cuenca (28-29). Logro\u00f1o La Rioja, Horneo Eon Alicante y Villa de Aranda han sido las otras tres v\u00edctimas de un Torrelavega que empat\u00f3 con el Recoletas Atl\u00e9tico Valladolid en la cuarta jornada.<\/p>\n<p class=\"paragraph-atom &#10;        B-500-300-700-N B-550-300-700-N--md  \">El <strong>Cangas necesitar\u00e1 una mejora radical para sacar adelante el encuentro,<\/strong> aunque el t\u00e9cnico local, Jacobo Cu\u00e9tara, no se f\u00eda: \u201cEl estilo de Quique (Dom\u00ednguez) es muy vistoso, r\u00e1pido y competitivo; lleva tiempo acoplarse, pero estoy seguro de que acabar\u00e1 sacando el mejor rendimiento a su equipo\u201d.<\/p>\n","protected":false},"excerpt":{"rendered":"No ha empezado bien la etapa de Quique Dom\u00ednguez al frente del Balonm\u00e1n Cangas. El equipo morracense s\u00f3lo&hellip;\n","protected":false},"author":2,"featured_media":185241,"comment_status":"","ping_status":"","sticky":false,"template":"","format":"standard","meta":{"footnotes":""},"categories":[278],"tags":[376,2903,52253,168,25,24,375,7295,23,167,10956],"class_list":{"0":"post-185240","1":"post","2":"type-post","3":"status-publish","4":"format-standard","5":"has-post-thumbnail","7":"category-balonmano","8":"tag-balonmano","9":"tag-cangas","10":"tag-colider","11":"tag-deportes","12":"tag-es","13":"tag-espana","14":"tag-handball","15":"tag-mide","16":"tag-spain","17":"tag-sports","18":"tag-torrelavega"},"share_on_mastodon":{"url":"","error":""},"_links":{"self":[{"href":"https:\/\/www.europesays.com\/es\/wp-json\/wp\/v2\/posts\/185240","targetHints":{"allow":["GET"]}}],"collection":[{"href":"https:\/\/www.europesays.com\/es\/wp-json\/wp\/v2\/posts"}],"about":[{"href":"https:\/\/www.europesays.com\/es\/wp-json\/wp\/v2\/types\/post"}],"author":[{"embeddable":true,"href":"https:\/\/www.europesays.com\/es\/wp-json\/wp\/v2\/users\/2"}],"replies":[{"embeddable":true,"href":"https:\/\/www.europesays.com\/es\/wp-json\/wp\/v2\/comments?post=185240"}],"version-history":[{"count":0,"href":"https:\/\/www.europesays.com\/es\/wp-json\/wp\/v2\/posts\/185240\/revisions"}],"wp:featuredmedia":[{"embeddable":true,"href":"https:\/\/www.europesays.com\/es\/wp-json\/wp\/v2\/media\/185241"}],"wp:attachment":[{"href":"https:\/\/www.europesays.com\/es\/wp-json\/wp\/v2\/media?parent=185240"}],"wp:term":[{"taxonomy":"category","embeddable":true,"href":"https:\/\/www.europesays.com\/es\/wp-json\/wp\/v2\/categories?post=185240"},{"taxonomy":"post_tag","embeddable":true,"href":"https:\/\/www.europesays.com\/es\/wp-json\/wp\/v2\/tags?post=185240"}],"curies":[{"name":"wp","href":"https:\/\/api.w.org\/{rel}","templated":true}]}}