{"id":185246,"date":"2025-10-18T15:12:07","date_gmt":"2025-10-18T15:12:07","guid":{"rendered":"https:\/\/www.europesays.com\/es\/185246\/"},"modified":"2025-10-18T15:12:07","modified_gmt":"2025-10-18T15:12:07","slug":"smartlog-empieza-a-caminar-en-onati","status":"publish","type":"post","link":"https:\/\/www.europesays.com\/es\/185246\/","title":{"rendered":"Smartlog empieza a caminar en O\u00f1ati"},"content":{"rendered":"<p>Dos de los diecinueve corredores comprometidos con el nuevo equipo ciclista aficionado Smartlog ya han comenzado a trabajar a media jornada en la empresa patrocinadora  &#8230; del proyecto impulsado por Jon Odriozola, que ver\u00e1 la luz la pr\u00f3xima temporada. Uno es ingeniero y el otro pertenece al equipo de marketing.<\/p>\n<p class=\"v-p\">Adem\u00e1s de iniciar una etapa laboral y seguir con su formaci\u00f3n en la empresa, estos dos j\u00f3venes pedalear\u00e1n junto a sus diecisiete compa\u00f1eros a la b\u00fasqueda de una progresi\u00f3n deportiva y, por qu\u00e9 no, triunfos en la carretera. Todos se han reunido este fin de semana en O\u00f1ati para llevar a cabo una salida monta\u00f1era el s\u00e1bado por la ma\u00f1ana, rematada con una comida en la sociedad Larrain Gain, en un paraje precioso. Han tenido la oportunidad de entablar relaci\u00f3n entre ellos y conocer a directivos de Smartlog como el CEO Xabier Zubizarreta y el directivo Aitor Elorza. De momento Smartlog ha oficializado los nombres de siete de los integrantes de su plantilla ciclista, que proceden del campo juvenil: los guipuzcoanos Hodei Salaberria, Unax Otegi y Aratz Unanue, los navarros Markel Fern\u00e1ndez y Aimar Lacasta, el vizca\u00edno Josu Odriozola y el alav\u00e9s Hegoi Arenaza. <\/p>\n<p class=\"v-p\">Odriozola tiene clara la filosof\u00eda del grupo que gestionar\u00e1 durante los pr\u00f3ximos cinco a\u00f1os, periodo por el que Smartlog se ha comprometido a apoyar este plan \u00abintegral\u00bb en palabras de su m\u00e1ximo responsable deportivo. \u00abCada corredor tiene su recorrido. Hay quienes llevan una progresi\u00f3n m\u00e1s pausada y est\u00e1n comprometidos a nivel de estudios. Somos conscientes de que la madurez como ciclista no les llega a todos al mismo tiempo\u00bb.<\/p>\n<p class=\"v-p\">\u00abQue dos de nuestros corredores hayan empezado ya a trabajar en Smartlog es una demostraci\u00f3n de intenciones y la confirmaci\u00f3n de lo que planteamos cuando en abril presentamos el proyecto\u00bb, a\u00f1ade Jon Odriozola, que echa a andar con \u00abuna plantilla con j\u00f3venes entre 18 y 24 a\u00f1os. Siete de ellos saltan de juveniles a la nueva categor\u00eda. Disponemos de un grupo amplio de sub-23 e incorporamos a dos \u00e9lites que nos ayudar\u00e1n a dar presencia al equipo\u00bb.<\/p>\n<p class=\"v-p\">En cuanto a la procedencia de los corredores, recalca el exciclista o\u00f1atiarra que \u00abtenemos guipuzcoanos, vizca\u00ednos, alaveses y navarros. Es un proyecto de Euskal Herria y como tal partimos\u00bb. Asimismo, han intentado atraer a alg\u00fan corredor procedente de Iparralde.<\/p>\n<p class=\"v-p\">Jon Odriozola se encarga de la coordinaci\u00f3n de los distintos apartados, I\u00f1aki Mugarza ejerce de director deportivo, David Latasa llevar\u00e1 las riendas en la zona de Navarra y otro exciclista, el arrasatearra Enrique Alonso, es el responsable del tema econ\u00f3mico y financiero. Xabi Irazu es el preparador f\u00edsico y Unai Azkune, el nutricionista. <\/p>\n<p class=\"v-p\">Y de forma paralela a la confecci\u00f3n del equipo ciclista, la empresa Smartlog se halla embarcada en la construcci\u00f3n en la propia Urretxu de una nave que espera terminar para mayo y en \u00abcuyo tercer piso instalar\u00e1 un centro de alto rendimiento\u00bb, apunta Odriozola. \u00abAll\u00ed haremos los estudios de biomec\u00e1nica y las pruebas de esfuerzo. Adem\u00e1s, el preparador y el nutricionista tendr\u00e1n sus propias salas para atender a los corredores. Mientras tanto, funcionaremos en la actual sede de la compa\u00f1\u00eda\u00bb.<\/p>\n","protected":false},"excerpt":{"rendered":"Dos de los diecinueve corredores comprometidos con el nuevo equipo ciclista aficionado Smartlog ya han comenzado a trabajar&hellip;\n","protected":false},"author":2,"featured_media":185247,"comment_status":"","ping_status":"","sticky":false,"template":"","format":"standard","meta":{"footnotes":""},"categories":[273],"tags":[10261,313,312,168,7954,25,24,49658,52254,23,167],"class_list":{"0":"post-185246","1":"post","2":"type-post","3":"status-publish","4":"format-standard","5":"has-post-thumbnail","7":"category-ciclismo","8":"tag-caminar","9":"tag-ciclismo","10":"tag-cycling","11":"tag-deportes","12":"tag-empieza","13":"tag-es","14":"tag-espana","15":"tag-onati","16":"tag-smartlog","17":"tag-spain","18":"tag-sports"},"share_on_mastodon":{"url":"","error":""},"_links":{"self":[{"href":"https:\/\/www.europesays.com\/es\/wp-json\/wp\/v2\/posts\/185246","targetHints":{"allow":["GET"]}}],"collection":[{"href":"https:\/\/www.europesays.com\/es\/wp-json\/wp\/v2\/posts"}],"about":[{"href":"https:\/\/www.europesays.com\/es\/wp-json\/wp\/v2\/types\/post"}],"author":[{"embeddable":true,"href":"https:\/\/www.europesays.com\/es\/wp-json\/wp\/v2\/users\/2"}],"replies":[{"embeddable":true,"href":"https:\/\/www.europesays.com\/es\/wp-json\/wp\/v2\/comments?post=185246"}],"version-history":[{"count":0,"href":"https:\/\/www.europesays.com\/es\/wp-json\/wp\/v2\/posts\/185246\/revisions"}],"wp:featuredmedia":[{"embeddable":true,"href":"https:\/\/www.europesays.com\/es\/wp-json\/wp\/v2\/media\/185247"}],"wp:attachment":[{"href":"https:\/\/www.europesays.com\/es\/wp-json\/wp\/v2\/media?parent=185246"}],"wp:term":[{"taxonomy":"category","embeddable":true,"href":"https:\/\/www.europesays.com\/es\/wp-json\/wp\/v2\/categories?post=185246"},{"taxonomy":"post_tag","embeddable":true,"href":"https:\/\/www.europesays.com\/es\/wp-json\/wp\/v2\/tags?post=185246"}],"curies":[{"name":"wp","href":"https:\/\/api.w.org\/{rel}","templated":true}]}}