{"id":185269,"date":"2025-10-18T15:24:11","date_gmt":"2025-10-18T15:24:11","guid":{"rendered":"https:\/\/www.europesays.com\/es\/185269\/"},"modified":"2025-10-18T15:24:11","modified_gmt":"2025-10-18T15:24:11","slug":"una-boda-intima-emotiva-y-con-acento-familiar","status":"publish","type":"post","link":"https:\/\/www.europesays.com\/es\/185269\/","title":{"rendered":"una boda \u00edntima, emotiva y con acento familiar"},"content":{"rendered":"<p style=\"\">Sanl\u00facar de Barrameda ha sido el escenario de una de las bodas m\u00e1s esperadas de oto\u00f1o. <a href=\"https:\/\/www.abc.es\/play\/alberto-herrera-soldado-servicio-carlos-herrera-20250909162712-nt.html\" target=\"_self\" data-voc-vtm-id=\"in-text-traffic\" title=\"Alberto Herrera\" data-mrf-link=\"www.abc.es\" rel=\"nofollow noopener\">Alberto Herrera<\/a>, hijo de los periodistas Carlos Herrera y Maril\u00f3 Montero, se ha dado el &#8216;s\u00ed, quiero&#8217; con su pareja, Blanca Llandres, en una ceremonia cargada de tradici\u00f3n  &#8230; y elegancia. <\/p>\n<p class=\"voc-p\" style=\"\">El enlace se llev\u00f3 a cabo en la Bas\u00edlica Menor de Nuestra Se\u00f1ora de la Caridad, donde los reci\u00e9n casados reunieron a sus familiares y amigos para sellar su historia de amor. Blanca lleg\u00f3 del brazo de su padrino, visiblemente emocionada luciendo un vestido de Nicol\u00e1s Montenegro y un ramo en tonos morados y granates.  En tanto, Alberto lleg\u00f3 al altar acompa\u00f1ado de su madre y madrina, <a href=\"https:\/\/www.abc.es\/sevilla\/ciudad\/marilo-montero-reencuentra-carlos-herrera-motivo-inicio-20251006153655-nts.html\" target=\"_self\" data-voc-vtm-id=\"in-text-traffic\" title=\"Maril\u00f3 Montero\" data-mrf-link=\"www.abc.es\" rel=\"nofollow noopener\">Maril\u00f3 Montero<\/a>, quien no pudo evitar la emoci\u00f3n al ver a su hijo dar este paso tan importante en su vida. <\/p>\n<p class=\"voc-p\" style=\"\">Entre los asistentes m\u00e1s esperados se encontraba el padre del novio, Carlos Herrera, que lleg\u00f3 acompa\u00f1ado de su mujer, Pepa Gea. \u00abHe hablado con \u00e9l, no lo he notado muy nervioso\u00bb, comparti\u00f3 el periodista con la prensa, quien adem\u00e1s no escatim\u00f3 en elogios hacia su nuera: \u00abBlanca es una maravillosa persona, se han juntado dos buenas personas. Y vamos a esperar que el que nazca sea tambi\u00e9n muy buena persona\u00bb, dijo, refiri\u00e9ndose al primer hijo del matrimonio, que est\u00e1 en camino.<\/p>\n<p class=\"voc-p\" style=\"\">Otros de los invitados a la ceremonia fueron <strong>Jos\u00e9 Manuel Soto<\/strong> y su mujer, <strong>Pilar Parejo <\/strong>y las primas de Blanca, <strong>Lourdes y Sibi Montes<\/strong>, que derrocharon estilo y simpat\u00eda a su llegada. Tambi\u00e9n acudieron amigos de los padres del novio, como Goyo Gonz\u00e1lez y su esposa, Sara Garc\u00eda, grandes compa\u00f1eros de los a\u00f1os televisivos de Maril\u00f3 Montero y Carlos Herrera junto al recordado Jes\u00fas Hermida.<\/p>\n<p><img decoding=\"async\" loading=\"lazy\" src=\"https:\/\/www.europesays.com\/es\/wp-content\/uploads\/2025\/10\/lourdes-montes-boda-alberto-U54123647112gdQ-760x427@diario_abc.jpg\" class=\"voc-img\" width=\"760\" height=\"427\" alt=\"Lourdes Montes\" data-voc-vtm-id=\"in-text-traffic\"\/><\/p>\n<p>Lourdes Montes<\/p>\n<p>GTRES<\/p>\n<p><img decoding=\"async\" loading=\"lazy\" src=\"https:\/\/www.europesays.com\/es\/wp-content\/uploads\/2025\/10\/novio-boda-carlos-herrera-U43003000185XWa-760x427@diario_abc.jpg\" class=\"voc-img\" width=\"760\" height=\"427\" alt=\"Alberto Herrera y Blanca Llandres\" data-voc-vtm-id=\"in-text-traffic\"\/><\/p>\n<p>Alberto Herrera y Blanca Llandres<\/p>\n<p>GTRES<\/p>\n<p><img decoding=\"async\" loading=\"lazy\" src=\"https:\/\/www.europesays.com\/es\/wp-content\/uploads\/2025\/10\/DL_u593222_008b-U54853787824boR-760x427@diario_abc.jpg\" class=\"voc-img\" width=\"760\" height=\"427\" alt=\"Carlos Herrera y Pepa Gea\" data-voc-vtm-id=\"in-text-traffic\"\/><\/p>\n<p>Carlos Herrera y Pepa Gea<\/p>\n<p>GTRES<\/p>\n<p class=\"voc-p\" style=\"\">Tras la ceremonia, los reci\u00e9n casados y sus invitados se desplazaron a la Finca Marbella, propiedad de Teresa de la Cierva, donde tuvo lugar el banquete y la posterior fiesta. Un entorno cuidado al detalle, con una ambientaci\u00f3n que mezclaba lo cl\u00e1sico y lo campestre, en una jornada en la que se respiraba felicidad, cari\u00f1o y muchas ganas de celebrar.<\/p>\n<p class=\"voc-p\" style=\"\">El enlace de Alberto Herrera y Blanca Llandres ha unido dos familias muy queridas y ha dejado im\u00e1genes para el recuerdo: la emoci\u00f3n de los padres, el brillo de la novia y la complicidad de una pareja que comienza su nueva etapa con la misma serenidad con la que pronunciaron su \u00abs\u00ed, quiero\u00bb.<\/p>\n","protected":false},"excerpt":{"rendered":"Sanl\u00facar de Barrameda ha sido el escenario de una de las bodas m\u00e1s esperadas de oto\u00f1o. Alberto Herrera,&hellip;\n","protected":false},"author":2,"featured_media":185270,"comment_status":"","ping_status":"","sticky":false,"template":"","format":"standard","meta":{"footnotes":""},"categories":[91],"tags":[16850,9125,1733,52257,386,3158,10187,146,147,25,24,17002,2140,36551,34798,24792,52256,23],"class_list":{"0":"post-185269","1":"post","2":"type-post","3":"status-publish","4":"format-standard","5":"has-post-thumbnail","7":"category-entretenimiento","8":"tag-acento","9":"tag-alberto","10":"tag-amor","11":"tag-barrameda","12":"tag-blanca","13":"tag-boda","14":"tag-emotiva","15":"tag-entertainment","16":"tag-entretenimiento","17":"tag-es","18":"tag-espana","19":"tag-familiar","20":"tag-herrera","21":"tag-intima","22":"tag-llandres","23":"tag-sanlucar","24":"tag-sellan","25":"tag-spain"},"share_on_mastodon":{"url":"","error":""},"_links":{"self":[{"href":"https:\/\/www.europesays.com\/es\/wp-json\/wp\/v2\/posts\/185269","targetHints":{"allow":["GET"]}}],"collection":[{"href":"https:\/\/www.europesays.com\/es\/wp-json\/wp\/v2\/posts"}],"about":[{"href":"https:\/\/www.europesays.com\/es\/wp-json\/wp\/v2\/types\/post"}],"author":[{"embeddable":true,"href":"https:\/\/www.europesays.com\/es\/wp-json\/wp\/v2\/users\/2"}],"replies":[{"embeddable":true,"href":"https:\/\/www.europesays.com\/es\/wp-json\/wp\/v2\/comments?post=185269"}],"version-history":[{"count":0,"href":"https:\/\/www.europesays.com\/es\/wp-json\/wp\/v2\/posts\/185269\/revisions"}],"wp:featuredmedia":[{"embeddable":true,"href":"https:\/\/www.europesays.com\/es\/wp-json\/wp\/v2\/media\/185270"}],"wp:attachment":[{"href":"https:\/\/www.europesays.com\/es\/wp-json\/wp\/v2\/media?parent=185269"}],"wp:term":[{"taxonomy":"category","embeddable":true,"href":"https:\/\/www.europesays.com\/es\/wp-json\/wp\/v2\/categories?post=185269"},{"taxonomy":"post_tag","embeddable":true,"href":"https:\/\/www.europesays.com\/es\/wp-json\/wp\/v2\/tags?post=185269"}],"curies":[{"name":"wp","href":"https:\/\/api.w.org\/{rel}","templated":true}]}}