{"id":185275,"date":"2025-10-18T15:28:11","date_gmt":"2025-10-18T15:28:11","guid":{"rendered":"https:\/\/www.europesays.com\/es\/185275\/"},"modified":"2025-10-18T15:28:11","modified_gmt":"2025-10-18T15:28:11","slug":"feijoo-se-compromete-en-soria-a-rebajar-un-20-los-costes-laborales-y-eximir-de-iva-a-los-autonomos","status":"publish","type":"post","link":"https:\/\/www.europesays.com\/es\/185275\/","title":{"rendered":"Feij\u00f3o se compromete en Soria a rebajar un 20% los costes laborales y eximir de IVA a los aut\u00f3nomos"},"content":{"rendered":"<p class=\"prip\">El <strong>presidente del Partido Popular, Alberto N\u00fa\u00f1ez Feij\u00f3o<\/strong>, ha visitado Soria para presentar un conjunto de medidas econ\u00f3micas centradas en los aut\u00f3nomos, entre las que destacan la <strong>exenci\u00f3n del pago de IVA para facturaciones inferiores a 85.000 euros<\/strong> y una <strong>rebaja espec\u00edfica del 20% en los costes laborales para las provincias de Soria, Cuenca y Teruel<\/strong>. En un acto organizado por los populares en las instalaciones de la empresa INSOCA, Feij\u00f3o ha desgranado un plan con el que pretende \u201cdevolver aire a los que mantienen este pa\u00eds en pie\u201d.<\/p>\n<p>En el evento ha estado acompa\u00f1ado por el presidente de la Junta de Castilla y Le\u00f3n, Alfonso Fern\u00e1ndez Ma\u00f1ueco, el presidente de la Diputaci\u00f3n Provincial de Soria, Benito Serrano, otros representantes del partido en la provincia y empresarios sorianos, Feij\u00f3o ha centrado su discurso en la \u00ab<strong>necesidad de apoyar al tejido productivo<\/strong>\u00bb y, en particular, a los \u00ab<strong>m\u00e1s de tres millones de aut\u00f3nomos<\/strong>\u00bb que, seg\u00fan ha afirmado, son \u201ctrabajadores esenciales\u201d en Espa\u00f1a. El l\u00edder popular ha criticado duramente la pol\u00edtica econ\u00f3mica del Gobierno central, al que ha acusado de \u201casfixiar\u201d a los trabajadores con una presi\u00f3n fiscal r\u00e9cord.<\/p>\n<p>\u201c<strong>En Espa\u00f1a tiene que valer la pena trabajar<\/strong>\u201d, ha reclamado Feij\u00f3o, resumiendo su propuesta. Ha lamentado que la sensaci\u00f3n generalizada en la calle sea la de \u201ctrabajo m\u00e1s que nunca y vivo peor que antes\u201d, una situaci\u00f3n que ha atribuido a la \u00absubida de precios, impuestos y deuda\u00bb, mientras \u201clo \u00fanico que baja es el nivel de vida de la gente\u201d.<\/p>\n<p>Un plan integral para los aut\u00f3nomos desde Soria<\/p>\n<p>Desde la capital de la provincia, Feij\u00f3o ha anticipado los tres pilares de un plan integral para el colectivo que su partido est\u00e1 finalizando: \u201c<strong>Yo he venido aqu\u00ed a comprometerme con vosotros y con los aut\u00f3nomos de toda Espa\u00f1a desde Soria<\/strong>\u201d. Feij\u00f3o ha detallado los ejes del mismo: \u00abBajar los impuestos, reducir la burocracia y garantizar la formaci\u00f3n y el relevo generacional\u00bb.<\/p>\n<p>La medida fiscal de mayor calado es la exenci\u00f3n del IVA para los aut\u00f3nomos con menores ingresos. \u201c<strong>Vamos a eximir del pago de IVA a los aut\u00f3nomos con ingresos inferiores a 85.000 euros anuales. As\u00ed de claro<\/strong>\u201d, ha sentenciado. Seg\u00fan ha explicado, esta medida \u00abpermitir\u00eda a los aut\u00f3nomos decidir si repercuten esa rebaja en sus precios para ser m\u00e1s competitivos o la destinan a cubrir los gastos de su negocio\u00bb.<\/p>\n<p>En el \u00e1mbito de la simplificaci\u00f3n administrativa, el plan del PP propone <strong>reducir la carga burocr\u00e1tica de manera significativa<\/strong>, ya que \u00abun aut\u00f3nomo no puede pasar m\u00e1s tiempo gestionando su papeleo que haciendo su trabajo\u201d. Por ello, ha propuesto que la declaraci\u00f3n del IVA pase de ser trimestral \u00aba realizarse una sola vez al a\u00f1o\u00bb, reduciendo as\u00ed las gestiones de cuatro a una.<\/p>\n<p>El compromiso espec\u00edfico con la provincia de Soria<\/p>\n<p>Uno de los anuncios m\u00e1s relevantes para la provincia ha sido el compromiso de aplicar la directiva europea de las ayudas al funcionamiento a aut\u00f3nomos y empresas, que permite una bonificaci\u00f3n en las cotizaciones sociales. \u201c<strong>Hay una directiva europea que permite rebajar los costes laborales un 20% a tres provincias en Espa\u00f1a, a Teruel, a Cuenca y a Soria<\/strong>. El gobierno no lo ha hecho, y yo os aseguro que lo har\u00e9, y <strong>rebajar\u00e9 un 20% los costes laborales en la provincia de Soria<\/strong>, de Cuenca y de Teruel, porque se puede y se debe\u201d, ha afirmado con rotundidad. Feij\u00f3o ha enmarcado esta medida en su rechazo al discurso de la \u201cEspa\u00f1a vaciada\u201d, defendiendo el potencial del mundo rural y de las ciudades intermedias. \u201cYo me revelo contra el discurso de la Espa\u00f1a vaciada, y de que aqu\u00ed solo se puede hablar de envejecimiento, de despoblaci\u00f3n y de falta de servicios. No, aqu\u00ed tambi\u00e9n por esos problemas <strong>se debe hablar de generar riqueza y oportunidades<\/strong>\u201d, ha manifestado.<\/p>\n<p>Cr\u00edticas a la gesti\u00f3n econ\u00f3mica del Gobierno<\/p>\n<p>Aunque el foco ha estado en sus propuestas, el l\u00edder popular ha dedicado cr\u00edticas a la gesti\u00f3n del Ejecutivo de Pedro S\u00e1nchez. Ha se\u00f1alado que el Gobierno ha recaudado \u201cun 40% m\u00e1s que el anterior\u201d y que los espa\u00f1oles pagaron \u201c142.000 millones m\u00e1s en impuestos el a\u00f1o pasado\u201d. Pese a ello, ha denunciado, la \u00ab<strong>deuda p\u00fablica sigue aumentando y los servicios p\u00fablicos no han mejorado en la misma proporci\u00f3n<\/strong>\u00ab. \u201cEspa\u00f1a tiene que <strong>dejar de ser un pa\u00eds caro para el trabajador y barato para el jeta<\/strong>, caro para el que produce y barato para el que robe\u201d, ha se\u00f1alado, acusando al Gbierno de S\u00e1nchez de ser corrupto. En este contexto, ha calificado de \u201csinsentido\u201d la \u00abd\u00e9cima subida consecutiva de las cotizaciones para los aut\u00f3nomos\u00bb que prepara el Gobierno.<\/p>\n<p>Finalmente, Feij\u00f3o ha concluido su intervenci\u00f3n en Soria reafirmando su compromiso con los aut\u00f3nomos, a quienes considera una prioridad: \u201cMe comprometo a que el pr\u00f3ximo Gobierno de Espa\u00f1a sea un Gobierno que tenga muy claro que, <strong>si hay trabajadores prioritarios, son los m\u00e1s de 3.000.000 de aut\u00f3nomos<\/strong> que viven exclusivamente de su esfuerzo, de su trabajo y de su determinaci\u00f3n\u201d.<\/p>\n","protected":false},"excerpt":{"rendered":"El presidente del Partido Popular, Alberto N\u00fa\u00f1ez Feij\u00f3o, ha visitado Soria para presentar un conjunto de medidas econ\u00f3micas&hellip;\n","protected":false},"author":2,"featured_media":185276,"comment_status":"","ping_status":"","sticky":false,"template":"","format":"standard","meta":{"footnotes":""},"categories":[8],"tags":[24022,52258,17,18,7821,4269,25,24,13,14,9860,248,11,19,20,9,10,15,16,952,6436,246,23,12,21,22],"class_list":{"0":"post-185275","1":"post","2":"type-post","3":"status-publish","4":"format-standard","5":"has-post-thumbnail","7":"category-espana","8":"tag-alfonso-fernandez-manueco","9":"tag-benito-serrano","10":"tag-breaking-news","11":"tag-breakingnews","12":"tag-diputacion","13":"tag-empresa","14":"tag-es","15":"tag-espana","16":"tag-featured-news","17":"tag-featurednews","18":"tag-feijoo","19":"tag-gobierno-de-espana","20":"tag-headlines","21":"tag-latest-news","22":"tag-latestnews","23":"tag-news","24":"tag-noticias","25":"tag-noticias-destacadas","26":"tag-noticiasdestacadas","27":"tag-politica","28":"tag-provincia","29":"tag-soria","30":"tag-spain","31":"tag-titulares","32":"tag-ultimas-noticias","33":"tag-ultimasnoticias"},"share_on_mastodon":{"url":"","error":""},"_links":{"self":[{"href":"https:\/\/www.europesays.com\/es\/wp-json\/wp\/v2\/posts\/185275","targetHints":{"allow":["GET"]}}],"collection":[{"href":"https:\/\/www.europesays.com\/es\/wp-json\/wp\/v2\/posts"}],"about":[{"href":"https:\/\/www.europesays.com\/es\/wp-json\/wp\/v2\/types\/post"}],"author":[{"embeddable":true,"href":"https:\/\/www.europesays.com\/es\/wp-json\/wp\/v2\/users\/2"}],"replies":[{"embeddable":true,"href":"https:\/\/www.europesays.com\/es\/wp-json\/wp\/v2\/comments?post=185275"}],"version-history":[{"count":0,"href":"https:\/\/www.europesays.com\/es\/wp-json\/wp\/v2\/posts\/185275\/revisions"}],"wp:featuredmedia":[{"embeddable":true,"href":"https:\/\/www.europesays.com\/es\/wp-json\/wp\/v2\/media\/185276"}],"wp:attachment":[{"href":"https:\/\/www.europesays.com\/es\/wp-json\/wp\/v2\/media?parent=185275"}],"wp:term":[{"taxonomy":"category","embeddable":true,"href":"https:\/\/www.europesays.com\/es\/wp-json\/wp\/v2\/categories?post=185275"},{"taxonomy":"post_tag","embeddable":true,"href":"https:\/\/www.europesays.com\/es\/wp-json\/wp\/v2\/tags?post=185275"}],"curies":[{"name":"wp","href":"https:\/\/api.w.org\/{rel}","templated":true}]}}