{"id":185279,"date":"2025-10-18T15:30:14","date_gmt":"2025-10-18T15:30:14","guid":{"rendered":"https:\/\/www.europesays.com\/es\/185279\/"},"modified":"2025-10-18T15:30:14","modified_gmt":"2025-10-18T15:30:14","slug":"cuatro-cracks-del-barca-de-balonmano-invitados-de-excepcion-al-palco-para-el-derbi","status":"publish","type":"post","link":"https:\/\/www.europesays.com\/es\/185279\/","title":{"rendered":"Cuatro cracks del Bar\u00e7a de balonmano, invitados de excepci\u00f3n al palco para el derbi"},"content":{"rendered":"<p>                <a href=\"https:\/\/cronicaglobal.elespanol.com\/culemania\/palco\/\" class=\"kicker--section\" rel=\"nofollow noopener\" target=\"_blank\">Palco<\/a><\/p>\n<p>\n    El equipo de Antonio Carlos Ortega, representado en Montju\u00efc el d\u00eda que el Girona visita a un equipo con muchas dudas y lesiones\n<\/p>\n<p>    Noticias relacionadas<\/p>\n<p class=\"paragraph\" id=\"paragraph_1\"><a href=\"https:\/\/cronicaglobal.elespanol.com\/culemania\/primer-equipo\/20251018\/revolucion-hansi-flick-girona-titular-lamine-sorpresas\/1003742699084_0.html?utm_cmp_rs=linksinline\" target=\"_blank\" rel=\"nofollow noopener\">El Bar\u00e7a<\/a> es un club global. Tambi\u00e9n, una entidad polideportiva. Tras el hockey sobre patines, el balonmano es la secci\u00f3n con mejor palmar\u00e9s. <strong>Ha ganado la Liga en 32 ocasiones y la Copa del Rey, en 29,<\/strong> pero es un equipo muy temido en Europa porque ya ha conquistado <strong>12 veces la Champions<\/strong>.<\/p>\n<p class=\"paragraph\" id=\"paragraph_2\"><a href=\"https:\/\/cronicaglobal.elespanol.com\/culemania\/secciones\/20251018\/actor-secundario-barca-balonmano-bendicion-ortega-bidasoa\/1003742699063_0.html?utm_cmp_rs=linksinline\" target=\"_blank\" rel=\"nofollow noopener\">El Bar\u00e7a de balonmano<\/a> vivi\u00f3 su mejor ciclo entre 1996 y 2000. Entonces, el equipo de Valero Rivera encaden\u00f3 cinco Ligas y cinco Champions, con jugadores con mucho talento como <strong>Barrufet, Masip, Urdangarin, Ortega, Guijoa y O&#8217;Callaghan, entre otros<\/strong>.<\/p>\n<p>El Kiel y el Veszprem<\/p>\n<p class=\"paragraph\" id=\"paragraph_3\">Hoy, el Bar\u00e7a de balonmano tambi\u00e9n manda en Espa\u00f1a, pero en Europa debe luchar contra gigantes con m\u00e1s poder econ\u00f3mico como <strong>el Kiel y el Veszprem<\/strong>. En verano hubo 10 bajas y seis altas. El equipo, a\u00f1o tras a\u00f1o, se reinventa, pero siempre es competitivo.<\/p>\n<p><img decoding=\"async\" alt=\"Remate acrob\u00e1tico de Lamine Yamal\" data-imgm=\"true\" height=\"240\" loading=\"lazy\"  src=\"https:\/\/www.europesays.com\/es\/wp-content\/uploads\/2025\/10\/1003742699105_15295573_854x640.jpg\"  width=\"320\"\/><\/p>\n<p>                                                            Remate acrob\u00e1tico de Lamine Yamal<\/p>\n<p>                    EFE<\/p>\n<p class=\"paragraph\" id=\"paragraph_4\">Este s\u00e1bado, en el Bar\u00e7a-Girona, el club que preside Joan Laporta invit\u00f3 a cuatro jugadores del primer equipo al palco del Llu\u00eds Companys: <strong>Dika Mem Timothey N&#8217;Guessan, Emil Nielsen y Luis Frade<\/strong>. Con ellos estuvo Xavi O&#8217;Callaghan, ahora director de secciones profesionales.<\/p>\n<p><img decoding=\"async\" alt=\"Dika Mem celebra un gol en el Pelister-Bar\u00e7a de balonmano\" data-imgm=\"true\" height=\"180\" loading=\"lazy\"  src=\"https:\/\/www.europesays.com\/es\/wp-content\/uploads\/2025\/10\/1003742698309_15286180_1024x576.jpg\"  width=\"320\"\/><\/p>\n<p>                                                            Dika Mem celebra un gol en el Pelister-Bar\u00e7a de balonmano<\/p>\n<p>                    EFE<\/p>\n<p><img decoding=\"async\" alt=\"Nielsen, satisfecho tras detener un penalti\" data-imgm=\"true\" height=\"180\" loading=\"lazy\"  src=\"https:\/\/www.europesays.com\/es\/wp-content\/uploads\/2025\/10\/1003742694334_15235508_1024x576.jpg\"  width=\"320\"\/><\/p>\n<p>                                                            Nielsen, satisfecho tras detener un penalti<\/p>\n<p>                    EFE<\/p>\n<p>Los invitados<\/p>\n<p class=\"paragraph\" id=\"paragraph_5\"><a href=\"https:\/\/cronicaglobal.elespanol.com\/culemania\/palco\/20251017\/bridgeburg-alternativa-invento-barca-blm-valorada-millones\/1003742698970_0.html?utm_cmp_rs=linksinline\" target=\"_blank\" rel=\"nofollow noopener\">Joan Laporta<\/a>, presidente del Bar\u00e7a, tambi\u00e9n estuvo acompa\u00f1ado por <strong>Delf\u00ed Geli<\/strong>, presidente del Girona; <strong>Gl\u00f2ria Freixa<\/strong>, secretaria primera de la Mesa del Parlament; <strong>Geert Bourgeois<\/strong>, expresidente de Flande; <strong>Josep Maria Argimon<\/strong>, exconseller de Salut de la Generalitat; <strong>Bonaventura Clotet<\/strong>, doctor y presidente de la Fundaci\u00f3 Lluita contra la Sida; <strong>Deco<\/strong>, director de f\u00fatbol del Bar\u00e7a; <strong>Bojan<\/strong> <strong>Krkic<\/strong>, coordinador del \u00e1rea de f\u00fatbol; <strong>Juliano Belletti,<\/strong> entrenador del Bar\u00e7a B; <strong>Jos\u00e9 Ram\u00f3n Alexanko<\/strong>, director del f\u00fatbol formativo;\u00a0 <strong>Sergi Barju\u00e1n<\/strong>, director deportivo de Bar\u00e7a Academy; J<strong>es\u00fas Mariano Angoy<\/strong>, exjugador del Bar\u00e7a; <strong>Andrei Nicolescu<\/strong>, presidente del Dinamo de Bucarest; y <strong>Tino Libaak<\/strong>, jugador de p\u00e1del.<\/p>\n<p class=\"paragraph\" id=\"paragraph_6\">Los invitados vieron un partido con <strong>varios giros de guion y una fuerte lluvia<\/strong> en los \u00faltimos compases de la primera parte, que retrat\u00f3 las dudas del Bar\u00e7a de Hansi Flick.<\/p>\n","protected":false},"excerpt":{"rendered":"Palco El equipo de Antonio Carlos Ortega, representado en Montju\u00efc el d\u00eda que el Girona visita a un&hellip;\n","protected":false},"author":2,"featured_media":185280,"comment_status":"","ping_status":"","sticky":false,"template":"","format":"standard","meta":{"footnotes":""},"categories":[278],"tags":[376,882,168,25,24,375,4467,288,16774,23,167],"class_list":{"0":"post-185279","1":"post","2":"type-post","3":"status-publish","4":"format-standard","5":"has-post-thumbnail","7":"category-balonmano","8":"tag-balonmano","9":"tag-deco","10":"tag-deportes","11":"tag-es","12":"tag-espana","13":"tag-handball","14":"tag-joan-laporta","15":"tag-laliga","16":"tag-palco","17":"tag-spain","18":"tag-sports"},"share_on_mastodon":{"url":"","error":""},"_links":{"self":[{"href":"https:\/\/www.europesays.com\/es\/wp-json\/wp\/v2\/posts\/185279","targetHints":{"allow":["GET"]}}],"collection":[{"href":"https:\/\/www.europesays.com\/es\/wp-json\/wp\/v2\/posts"}],"about":[{"href":"https:\/\/www.europesays.com\/es\/wp-json\/wp\/v2\/types\/post"}],"author":[{"embeddable":true,"href":"https:\/\/www.europesays.com\/es\/wp-json\/wp\/v2\/users\/2"}],"replies":[{"embeddable":true,"href":"https:\/\/www.europesays.com\/es\/wp-json\/wp\/v2\/comments?post=185279"}],"version-history":[{"count":0,"href":"https:\/\/www.europesays.com\/es\/wp-json\/wp\/v2\/posts\/185279\/revisions"}],"wp:featuredmedia":[{"embeddable":true,"href":"https:\/\/www.europesays.com\/es\/wp-json\/wp\/v2\/media\/185280"}],"wp:attachment":[{"href":"https:\/\/www.europesays.com\/es\/wp-json\/wp\/v2\/media?parent=185279"}],"wp:term":[{"taxonomy":"category","embeddable":true,"href":"https:\/\/www.europesays.com\/es\/wp-json\/wp\/v2\/categories?post=185279"},{"taxonomy":"post_tag","embeddable":true,"href":"https:\/\/www.europesays.com\/es\/wp-json\/wp\/v2\/tags?post=185279"}],"curies":[{"name":"wp","href":"https:\/\/api.w.org\/{rel}","templated":true}]}}