{"id":185297,"date":"2025-10-18T15:42:08","date_gmt":"2025-10-18T15:42:08","guid":{"rendered":"https:\/\/www.europesays.com\/es\/185297\/"},"modified":"2025-10-18T15:42:08","modified_gmt":"2025-10-18T15:42:08","slug":"atresmedia-lanza-el-trailer-de-rafaela-y-su-loco-mundo-la-delirante-serie-que-une-a-ojete-calor-con-el-universo-chanante","status":"publish","type":"post","link":"https:\/\/www.europesays.com\/es\/185297\/","title":{"rendered":"Atresmedia lanza el tr\u00e1iler de &#8216;Rafaela y su loco mundo&#8217;, la delirante serie que une a &#8216;Ojete Calor&#8217; con el universo &#8216;chanante&#8217;"},"content":{"rendered":"<p class=\"article-text\">\n        <strong>Atresmedia\u00a0<\/strong>ha lanzado el tr\u00e1iler de\u00a0<strong>Rafaela y su loco mundo<\/strong>, la serie que mezcla todos los delirios de dos universos interconectados: los del m\u00edtico programa\u00a0<strong>La hora chanante <\/strong>y el grupo de m\u00fasica\u00a0<strong>Ojete Calor<\/strong>. De la extra\u00f1a fusi\u00f3n surge esta comedia surrealista creada por <strong>An\u00edbal G\u00f3mez<\/strong> a partir de su libro El alucinante mundo de Rafaella Mozarella, la cual todav\u00eda no tiene fecha de estreno.\n    <\/p>\n<p>    <a href=\"https:\/\/www.eldiario.es\/vertele\/series\/13-series-semana-ultima-llamada-expresidentes-espana-diplomatica-felipe-gonzalez-aznar-zapatero-rajoy-netflix-hbo-max-movistar-plus-disney_1_12680745.html\" data-mrf-recirculation=\"saber-mas\" data-dl-event=\"saber-mas\" rel=\"nofollow noopener\" target=\"_blank\"><\/p>\n<p class=\"know-more__title\">Las 13 series de la semana hacen &#8216;La \u00faltima llamada&#8217; a los expresidentes de Espa\u00f1a con &#8216;La Diplom\u00e1tica&#8217;<\/p>\n<p>            <img decoding=\"async\" class=\"lazy\" loading=\"lazy\" data-src=\"https:\/\/static.eldiario.es\/clip\/4062e564-5542-415a-9011-4fe32ab2fdee_16-9-aspect-ratio_default_0.jpg\" src=\"data:image\/svg+xml,%3Csvg xmlns=\" http:=\"\" viewbox=\"0 0 880 495\" alt=\"Las 13 series de la semana hacen 'La \u00faltima llamada' a los expresidentes de Espa\u00f1a con 'La Diplom\u00e1tica'\"\/><\/p>\n<p>                        <\/a><\/p>\n<p class=\"article-text\">\n        El autor, junto con <strong>Ernesto Sevilla<\/strong>, dirige esta comedia irreverente que mezcla\u00a0<strong>est\u00e9tica pop y referencias chanantes. <\/strong>De hecho, <strong>Carlos Areces y Joaqu\u00edn Reyes<\/strong> son dos de sus protagonistas. Ellos dos y G\u00f3mez interpretan a las tres grandes amigas del Rafaela, la protagonista, a la que da vida <strong>Ingrid Garc\u00eda-Jonsson<\/strong>. El resto del reparto principal lo completan <strong>Arturo Valls<\/strong>,\u00a0<strong>Carmen Ruiz<\/strong>,\u00a0<strong>Pepa Cortijo<\/strong>,\u00a0<strong>Laura Weissmahr<\/strong>\u00a0y\u00a0<strong>Luis Callejo<\/strong>\u00a0completan el elenco. Adem\u00e1s, la serie cuenta con personajes epis\u00f3dicos y cameos de la mano de\u00a0<strong>Esty Quesada<\/strong>,\u00a0<strong>Gakian<\/strong>,\u00a0<strong>Victoria Mart\u00edn<\/strong>,\u00a0<strong>Javier Botet<\/strong>\u00a0o\u00a0<strong>Hidrogenesse<\/strong>, entre otros muchos.\n    <\/p>\n<p class=\"article-text\">\n        Rafaela y su loco mundo, que contar\u00e1 con\u00a0<strong>ocho episodios autoconclusivos de 20 minutos<\/strong>\u00a0cada uno, est\u00e1 producida por Atresmedia en colaboraci\u00f3n con <strong>Estela Films<\/strong>, <strong>P\u00f3lvora Films<\/strong>, <strong>Boomerang TV<\/strong> y <strong>Tenampa Films<\/strong>. Montse Garc\u00eda, Arturo Valls, F\u00e9lix Tusell S\u00e1nchez, Carmela Mart\u00ednez Oliart, B\u00e1rbara Castellanos y Jorge Pezzi son los productores ejecutivos. Tras el guion est\u00e1 An\u00edbal G\u00f3mez, con Daniel del Casar como analista. La Direcci\u00f3n de Producci\u00f3n corre a cargo de Carmela Mart\u00ednez Oliart. Enrique Silguero se encarga de la Direcci\u00f3n de Fotograf\u00eda, mientras que Miguel Junquera y B\u00e1rbara Gil hacen lo propio con la Direcci\u00f3n Art\u00edstica. Diana Garc\u00eda Moreno es la encargada de Vestuario y \u00c1ngela Centeno de Maquilla y Peluquer\u00eda.\n    <\/p>\n<p>    <a href=\"https:\/\/www.eldiario.es\/vertele\/analisis\/la-casa-de-los-gemelos-hacer-television-sin-ley-escandalo-viral-ningun-canal-podria-permitirse_1_12687002.html\" data-mrf-recirculation=\"saber-mas-abajo\" data-dl-event=\"saber-mas-abajo\" rel=\"nofollow noopener\" target=\"_blank\"><\/p>\n<p class=\"know-more__title\">&#8216;La casa de los gemelos&#8217; o c\u00f3mo hacer \u00bftelevisi\u00f3n? sin ley: un esc\u00e1ndalo viral que ning\u00fan canal podr\u00eda permitirse\n<\/p>\n<p>            <img decoding=\"async\" class=\"lazy\" loading=\"lazy\" data-src=\"https:\/\/static.eldiario.es\/clip\/6f87a870-f6e0-453b-9555-f7fe978bb661_16-9-aspect-ratio_default_0.jpg\" src=\"data:image\/svg+xml,%3Csvg xmlns=\" http:=\"\" viewbox=\"0 0 880 495\" alt=\"'La casa de los gemelos' o c\u00f3mo hacer \u00bftelevisi\u00f3n? sin ley: un esc\u00e1ndalo viral que ning\u00fan canal podr\u00eda permitirse\"\/><\/p>\n<p>                        <\/a><\/p>\n<p>    <strong>Sinopsis de &#8216;Rafaela y su loco mundo&#8217;<\/strong><\/p>\n<p class=\"article-text\">\n        Rafaela es una adolescente en una familia altamente funcional formada por pap\u00e1, mam\u00e1, la abuela y ella. Su madre es ama de casa aficionada a disfrazarse, su padre es inventor y tiene una m\u00e1quina del tiempo, y su abuela es su abuela. Con la compa\u00f1\u00eda de sus amigas Corpus, Chelo y Debo, sin olvidar a su caniche, pasar\u00e1n por situaciones surrealistas, alocada y delirantes que las har\u00e1n madurar como grupo, como personas y como caniche, respectivamente. Todo ello, con un objetivo claro: salvar el mundo antes de que se les acabe la adolescencia y tengan que incorporarse a la vida adulta.\n    <\/p>\n","protected":false},"excerpt":{"rendered":"Atresmedia\u00a0ha lanzado el tr\u00e1iler de\u00a0Rafaela y su loco mundo, la serie que mezcla todos los delirios de dos&hellip;\n","protected":false},"author":2,"featured_media":185298,"comment_status":"","ping_status":"","sticky":false,"template":"","format":"standard","meta":{"footnotes":""},"categories":[171],"tags":[151,4922,52264,52262,146,147,25,24,2629,52263,52261,156,23,183,214,14874,9911],"class_list":{"0":"post-185297","1":"post","2":"type-post","3":"status-publish","4":"format-standard","5":"has-post-thumbnail","7":"category-tv","8":"tag-atresmedia","9":"tag-calor","10":"tag-chanante","11":"tag-delirante","12":"tag-entertainment","13":"tag-entretenimiento","14":"tag-es","15":"tag-espana","16":"tag-lanza","17":"tag-ojete","18":"tag-rafaela-y-su-loco-mundo","19":"tag-serie","20":"tag-spain","21":"tag-trailer","22":"tag-tv","23":"tag-une","24":"tag-universo"},"share_on_mastodon":{"url":"","error":""},"_links":{"self":[{"href":"https:\/\/www.europesays.com\/es\/wp-json\/wp\/v2\/posts\/185297","targetHints":{"allow":["GET"]}}],"collection":[{"href":"https:\/\/www.europesays.com\/es\/wp-json\/wp\/v2\/posts"}],"about":[{"href":"https:\/\/www.europesays.com\/es\/wp-json\/wp\/v2\/types\/post"}],"author":[{"embeddable":true,"href":"https:\/\/www.europesays.com\/es\/wp-json\/wp\/v2\/users\/2"}],"replies":[{"embeddable":true,"href":"https:\/\/www.europesays.com\/es\/wp-json\/wp\/v2\/comments?post=185297"}],"version-history":[{"count":0,"href":"https:\/\/www.europesays.com\/es\/wp-json\/wp\/v2\/posts\/185297\/revisions"}],"wp:featuredmedia":[{"embeddable":true,"href":"https:\/\/www.europesays.com\/es\/wp-json\/wp\/v2\/media\/185298"}],"wp:attachment":[{"href":"https:\/\/www.europesays.com\/es\/wp-json\/wp\/v2\/media?parent=185297"}],"wp:term":[{"taxonomy":"category","embeddable":true,"href":"https:\/\/www.europesays.com\/es\/wp-json\/wp\/v2\/categories?post=185297"},{"taxonomy":"post_tag","embeddable":true,"href":"https:\/\/www.europesays.com\/es\/wp-json\/wp\/v2\/tags?post=185297"}],"curies":[{"name":"wp","href":"https:\/\/api.w.org\/{rel}","templated":true}]}}