{"id":185317,"date":"2025-10-18T15:54:09","date_gmt":"2025-10-18T15:54:09","guid":{"rendered":"https:\/\/www.europesays.com\/es\/185317\/"},"modified":"2025-10-18T15:54:09","modified_gmt":"2025-10-18T15:54:09","slug":"primeros-compases-para-el-baile-de-otono-avance-taurino","status":"publish","type":"post","link":"https:\/\/www.europesays.com\/es\/185317\/","title":{"rendered":"Primeros compases para el baile de oto\u00f1o \u2013 Avance Taurino"},"content":{"rendered":"<p>Como todos los a\u00f1os, comienza la temporada de cambios.<\/p>\n<p>\u00a0<\/p>\n<p>Tampoco este a\u00f1o el baile de oto\u00f1o falta a su cita y ya se conocen los primeros movimientos. Y si Rom\u00e1n rompi\u00f3 con su hasta ahora apoderado, Eduardo Mart\u00ednez; Jorge Mart\u00ednez lo hizo con Ruiz Manuel; Sergio S\u00e1nchez ha dejado a Jacinto Ortiz y el diestro Francisco de Manuel y su apoderado Diego Robles han decidido, de com\u00fan acuerdo, dar por finalizada la relaci\u00f3n de apoderamiento.<\/p>\n<p>El novillero valenciano Bruno Gimeno se desvincula de los hermanos Mart\u00ed, el rejoneador Luis Pimenta y Francisco C\u00e1ceres han decidido dar por finalizada su relaci\u00f3n de apoderamiento de mutuo acuerdo mientras que uno de los hombres de plata m\u00e1s importantes de estas \u00faltimas temporadas, Antonio Chac\u00f3n, ha quedado de forma sorpresiva libre tras salir de la cuadrilla del matador de toros peruano Andr\u00e9s Roca Rey.<\/p>\n","protected":false},"excerpt":{"rendered":"Como todos los a\u00f1os, comienza la temporada de cambios. \u00a0 Tampoco este a\u00f1o el baile de oto\u00f1o falta&hellip;\n","protected":false},"author":2,"featured_media":185318,"comment_status":"","ping_status":"","sticky":false,"template":"","format":"standard","meta":{"footnotes":""},"categories":[277],"tags":[373,168,25,24,23,167,374],"class_list":{"0":"post-185317","1":"post","2":"type-post","3":"status-publish","4":"format-standard","5":"has-post-thumbnail","7":"category-toreo","8":"tag-bullfighting","9":"tag-deportes","10":"tag-es","11":"tag-espana","12":"tag-spain","13":"tag-sports","14":"tag-toreo"},"share_on_mastodon":{"url":"","error":""},"_links":{"self":[{"href":"https:\/\/www.europesays.com\/es\/wp-json\/wp\/v2\/posts\/185317","targetHints":{"allow":["GET"]}}],"collection":[{"href":"https:\/\/www.europesays.com\/es\/wp-json\/wp\/v2\/posts"}],"about":[{"href":"https:\/\/www.europesays.com\/es\/wp-json\/wp\/v2\/types\/post"}],"author":[{"embeddable":true,"href":"https:\/\/www.europesays.com\/es\/wp-json\/wp\/v2\/users\/2"}],"replies":[{"embeddable":true,"href":"https:\/\/www.europesays.com\/es\/wp-json\/wp\/v2\/comments?post=185317"}],"version-history":[{"count":0,"href":"https:\/\/www.europesays.com\/es\/wp-json\/wp\/v2\/posts\/185317\/revisions"}],"wp:featuredmedia":[{"embeddable":true,"href":"https:\/\/www.europesays.com\/es\/wp-json\/wp\/v2\/media\/185318"}],"wp:attachment":[{"href":"https:\/\/www.europesays.com\/es\/wp-json\/wp\/v2\/media?parent=185317"}],"wp:term":[{"taxonomy":"category","embeddable":true,"href":"https:\/\/www.europesays.com\/es\/wp-json\/wp\/v2\/categories?post=185317"},{"taxonomy":"post_tag","embeddable":true,"href":"https:\/\/www.europesays.com\/es\/wp-json\/wp\/v2\/tags?post=185317"}],"curies":[{"name":"wp","href":"https:\/\/api.w.org\/{rel}","templated":true}]}}