{"id":185321,"date":"2025-10-18T15:58:08","date_gmt":"2025-10-18T15:58:08","guid":{"rendered":"https:\/\/www.europesays.com\/es\/185321\/"},"modified":"2025-10-18T15:58:08","modified_gmt":"2025-10-18T15:58:08","slug":"intendentes-en-la-ruta-ciclista-de-la-cuna-al-sepulcro-en-avila-avilared","status":"publish","type":"post","link":"https:\/\/www.europesays.com\/es\/185321\/","title":{"rendered":"Intendentes en la ruta ciclista De la cuna al sepulcro en \u00c1vila | \u00c1vilared"},"content":{"rendered":"<p>Las tenientes de alcalde de Turismo y Cultura, Sonsoles Prieto, y de Servicios Sociales, Paloma del Nogal, participaron en la recepci\u00f3n el viernes en el palacio de Polentinos, con la presencia del general de Divisi\u00f3n Jos\u00e9 Mar\u00eda Barutell y del coronel V\u00edctor S\u00e1ez, director del Archivo General Militar de \u00c1vila. Las autoridades hicieron entrega de los maillots y dorsales a los 35 ciclistas participantes. Tambi\u00e9n estuvieron presentes en el acto Rodrigo Bello, organizador de la carrera, y Juan Jos\u00e9 Mariju\u00e1n, delegado de log\u00edstica de la prueba en \u00c1vila.<\/p>\n<p>Los participantes han partido este s\u00e1bado a las 7 horas en autob\u00fas hacia Alba de Tormes (Salamanca), desde donde han iniciado el recorrido que incluye paradas en Mancera de Abajo, Fontiveros y Gotarrendura. La llegada est\u00e1 prevista en la capital abulense en torno a las 17,30 horas, con recepci\u00f3n final en la bas\u00edlica de La Santa. Entre los inscritos se encuentran media docena de integrantes del club Ciclismo F\u00e1cil, de \u00c1vila.<\/p>\n<p>\u00a0<\/p>\n","protected":false},"excerpt":{"rendered":"Las tenientes de alcalde de Turismo y Cultura, Sonsoles Prieto, y de Servicios Sociales, Paloma del Nogal, participaron&hellip;\n","protected":false},"author":2,"featured_media":185322,"comment_status":"","ping_status":"","sticky":false,"template":"","format":"standard","meta":{"footnotes":""},"categories":[273],"tags":[7607,313,209,312,52267,168,25,24,52265,52266,52268,23,167,4664],"class_list":{"0":"post-185321","1":"post","2":"type-post","3":"status-publish","4":"format-standard","5":"has-post-thumbnail","7":"category-ciclismo","8":"tag-avila","9":"tag-ciclismo","10":"tag-cultura","11":"tag-cycling","12":"tag-de-la-cuna-al-sepulcro","13":"tag-deportes","14":"tag-es","15":"tag-espana","16":"tag-intendentes","17":"tag-ruta-ciclista","18":"tag-santa-teresa","19":"tag-spain","20":"tag-sports","21":"tag-turismo"},"share_on_mastodon":{"url":"","error":""},"_links":{"self":[{"href":"https:\/\/www.europesays.com\/es\/wp-json\/wp\/v2\/posts\/185321","targetHints":{"allow":["GET"]}}],"collection":[{"href":"https:\/\/www.europesays.com\/es\/wp-json\/wp\/v2\/posts"}],"about":[{"href":"https:\/\/www.europesays.com\/es\/wp-json\/wp\/v2\/types\/post"}],"author":[{"embeddable":true,"href":"https:\/\/www.europesays.com\/es\/wp-json\/wp\/v2\/users\/2"}],"replies":[{"embeddable":true,"href":"https:\/\/www.europesays.com\/es\/wp-json\/wp\/v2\/comments?post=185321"}],"version-history":[{"count":0,"href":"https:\/\/www.europesays.com\/es\/wp-json\/wp\/v2\/posts\/185321\/revisions"}],"wp:featuredmedia":[{"embeddable":true,"href":"https:\/\/www.europesays.com\/es\/wp-json\/wp\/v2\/media\/185322"}],"wp:attachment":[{"href":"https:\/\/www.europesays.com\/es\/wp-json\/wp\/v2\/media?parent=185321"}],"wp:term":[{"taxonomy":"category","embeddable":true,"href":"https:\/\/www.europesays.com\/es\/wp-json\/wp\/v2\/categories?post=185321"},{"taxonomy":"post_tag","embeddable":true,"href":"https:\/\/www.europesays.com\/es\/wp-json\/wp\/v2\/tags?post=185321"}],"curies":[{"name":"wp","href":"https:\/\/api.w.org\/{rel}","templated":true}]}}