{"id":185325,"date":"2025-10-18T16:00:08","date_gmt":"2025-10-18T16:00:08","guid":{"rendered":"https:\/\/www.europesays.com\/es\/185325\/"},"modified":"2025-10-18T16:00:08","modified_gmt":"2025-10-18T16:00:08","slug":"la-increible-canasta-sobre-la-bocina-con-la-que-el-bilbao-basket-logro-su-primer-triunfo-en-la-liga-u","status":"publish","type":"post","link":"https:\/\/www.europesays.com\/es\/185325\/","title":{"rendered":"La incre\u00edble canasta sobre la bocina con la que el Bilbao Basket logr\u00f3 su primer triunfo en la Liga U"},"content":{"rendered":"<p>\n        <strong>El conjunto del <\/strong><a href=\"https:\/\/www.deia.eus\/deportes\/bilbao-basket\/\" title=\"Surne Bilbao Basket\" class=\"link copy\" rel=\"nofollow noopener\" target=\"_blank\"><strong>Surne Bilbao Basket<\/strong><\/a><strong> que milita en la Liga U, <\/strong>la nueva competici\u00f3n para <strong>jugadores de categor\u00eda sub&#8217;22 <\/strong>puesta en marcha a partir de la colaboraci\u00f3n entre la <a href=\"https:\/\/www.deia.eus\/tags\/acb\/\" title=\"ACB\" class=\"link copy\" rel=\"nofollow noopener\" target=\"_blank\"><strong>ACB<\/strong><\/a><strong>, la Federaci\u00f3n Espa\u00f1ola de Baloncesto y el <\/strong><a href=\"https:\/\/www.deia.eus\/tags\/csd\/\" title=\"CSD\" class=\"link copy\" rel=\"nofollow noopener\" target=\"_blank\">CSD <\/a>con el objetivo de generar visibilidad y un marco competitivo de primer nivel para los j\u00f3venes talentos, logr\u00f3 este viernes <strong>su primera victoria al superar al B\u00e0squet Girona <\/strong>por un ag\u00f3nico marcador final de 80-79 en un encuentro que acab\u00f3 teniendo <strong>una resoluci\u00f3n espectacular con Bingen Errasti como gran protagonista.<\/strong>\n<\/p>\n<p class=\"article-body__text \">\n        Se las promet\u00eda muy felices el <strong>B\u00e0squet Girona cuando tom\u00f3 la delantera en el luminoso (78-79)<\/strong> al convertir Joan Llinars dos tiros libres cuando solo quedaban <strong>siete d\u00e9cimas para la bocina final.<\/strong> Mikel Torre, entrenador de la escuadra vizcaina, pidi\u00f3 tiempo muerto para dise\u00f1ar la \u00faltima jugada. El encargado de poner <strong>la bola en juego desde la banda fue Oier de las Heras. <\/strong>\n<\/p>\n<p>  <strong>Palmeo de espaldas<\/strong><\/p>\n<p class=\"article-body__text \">\n        En primera instancia, <strong>amag\u00f3 con contactar en la l\u00ednea de 6,75 con Alexander Zecevic,<\/strong> jugador serbio en din\u00e1mica de primer equipo que ha llegado a entrar en las <strong>convocatorias de <\/strong><a href=\"https:\/\/www.deia.eus\/tags\/jaume-ponsarnau\/\" title=\"Jaume Ponsarnau\" class=\"link copy\" rel=\"nofollow noopener\" target=\"_blank\"><strong>Jaume Ponsarnau<\/strong><\/a><strong>.<\/strong> Mientras tanto, <strong>Bingen Errasti, partiendo desde debajo del aro, <\/strong>simul\u00f3 correr hacia la banda para recibir para, acto seguido, volver hacia atr\u00e1s, momento en el que<strong> De Las Heras le hizo llegar el bal\u00f3n<\/strong> para que lo palmeara<strong> a la red en posici\u00f3n acrob\u00e1tica, <\/strong>totalmente de espaldas a canasta.\n<\/p>\n<p>  Celebraci\u00f3n<\/p>\n<p class=\"article-body__text \">\n        En ese momento, <strong>el polideportivo de Artxanda, que hab\u00eda registrado una muy buena entrada, <\/strong>estall\u00f3 para celebrar el triunfo, mientras los jugadores locales corr\u00edan para <strong>celebrarlo con Errasti. <\/strong>Incluso el speaker encargado de la narraci\u00f3n del encuentro por YouTube colabor\u00f3 en el momento de \u00e9xtasis general, <strong>comparando la canasta con la lograda hace ya much\u00edsimos a\u00f1os por Rudy Fern\u00e1ndez con el Joventut para batir al Unicaja sobre la bocina en el Mart\u00edn Carpena<\/strong> malague\u00f1o y destacando el talento de Errasti: \u00ab\u00a1Esto es para volverse locos! Lo que acaba de hacer este t\u00edo. <strong>Menudo chaval, tiene un talento sobrenatural\u00bb.<\/strong>\n<\/p>\n<p class=\"article-photo__footer\">\n            Bingen Errasti, n\u00famero 19, junto a Aiert Velasco.            ACB Photo\/M. Garmilla        <\/p>\n<p class=\"article-body__text \">\n        De esta manera tan llamativa, <strong>el Bilbao Basket sum\u00f3 su primera victoria dentro de esta nueva Liga U<\/strong> despu\u00e9s de que en su debut, la pasada semana, ya diera muestras de su potencial <strong>vendiendo muy cara su derrota en la cancha del Gran Canaria, <\/strong>probablemente el conjunto con mayor potencial deportivo dentro del Grupo B en el que se encuentra inmerso el conjunto vizcaino.\n<\/p>\n<p>  Gran semana de Errasti<\/p>\n<p class=\"article-body__text \">\n        Por su parte, <strong>Errasti,<\/strong> que acab\u00f3 como <a href=\"https:\/\/baloncestoenvivo.feb.es\/partido\/2491557\" title=\"m\u00e1ximo anotador\" rel=\"nofollow noopener\" target=\"_blank\" class=\"link copy\">m\u00e1ximo anotador <\/a>de los de Mikel Torre con 17 puntos<strong>, puso con este canast\u00f3n ganador la perfecta guinda a una semana excelente<\/strong> para \u00e9l en lo individual, ya que el pasado martes <strong>debut\u00f3 en partido oficial con el Surne Bilbao Basket <\/strong>en el primer encuentro de los hombres de negro en su <strong>defensa del t\u00edtulo de la <\/strong><a href=\"https:\/\/www.deia.eus\/tags\/fiba-europe-cup\/\" title=\"FIBA Europe Cup\" class=\"link copy\" rel=\"nofollow noopener\" target=\"_blank\"><strong>FIBA Europe Cup<\/strong><\/a><strong>, <\/strong>aunque en esa ocasi\u00f3n <a href=\"https:\/\/www.deia.eus\/bilbao-basket\/2025\/10\/14\/bilbao-bilbao-basket-peristeri-europa-eurocup-miribilla-fiba-10216131.html\" title=\"no hubo final feliz en lo colectivo.\" target=\"_blank\" class=\"link copy\" rel=\"nofollow noopener\">no hubo final feliz en lo colectivo.<\/a><\/p>\n","protected":false},"excerpt":{"rendered":"El conjunto del Surne Bilbao Basket que milita en la Liga U, la nueva competici\u00f3n para jugadores de&hellip;\n","protected":false},"author":2,"featured_media":185326,"comment_status":"","ping_status":"","sticky":false,"template":"","format":"standard","meta":{"footnotes":""},"categories":[269],"tags":[299,1918,298,2601,52269,32427,18786,168,52270,25,24,7982,23,167],"class_list":{"0":"post-185325","1":"post","2":"type-post","3":"status-publish","4":"format-standard","5":"has-post-thumbnail","7":"category-baloncesto","8":"tag-baloncesto","9":"tag-basket","10":"tag-basketball","11":"tag-bilbao","12":"tag-bingen","13":"tag-bocina","14":"tag-canasta","15":"tag-deportes","16":"tag-errasti","17":"tag-es","18":"tag-espana","19":"tag-increible","20":"tag-spain","21":"tag-sports"},"share_on_mastodon":{"url":"","error":""},"_links":{"self":[{"href":"https:\/\/www.europesays.com\/es\/wp-json\/wp\/v2\/posts\/185325","targetHints":{"allow":["GET"]}}],"collection":[{"href":"https:\/\/www.europesays.com\/es\/wp-json\/wp\/v2\/posts"}],"about":[{"href":"https:\/\/www.europesays.com\/es\/wp-json\/wp\/v2\/types\/post"}],"author":[{"embeddable":true,"href":"https:\/\/www.europesays.com\/es\/wp-json\/wp\/v2\/users\/2"}],"replies":[{"embeddable":true,"href":"https:\/\/www.europesays.com\/es\/wp-json\/wp\/v2\/comments?post=185325"}],"version-history":[{"count":0,"href":"https:\/\/www.europesays.com\/es\/wp-json\/wp\/v2\/posts\/185325\/revisions"}],"wp:featuredmedia":[{"embeddable":true,"href":"https:\/\/www.europesays.com\/es\/wp-json\/wp\/v2\/media\/185326"}],"wp:attachment":[{"href":"https:\/\/www.europesays.com\/es\/wp-json\/wp\/v2\/media?parent=185325"}],"wp:term":[{"taxonomy":"category","embeddable":true,"href":"https:\/\/www.europesays.com\/es\/wp-json\/wp\/v2\/categories?post=185325"},{"taxonomy":"post_tag","embeddable":true,"href":"https:\/\/www.europesays.com\/es\/wp-json\/wp\/v2\/tags?post=185325"}],"curies":[{"name":"wp","href":"https:\/\/api.w.org\/{rel}","templated":true}]}}