{"id":185327,"date":"2025-10-18T16:01:09","date_gmt":"2025-10-18T16:01:09","guid":{"rendered":"https:\/\/www.europesays.com\/es\/185327\/"},"modified":"2025-10-18T16:01:09","modified_gmt":"2025-10-18T16:01:09","slug":"girona-en-directo-hoy-partido-de-la-liga-jornada-9","status":"publish","type":"post","link":"https:\/\/www.europesays.com\/es\/185327\/","title":{"rendered":"Girona en directo hoy: partido de la Liga, jornada 9"},"content":{"rendered":"<p>17:57<\/p>\n<p>El Bar\u00e7a pidi\u00f3 penalti por esta acci\u00f3n:<\/p>\n<p class=\"voc-p\">Forcejeo entre Vitror Reis y Rashford, que se quej\u00f3 de un manotazo del defensor. Gil Manzano no lo vio punible.<\/p>\n<p>17:54<\/p>\n<p>Lo intenta el Bar\u00e7a, impreciso<\/p>\n<p class=\"voc-p\">Aprietan los cul\u00e9s pero no encuentran c\u00f3mo terminar de hacer da\u00f1o al Girona, replegado atr\u00e1s, Ahora entra Lass por Arnau. El cansancio f\u00edsico de ambos equipos es evidente. <\/p>\n<p>17:51<\/p>\n<p>Mart\u00ednez Montoro, el \u00e1rbitro de ABC<\/p>\n<p class=\"voc-p\">Minuto 61: gol anulado al Barcelona por falta previa de Eric Garcia al saltar sobre la espalda de Hugo Rincon. Salta y apoya ambos brazos en la espalda del adversario. Es falta clara.<\/p>\n<p>17:44<\/p>\n<p>Entra Stuani<\/p>\n<p class=\"voc-p\">Sustituye a Vanat. Cambio pieza por pieza de M\u00edchel, que ingresa a uno de sus jugadores m\u00e1s letales en los \u00faltimos minutos. <\/p>\n<p>17:42<\/p>\n<p>\u00a1Gazzaniga siendo muy importante!<\/p>\n<p class=\"voc-p\">Remata duro Rashford al palo corto pero se estira muy r\u00e1pido el meta del Girona. <\/p>\n<p>17:40<\/p>\n<p>Hay sustituciones en ambos conjuntos, y se va Lamine<\/p>\n<p class=\"voc-p\">Flick quita a Lamine para que entre Roony Bardghji. <\/p>\n<p class=\"voc-p\">\ufeffY por parte del Girona, se van Portu y Bryan Gil y entran Sol\u00eds y Tsygankov y , respectivamente. <\/p>\n<p>17:38<\/p>\n<p>\u00a1Gol anulado a Cubras\u00ed!<\/p>\n<p class=\"voc-p\">Sac\u00f3 de esquina el Bar\u00e7a y el central cul\u00e9 consigui\u00f3 controlar, girarse y anotar. Sin embargo, Gil Manzano invalid\u00f3 el tanto por falta previa de \u00c9ric Garcia sobre Hugo Rinc\u00f3n en un duelo a\u00e9reo.<\/p>\n<p>17:32<\/p>\n<p>El Bar\u00e7a, bloqueado en ataque<\/p>\n<p class=\"voc-p\">Busca disparos lejanos como alternativa a la falta de espacios. Est\u00e1 aguantando bien atr\u00e1s el Girona.<\/p>\n<p>17:27<\/p>\n<p>\u00a1Prueba Ferm\u00edn desde la frontal!<\/p>\n<p class=\"voc-p\">Se busca el espacio y dispara, pero finalmente el bal\u00f3n roza el poste de Gazzaniga.<\/p>\n<p>17:25<\/p>\n<p>El Bar\u00e7a quiere controlar pero el Girona est\u00e1 saliendo bien al contragolpe<\/p>\n<p class=\"voc-p\">Est\u00e1n inc\u00f3modos los cul\u00e9s. No terminan de encontrar espacios y los de M\u00edchel le est\u00e1n hacendo mucho da\u00f1o en las transiciones. <\/p>\n<p>17:22<\/p>\n<p>Flick saca al debutante Toni para que entre Ferm\u00edn <\/p>\n<p class=\"voc-p\">El entrenador cul\u00e9 cambia al &#8216;9&#8217; que hab\u00eda elegido hoy. Parece que Rashford ser\u00e1 ahora la referencia. <\/p>\n<p>17:03<\/p>\n<p>El \u00e1rbitro pita el descanso<\/p>\n<p class=\"voc-p\">Paso por vestuarios necesario para los futbolsitas despu\u00e9s del alt\u00edsimo ritmo de esta primera mitad. Todo abierto de cara a la segunda parte. Esto est\u00e1 1-1. <\/p>\n<p>16:57<\/p>\n<p>\u00a1La vuelve a tener Witsel!<\/p>\n<p class=\"voc-p\">Recibe un pase de la muerte para hacer el 1-2 pero el remate se le marcha desviado. Est\u00e1 perdonando much\u00edsimo el Girona. <\/p>\n<p>16:56<\/p>\n<p>\u00a1Tercer mano a mano que desperdicia el Girona!<\/p>\n<p class=\"voc-p\">Los gerundenses rompen por vez tercera la adelantada l\u00ednea defensiva del Bar\u00e7a. Esta vez fue Bryan Gil que se plnat\u00f3 ante Szcz\u0119sny, pero defini\u00f3 fuera. <\/p>\n<p>16:55<\/p>\n<p>Bombardea el Bar\u00e7a la porter\u00eda del Girona<\/p>\n<p class=\"voc-p\">Encadena varias ocasiones y saques de esquina. Est\u00e1n volcados los de Flick ante un Girona que podr\u00eda estar sufriendo las consecuencias del desgaste f\u00edsico de esta primera parte.  <\/p>\n<p>16:46<\/p>\n<p>\u00a1\u00a1Ahora Rashford al travesa\u00f1o!!<\/p>\n<p class=\"voc-p\">Potente disparo de falta el ingl\u00e9s que se encuentra con la madera. Aprieta el Bar\u00e7a en estos momentos. <\/p>\n<p>16:45<\/p>\n<p>No hay tregua, el ritmo del partido es trepidante<\/p>\n<p class=\"voc-p\">El 1-0 de Pedri ha enervado el encuentro. Esto es una ida y venida constante.<\/p>\n<p>16:44<\/p>\n<p>\u00a1Parad\u00f3n de Gazzaniga a De Jong!<\/p>\n<p class=\"voc-p\">Gran combinaci\u00f3n de Cubars\u00ed, Toni y De Jong, que remat\u00f3 algo flojo y permiti\u00f3 al portero de Girona hacer muestra de sus reflejos. <\/p>\n<p>16:42<\/p>\n<p>\u00a1El palo Portuuu!<\/p>\n<p class=\"voc-p\">Otro mano a mano del Girona, el segundo en dos miuntos, pero Portu resolvi\u00f3 al palo. Est\u00e1 perdonando mucho el GIrona. <\/p>\n<p>16:41<\/p>\n<p>\u00a1\u00a1La tuvo Vanat para hacer el 2-1!!<\/p>\n<p class=\"voc-p\">Pierde Kounde y el ucraniano se planta ante Szcz\u0119sny, pero el polaco sale y pone el cuerpo duro para bloquear el remate.<\/p>\n<p>16:37<\/p>\n<p>Goooolaaaaazoooo de chilenaaa de Witseeeel<\/p>\n<p class=\"voc-p\">Toca Arnau de cabeza y el belga se inventa una brutal acrobacia para marcar un aut\u00e9ntico golazo. Tras el 1-0 se ha crecido el Girona y llevaba minutos atacando. <\/p>\n<p>16:36<\/p>\n<p>El Girona consigue romper el dominio cul\u00e9<\/p>\n<p class=\"voc-p\">Ahora s\u00ed progresan los de M\u00edchel y rondan el \u00e1rea de Szczesny.<\/p>\n<p>16:32<\/p>\n<p>La presi\u00f3n tras p\u00e9rdida del Bar\u00e7a deja al Girona sin bal\u00f3n<\/p>\n<p class=\"voc-p\">Los cul\u00e9s est\u00e1n afixiando a los de M\u00edchel, a quienes les est\u00e1 costando mucho hilar pases, con una extrema contundencia cuando pierden la pelota. <\/p>\n<p>16:30<\/p>\n<p>Goooooooooooool de Peeeeedriiiii<\/p>\n<p class=\"voc-p\">Menuda jugada del canario. Recibe de Lamine, se gira y va amagando hasta que encuentra espacio para empujarla, con una precisi\u00f3n asombrosa, a la red. <\/p>\n<p>16:25<\/p>\n<p>El Bar\u00e7a volcado desde el principio<\/p>\n<p class=\"voc-p\">Han salido a atacar los de Flick y han tenido ya un par de llegadas peligrosas a trav\u00e9s de Lamine y Rashford.  <\/p>\n<p>16:21<\/p>\n<p>\u00a1\u00a1\u00a1El Bar\u00e7a se une a la protesta por el partido que \u00e9l mismo tiene que jugar en Miami!!!<\/p>\n<p class=\"voc-p\">Los jugadores de ambos conjuntos realizaron el plante de 15 segundos sin jugar al inicio del partido en se\u00f1al de protesta por la falta de transparencia de LaLiga en la organizaci\u00f3n del Villarreal-Bar\u00e7a en Miamo. Sin embargo, LaLiga mostr\u00f3 en directo una imagen muy lejana del verde, por lo que los espectadores no pudieron apreciar la protesta. <\/p>\n<p class=\"voc-p\">Hab\u00eda dudas sobre si el Bar\u00e7a se sumar\u00eda a la protesta, y finalmente s\u00ed lo ha hecho. Todos los capitanes alcanzaron este viernes el acuerdo de realizar el paro. Reclaman m\u00e1s informaci\u00f3n a La Liga ante un proyecto que rechazan. <\/p>\n<p>16:06<\/p>\n<p>\u00bfHabr\u00e1 servido el par\u00f3n al Bar\u00e7a para recuperarse del tropiezo en el Pizju\u00e1n?<\/p>\n<p class=\"voc-p\">La derrota en Champions ante el PSG de Luis Enrique fue un duro golpe para el Bar\u00e7a, que cay\u00f3 ese fin de semana por 4-1 ante el Sevilla. Una mala racha que pueden revertir o prlongar hoy los de Flick. <\/p>\n<p class=\"voc-p\">El Girona comenz\u00f3 con mal pie la temporada, pero en los \u00faltimos tres partidos ha ido levantando cabeza. Tambi\u00e9n puede dar un golpe sobre la mesa hoy en Montjuic. <\/p>\n<p>15:54<\/p>\n<p>M\u00edchel usa toda la p\u00f3lvora que tiene disponible <\/p>\n<p class=\"voc-p\">Salen los gerundenses con <strong>Gazzaniga, Hugo Rinc\u00f3n, Vitor Reis, Blind, \u00c1lex Moreno, Arnau, Witsel, Portu, Joel Roca, Bryan Gil y Vanat<\/strong>. Habr\u00e1 que esperar para ver si forman defensa de cinco o Arnau se incorpora al centro del campo. <\/p>\n<p>15:50<\/p>\n<p>Flick saca un once con varias novedades<\/p>\n<p class=\"voc-p\">En una delantera con numerosas bajas, Lamine sale de inicio pese a volver de lesi\u00f3n. Y la otra gran noticia es el debut de Toni Fern\u00e1ndez, &#8216;9&#8217; de La Masia nacido en 2008 (17 a\u00f1os).<\/p>\n<p class=\"voc-p\"><strong>Szczesny, Kound\u00e9, Eric Garc\u00eda, Cubars\u00ed, Balde, Casad\u00f3, Frenkie de Jong, Pedri, Lamine Yamal, Toni Fern\u00e1ndez y Rashford.<\/strong><\/p>\n<p>15:45<\/p>\n<p>El Girona tambi\u00e9n est\u00e1 plagado de bajas<\/p>\n<p class=\"voc-p\">M\u00edchel no puede disponer de Lemar, Ounahi, David L\u00f3pez, Franc\u00e9s, Van de Beek, Juan Carlos Mart\u00edn ni del sancionado Iv\u00e1n Mart\u00edn. Lo bueno, que recupera a Tsygankov y Abel Ruiz, que ya han superado sus lesiones<\/p>\n<p>15:44<\/p>\n<p>Par\u00f3n de selecciones accidentado, pero vuelven Lamime y Ferm\u00edn<\/p>\n<p class=\"voc-p\">Se ha llenado la enfermer\u00eda del Bar\u00e7a tras las jornadas internacionales. Vuelven dos piezas claves como Lamine, hoy titular, y Ferm\u00edn, pero Flick tiene de baja a Ter Stegen, Gavi, Raphinha, Lewandowski, Joan Garc\u00eda, Dani Olmo y Ferran Torres.<\/p>\n<p>15:44<\/p>\n<p>\u00a1\u00a1Bienvenidos al Bar\u00e7a-Girona!!<\/p>\n<p class=\"voc-p\">\u00a1Muy buenas tardes! Sean bienvenidos a este derbi catal\u00e1n Bar\u00e7a-Girona. Los cul\u00e9s, a tratar de no despegarse del Madrid, mientras que los gerundenses intentar\u00e1n sacar un buen resultado de Montjuic que sea un halo de luz en este dif\u00edcil inicio de temporada. Esto arranca a las 16.15 horas.<\/p>\n","protected":false},"excerpt":{"rendered":"17:57 El Bar\u00e7a pidi\u00f3 penalti por esta acci\u00f3n: Forcejeo entre Vitror Reis y Rashford, que se quej\u00f3 de&hellip;\n","protected":false},"author":2,"featured_media":185328,"comment_status":"","ping_status":"","sticky":false,"template":"","format":"standard","meta":{"footnotes":""},"categories":[268],"tags":[210,168,2125,25,24,280,282,1147,315,293,1044,1045,281,23,167],"class_list":{"0":"post-185327","1":"post","2":"type-post","3":"status-publish","4":"format-standard","5":"has-post-thumbnail","7":"category-futbol","8":"tag-barcelona","9":"tag-deportes","10":"tag-directo","11":"tag-es","12":"tag-espana","13":"tag-football","14":"tag-futbol","15":"tag-girona","16":"tag-hoy","17":"tag-jornada","18":"tag-liga","19":"tag-partido","20":"tag-soccer","21":"tag-spain","22":"tag-sports"},"share_on_mastodon":{"url":"","error":""},"_links":{"self":[{"href":"https:\/\/www.europesays.com\/es\/wp-json\/wp\/v2\/posts\/185327","targetHints":{"allow":["GET"]}}],"collection":[{"href":"https:\/\/www.europesays.com\/es\/wp-json\/wp\/v2\/posts"}],"about":[{"href":"https:\/\/www.europesays.com\/es\/wp-json\/wp\/v2\/types\/post"}],"author":[{"embeddable":true,"href":"https:\/\/www.europesays.com\/es\/wp-json\/wp\/v2\/users\/2"}],"replies":[{"embeddable":true,"href":"https:\/\/www.europesays.com\/es\/wp-json\/wp\/v2\/comments?post=185327"}],"version-history":[{"count":0,"href":"https:\/\/www.europesays.com\/es\/wp-json\/wp\/v2\/posts\/185327\/revisions"}],"wp:featuredmedia":[{"embeddable":true,"href":"https:\/\/www.europesays.com\/es\/wp-json\/wp\/v2\/media\/185328"}],"wp:attachment":[{"href":"https:\/\/www.europesays.com\/es\/wp-json\/wp\/v2\/media?parent=185327"}],"wp:term":[{"taxonomy":"category","embeddable":true,"href":"https:\/\/www.europesays.com\/es\/wp-json\/wp\/v2\/categories?post=185327"},{"taxonomy":"post_tag","embeddable":true,"href":"https:\/\/www.europesays.com\/es\/wp-json\/wp\/v2\/tags?post=185327"}],"curies":[{"name":"wp","href":"https:\/\/api.w.org\/{rel}","templated":true}]}}