{"id":185395,"date":"2025-10-18T16:45:09","date_gmt":"2025-10-18T16:45:09","guid":{"rendered":"https:\/\/www.europesays.com\/es\/185395\/"},"modified":"2025-10-18T16:45:09","modified_gmt":"2025-10-18T16:45:09","slug":"la-prodigiosa-rutina-de-susana-rodriguez","status":"publish","type":"post","link":"https:\/\/www.europesays.com\/es\/185395\/","title":{"rendered":"La prodigiosa rutina de Susana Rodr\u00edguez"},"content":{"rendered":"<p class=\"ft-text\">Engorda el palmar\u00e9s de <a class=\"ft-link ft-link--decoration\" href=\"https:\/\/www.farodevigo.es\/tags\/susana-rodriguez-gacio\/\" target=\"_blank\" rel=\"nofollow noopener\">Susana Rodr\u00edguez <\/a>con una facilidad pasmosa. Cada temporada a\u00f1ade nuevos renglones a una hoja de servicios gloriosa que la convertir\u00e1 con el tiempo en el deportista gallego con mejor historial.<strong> Este s\u00e1bado en Australia sum\u00f3 su s\u00e9ptimo t\u00edtulo mundial en su disciplina.<\/strong> Desde 2018 solo ha faltado a esta cita en 2020 (que no se disput\u00f3 por la pandemia) y en 2023 cuando en Pontevedra una absurda sanci\u00f3n le priv\u00f3 de una victoria clara. La viguesa se muestra intratable en su categor\u00eda (PTVI) y a esos siete t\u00edtulos mundiales a\u00f1ade los dos oros paral\u00edmpicos y las cinco victorias en el Campeonato de Europa.<\/p>\n<p class=\"ft-text\">No hay triatleta que muestre semejante solidez a\u00f1o tras a\u00f1os. Con 37 a\u00f1os no se le adivina a\u00fan rival de cara al futuro. <strong>Esta victoria tiene una importancia especial porque ha llegado meses despu\u00e9s de haberse sometido a una ablaci\u00f3n, intervenci\u00f3n quir\u00fargica card\u00edaca que se realiza debido a una arritmia.<\/strong> Pero su coraz\u00f3n ha vuelto a demostrar que est\u00e1 plenamente recuperado de ese trance y que para nada el rendimiento de la viguesa se ha resentido.<\/p>\n<p class=\"ft-text\">La actual campeona paral\u00edmpica, mundial y europea era la gran favorita de la cita y confirm\u00f3 los pron\u00f3sticos, pese a un peque\u00f1o susto con la biciclista en forma de inoportuna ca\u00edda. Pero ni siquiera ese percance, del que con la ayuda de Sara P\u00e9rez supo reaccionar r\u00e1pidamente, hizo peligrar una victoria que supone su s\u00e9ptimo t\u00edtulo mundial, reeditando su corona del a\u00f1o pasado, tras los de 2012, 2018, 2019, 2021, 2022 y 2024 en una temporada post Juegos Paral\u00edmpicos siempre complicada de desarrollar, pero en la que hab\u00eda sido la mejor.<\/p>\n<p>Remontada<\/p>\n<p class=\"ft-text\">Rodr\u00edguez y P\u00e9rez empezaron por detr\u00e1s de su gran rival, la italiana Francesca Tarantello en el sector de nataci\u00f3n, habitualmente el que m\u00e1s le cuesta a la viguesa, pero a partir de ah\u00ed activaron su tradicional \u2018modo remontada\u2019 en la bicicleta y la culminaron en su gran fuerte, la carrera a pie, pese a que durante la transici\u00f3n, la doble campeona paral\u00edmpica se cay\u00f3 sin mayores consecuencias. El tercer tramo de la carrera lo inici\u00f3 por detr\u00e1s de la italiana, pero nadie resiste a Susana Rodr\u00edguez en la carrera a pie. As\u00ed viene sucediendo desde hace muchos a\u00f1os. <strong>En poco tiempo conjugaron la desventaja con la italiana y a partir de ah\u00ed volaron hacia la meta. <\/strong><\/p>\n<p class=\"ft-text\">Finalmente, la pareja espa\u00f1ola se impuso con mucha autoridad una vez m\u00e1s con un tiempo de 1:04:42, con m\u00e1s de dos minutos de ventaja sobre Tarantello, mientras que el podio lo complet\u00f3 la alemana Anja Renner a casi cuatro minutos de la ganadora.<\/p>\n<p class=\"ft-text\">Hace tiempo que la cabeza de Susana Rodr\u00edguez ocupa mucho tiempo en pensar sobre su futuro, sobre el tiempo que aguantar\u00e1 en la competici\u00f3n, exigi\u00e9ndose de este modo teniendo en cuenta que compatibiliza el deporte con su trabajo de m\u00e9dico y su agenda a veces se convierte en un peque\u00f1o jerogl\u00edfico. Pero <strong>el tiempo avanza y Susana lo hace subida permanentemente a un podio.<\/strong> Con poco m\u00e1s de dos a\u00f1os para la siguiente cita ol\u00edmpica nada parece que la vaya a separar de la alta competici\u00f3n.<\/p>\n","protected":false},"excerpt":{"rendered":"Engorda el palmar\u00e9s de Susana Rodr\u00edguez con una facilidad pasmosa. Cada temporada a\u00f1ade nuevos renglones a una hoja&hellip;\n","protected":false},"author":2,"featured_media":185396,"comment_status":"","ping_status":"","sticky":false,"template":"","format":"standard","meta":{"footnotes":""},"categories":[273],"tags":[4699,313,312,168,25,24,4355,1070,52286,416,8777,23,167,32650,52285,6736],"class_list":{"0":"post-185395","1":"post","2":"type-post","3":"status-publish","4":"format-standard","5":"has-post-thumbnail","7":"category-ciclismo","8":"tag-australia","9":"tag-ciclismo","10":"tag-cycling","11":"tag-deportes","12":"tag-es","13":"tag-espana","14":"tag-gana","15":"tag-mundial","16":"tag-mundial-de-triatlon","17":"tag-rodriguez","18":"tag-septimo","19":"tag-spain","20":"tag-sports","21":"tag-susana","22":"tag-susana-rodriguez-gacio","23":"tag-triatlon"},"share_on_mastodon":{"url":"","error":""},"_links":{"self":[{"href":"https:\/\/www.europesays.com\/es\/wp-json\/wp\/v2\/posts\/185395","targetHints":{"allow":["GET"]}}],"collection":[{"href":"https:\/\/www.europesays.com\/es\/wp-json\/wp\/v2\/posts"}],"about":[{"href":"https:\/\/www.europesays.com\/es\/wp-json\/wp\/v2\/types\/post"}],"author":[{"embeddable":true,"href":"https:\/\/www.europesays.com\/es\/wp-json\/wp\/v2\/users\/2"}],"replies":[{"embeddable":true,"href":"https:\/\/www.europesays.com\/es\/wp-json\/wp\/v2\/comments?post=185395"}],"version-history":[{"count":0,"href":"https:\/\/www.europesays.com\/es\/wp-json\/wp\/v2\/posts\/185395\/revisions"}],"wp:featuredmedia":[{"embeddable":true,"href":"https:\/\/www.europesays.com\/es\/wp-json\/wp\/v2\/media\/185396"}],"wp:attachment":[{"href":"https:\/\/www.europesays.com\/es\/wp-json\/wp\/v2\/media?parent=185395"}],"wp:term":[{"taxonomy":"category","embeddable":true,"href":"https:\/\/www.europesays.com\/es\/wp-json\/wp\/v2\/categories?post=185395"},{"taxonomy":"post_tag","embeddable":true,"href":"https:\/\/www.europesays.com\/es\/wp-json\/wp\/v2\/tags?post=185395"}],"curies":[{"name":"wp","href":"https:\/\/api.w.org\/{rel}","templated":true}]}}