{"id":185399,"date":"2025-10-18T16:47:10","date_gmt":"2025-10-18T16:47:10","guid":{"rendered":"https:\/\/www.europesays.com\/es\/185399\/"},"modified":"2025-10-18T16:47:10","modified_gmt":"2025-10-18T16:47:10","slug":"awa-fam-en-las-quinielas-para-ser-la-numero-1-del-draft-de-la-wnba","status":"publish","type":"post","link":"https:\/\/www.europesays.com\/es\/185399\/","title":{"rendered":"Awa Fam en las quinielas para ser la n\u00famero 1 del Draft de la WNBA"},"content":{"rendered":"<p class=\"ft-text\">La joven estrella del <a class=\"ft-link ft-link--decoration\" href=\"https:\/\/www.superdeporte.es\/tags\/valencia-basket\/\" rel=\"nofollow noopener\" target=\"_blank\"><strong>Valencia Basket<\/strong><\/a>, <strong>Awa Fam (2005)<\/strong>, contin\u00faa dando que hablar dentro y fuera de nuestras fronteras. Su crecimiento en las \u00faltimas temporadas y su impacto en la <strong>Liga Femenina Endesa<\/strong> la han colocado en el punto de mira de la <strong>WNBA<\/strong>, donde varios analistas de grandes cadenas como ESPN o CBS ya la sit\u00faan entre las candidatas a convertirse en la <strong>n\u00famero uno del pr\u00f3ximo Draft<\/strong>. La pivot, <a class=\"ft-link ft-link--decoration\" href=\"https:\/\/www.valenciabasket.com\/awa-fam-y-elena-buenavida-vuelven-al-primer-equipo-de-valencia-basket\" rel=\"nofollow noopener\" target=\"_blank\">que ha regresado este verano al Valencia Basket tras su cesi\u00f3n al Lointek Gernika,<\/a> ha mostrado un juego m\u00e1s maduro y con ganas de ser protagonista pese a su juventud. Esta misma semana<strong> Awa Fam<\/strong> ha sido galardonada con el <strong>Premio Princesa Leonor de 2024,<\/strong><a class=\"ft-link ft-link--decoration\" href=\"https:\/\/www.superdeporte.es\/polideportivo\/2025\/10\/17\/ricardo-ten-y-awa-fam-galardonados-en-los-premios-nacionales-del-deporte-122720726.html\" rel=\"nofollow noopener\" target=\"_blank\"><strong> que reconoce al o la mejor deportista menor de 18 a\u00f1os<\/strong><\/a><strong>. <\/strong>Con apenas 19 a\u00f1os en el conjunto taronja se est\u00e1 consolidando como una jugadora vers\u00e1til, capaz de brillar en ambas canastas y asumir protagonismo en ataque a las \u00f3rdenes de <a class=\"ft-link ft-link--decoration\" href=\"https:\/\/www.superdeporte.es\/tags\/ruben-burgos\/\" rel=\"nofollow noopener\" target=\"_blank\">Rub\u00e9n Burgos<\/a> en una temporada en la que la taronja puede romper su techo como ya est\u00e1 demostrando.<\/p>\n<p><img decoding=\"async\" src=\"https:\/\/www.europesays.com\/es\/wp-content\/uploads\/2025\/10\/80a34ed5-a662-4305-a9a4-adfd51ebd8d6_alta-libre-aspect-ratio_default_0.jpg\" width=\"1200\" height=\"675\" alt=\"Raquel Carrera, Mar\u00eda Araujo, Awa Fam y Elena Buenavida con Espa\u00f1a.\" class=\"ft-helper-img-rd\" loading=\"lazy\" hasdataaida=\"true\"\/><\/p>\n<p class=\"ft-helper-fontColor-quaternary ft-helper-fontSize-body-S ft-helper-spacer-t-xxs\">Raquel Carrera, Mar\u00eda Araujo, Awa Fam y Elena Buenavida con Espa\u00f1a.  \/ Valencia Basket<\/p>\n<p>Su impacto en Europa y el inter\u00e9s de la WNBA<\/p>\n<p class=\"ft-text\">La explosi\u00f3n de baloncesto de<strong> Awa Fam<\/strong> en los \u00faltimos meses es total y no ha pasado desapercibida en Estados Unidos. Su talento y su capacidad atl\u00e9tica han despertado el inter\u00e9s de varios <strong>scouts estadounidenses<\/strong>, que ven en ella un perfil ideal para triunfar en la <strong>WNBA<\/strong>. La jugadora del <strong>Valencia Basket<\/strong> est\u00e1 escalando puestos en los rankings de promesas a una velocidad vertiginosa. En los \u00faltimos meses, su nombre ha aparecido en diferentes <strong>mock drafts<\/strong> y previsiones que la sit\u00faan incluso como posible <strong>n\u00famero uno del Draft<\/strong>, un logro sin precedentes para una jugadora espa\u00f1ola y para cualquiera,<strong> ya que desde 2001 esa primera elecci\u00f3n siempre fue para una estadounidense. <\/strong><\/p>\n<p class=\"ft-text\">Adem\u00e1s Awa Fam ha empezado la temporada en una forma espectacular. <a class=\"ft-link ft-link--decoration\" href=\"https:\/\/www.superdeporte.es\/valencia-basket\/2025\/10\/12\/awa-fam-ben-abdelkader-estrenan-roig-arena-victoria-122539466.html\" rel=\"nofollow noopener\" target=\"_blank\">En el estreno taronja en el Roig Arena contra el IDK Euskotren<\/a> ya firm\u00f3 <strong>17 puntos y 9 rebotes.<\/strong> <a class=\"ft-link ft-link--decoration\" href=\"https:\/\/www.superdeporte.es\/valencia-basket\/2025\/10\/16\/directo-valencia-basket-fenerbahce-122695849.html\" rel=\"nofollow noopener\" target=\"_blank\">Sin embargo en Estados Unidos destacan su actuaci\u00f3n frente al Fenerbahce<\/a> que califican como <a class=\"ft-link ft-link--decoration\" href=\"https:\/\/www.cbssports.com\/wnba\/news\/2026-wnba-draft-awa-fam-shows-why-she-could-be-no-1-pick-by-passing-big-test-in-euroleague-action\/\" rel=\"nofollow noopener\" target=\"_blank\"><strong>\u00abel por qu\u00e9 Awa Fam debe ser el n\u00famero 1 en pr\u00f3ximo Draft WNBA tras superar la primera gran prueba de la temporada\u201d<\/strong><\/a><strong> <\/strong>seg\u00fan la CBS. Aunque <strong>Valencia Basket<\/strong> cay\u00f3 estuvo muy cerca de llevarse el partido con una<strong> Awa Fam <\/strong>estelar:<strong> 17 puntos, 7 rebotes y 3 robos. <\/strong><\/p>\n<p class=\"ft-text\">Este verano tuvo su primera participaci\u00f3n con la selecci\u00f3n absoluta en la que logr\u00f3 <strong>su primera medalla de plata en el Eurobasket. La p\u00edvot taronja est\u00e1 llamada a ser uno de los puntales de Espa\u00f1a en el corto plazo. <\/strong>Su mezcla de potencia, t\u00e9cnica y madurez encaja perfectamente con las exigencias del baloncesto norteamericano.<\/p>\n<p>\u00bfQu\u00e9 supondr\u00eda ser la n\u00famero 1 del Draft para el baloncesto espa\u00f1ol?<\/p>\n<p class=\"ft-text\">As\u00ed pues no es sorprendente que<strong> Awa Fam <\/strong>resuene con fuerza en los \u2018mock draft\u2019 y est\u00e9 destrozando las previsiones hasta colarse en la terna por ser <strong>el \u2018pick\u2019 1 de toda una generaci\u00f3n de la WNBA. <\/strong>Si <strong>Awa Fam<\/strong> llegara a ser elegida con el n\u00famero uno del <strong>Draft de la WNBA<\/strong>, el logro tendr\u00eda un alcance hist\u00f3rico para el <strong>baloncesto espa\u00f1ol<\/strong>. Ninguna jugadora nacional ha ocupado nunca esa posici\u00f3n, y su elecci\u00f3n supondr\u00eda <strong>un reconocimiento al talento que se forma en <\/strong><a class=\"ft-link ft-link--decoration\" href=\"https:\/\/www.superdeporte.es\/tags\/l-alqueria-del-basket\/\" rel=\"nofollow noopener\" target=\"_blank\"><strong>l&#8217;Alqueria del Basket<\/strong><\/a><strong>. <\/strong><\/p>\n<p><img decoding=\"async\" src=\"https:\/\/www.europesays.com\/es\/wp-content\/uploads\/2025\/10\/30a1be18-9887-4f4c-8fde-08a991382d0e_alta-libre-aspect-ratio_default_0.jpg\" width=\"1200\" height=\"800\" alt=\"Awa Fam ya es un referente para las j\u00f3venes de l'Alqueria del Basket\" class=\"ft-helper-img-rd\" loading=\"lazy\" hasdataaida=\"true\"\/><\/p>\n<p class=\"ft-helper-fontColor-quaternary ft-helper-fontSize-body-S ft-helper-spacer-t-xxs\">Awa Fam ya es un referente para las j\u00f3venes de l&#8217;Alqueria del Basket  \/ VBC<\/p>\n<p class=\"ft-text\">M\u00e1s all\u00e1 del hito individual, su llegada a la <strong>liga estadounidense<\/strong> ser\u00eda un impulso enorme para la visibilidad y el crecimiento del <strong>baloncesto femenino en Espa\u00f1a<\/strong>, consolidando a la cantera nacional como una de las m\u00e1s competitivas y prometedoras de Europa.<\/p>\n","protected":false},"excerpt":{"rendered":"La joven estrella del Valencia Basket, Awa Fam (2005), contin\u00faa dando que hablar dentro y fuera de nuestras&hellip;\n","protected":false},"author":2,"featured_media":185400,"comment_status":"","ping_status":"","sticky":false,"template":"","format":"standard","meta":{"footnotes":""},"categories":[269],"tags":[37961,299,1918,298,168,52287,25,24,23,167,2916],"class_list":{"0":"post-185399","1":"post","2":"type-post","3":"status-publish","4":"format-standard","5":"has-post-thumbnail","7":"category-baloncesto","8":"tag-awa-fam","9":"tag-baloncesto","10":"tag-basket","11":"tag-basketball","12":"tag-deportes","13":"tag-draft-wnba","14":"tag-es","15":"tag-espana","16":"tag-spain","17":"tag-sports","18":"tag-valencia-basket"},"share_on_mastodon":{"url":"","error":""},"_links":{"self":[{"href":"https:\/\/www.europesays.com\/es\/wp-json\/wp\/v2\/posts\/185399","targetHints":{"allow":["GET"]}}],"collection":[{"href":"https:\/\/www.europesays.com\/es\/wp-json\/wp\/v2\/posts"}],"about":[{"href":"https:\/\/www.europesays.com\/es\/wp-json\/wp\/v2\/types\/post"}],"author":[{"embeddable":true,"href":"https:\/\/www.europesays.com\/es\/wp-json\/wp\/v2\/users\/2"}],"replies":[{"embeddable":true,"href":"https:\/\/www.europesays.com\/es\/wp-json\/wp\/v2\/comments?post=185399"}],"version-history":[{"count":0,"href":"https:\/\/www.europesays.com\/es\/wp-json\/wp\/v2\/posts\/185399\/revisions"}],"wp:featuredmedia":[{"embeddable":true,"href":"https:\/\/www.europesays.com\/es\/wp-json\/wp\/v2\/media\/185400"}],"wp:attachment":[{"href":"https:\/\/www.europesays.com\/es\/wp-json\/wp\/v2\/media?parent=185399"}],"wp:term":[{"taxonomy":"category","embeddable":true,"href":"https:\/\/www.europesays.com\/es\/wp-json\/wp\/v2\/categories?post=185399"},{"taxonomy":"post_tag","embeddable":true,"href":"https:\/\/www.europesays.com\/es\/wp-json\/wp\/v2\/tags?post=185399"}],"curies":[{"name":"wp","href":"https:\/\/api.w.org\/{rel}","templated":true}]}}