{"id":185411,"date":"2025-10-18T16:54:21","date_gmt":"2025-10-18T16:54:21","guid":{"rendered":"https:\/\/www.europesays.com\/es\/185411\/"},"modified":"2025-10-18T16:54:21","modified_gmt":"2025-10-18T16:54:21","slug":"jim-caviezel-no-sera-jesus-en-la-pasion-de-cristo-2-esta-es-la-razon","status":"publish","type":"post","link":"https:\/\/www.europesays.com\/es\/185411\/","title":{"rendered":"JIM CAVIEZEL no ser\u00e1 JES\u00daS en \u201cLA PASI\u00d3N DE CRISTO 2\u201d: esta es la raz\u00f3n"},"content":{"rendered":"<p>            <strong>\u00bfQu\u00e9 mostrar\u00e1 &#8216;<\/strong><strong>La resurrecci\u00f3n de Cristo&#8217;<\/strong><strong>?<\/strong><\/p>\n<p>Aunque la secuela se plante\u00f3 desde el \u00e9xito de <strong>La pasi\u00f3n de Cristo<\/strong>, su desarrollo tom\u00f3 a\u00f1os. <strong>Gibson trabaj\u00f3 en distintas versiones del guion<\/strong>, buscando <strong>ampliar la mirada sobre los acontecimientos posteriores a la crucifixi\u00f3n<\/strong>.<\/p>\n<p>En una entrevista concedida en <strong>2016 a Stephen Colbert<\/strong>, el director explic\u00f3 que la historia no se centrar\u00eda \u00fanicamente en la <strong>resurrecci\u00f3n<\/strong>. \u201cEs m\u00e1s que el evento que menciona el t\u00edtulo; lo importante es <strong>todo lo que ocurre alrededor<\/strong>. Esa es la verdadera historia\u201d, coment\u00f3 entonces.<\/p>\n<p>Vea tambi\u00e9n: <a href=\"https:\/\/www.lafm.com.co\/entretenimiento\/megaland-music-fest-2025-arranca-la-preventa-exclusiva-de-su-boleteria\" hreflang=\"es\" target=\"_blank\" rel=\"nofollow noopener\"><strong>Megaland Music Fest 2025 arranca la preventa exclusiva de su boleter\u00eda<\/strong><\/a><\/p>\n<p>M\u00e1s tarde, en <strong>2022<\/strong>, <strong>Gibson detall\u00f3 en el programa <\/strong><strong>The World Over<\/strong> que la pel\u00edcula tendr\u00eda <strong>una estructura m\u00e1s compleja<\/strong>: \u201cNo es una narrativa lineal. Hay que yuxtaponer el evento central con lo que ocurre a su alrededor, en el futuro, en el pasado y en otros planos. <strong>Empieza a tomar elementos casi de ciencia ficci\u00f3n<\/strong>\u201d.<\/p>\n","protected":false},"excerpt":{"rendered":"\u00bfQu\u00e9 mostrar\u00e1 &#8216;La resurrecci\u00f3n de Cristo&#8217;? Aunque la secuela se plante\u00f3 desde el \u00e9xito de La pasi\u00f3n de&hellip;\n","protected":false},"author":2,"featured_media":185412,"comment_status":"","ping_status":"","sticky":false,"template":"","format":"standard","meta":{"footnotes":""},"categories":[169],"tags":[1339,177,146,147,25,24,176,51166,51167,175,23],"class_list":{"0":"post-185411","1":"post","2":"type-post","3":"status-publish","4":"format-standard","5":"has-post-thumbnail","7":"category-cine","8":"tag-actor","9":"tag-cine","10":"tag-entertainment","11":"tag-entretenimiento","12":"tag-es","13":"tag-espana","14":"tag-film","15":"tag-la-pasion-de-cristo","16":"tag-mel-gibson","17":"tag-movies","18":"tag-spain"},"share_on_mastodon":{"url":"","error":""},"_links":{"self":[{"href":"https:\/\/www.europesays.com\/es\/wp-json\/wp\/v2\/posts\/185411","targetHints":{"allow":["GET"]}}],"collection":[{"href":"https:\/\/www.europesays.com\/es\/wp-json\/wp\/v2\/posts"}],"about":[{"href":"https:\/\/www.europesays.com\/es\/wp-json\/wp\/v2\/types\/post"}],"author":[{"embeddable":true,"href":"https:\/\/www.europesays.com\/es\/wp-json\/wp\/v2\/users\/2"}],"replies":[{"embeddable":true,"href":"https:\/\/www.europesays.com\/es\/wp-json\/wp\/v2\/comments?post=185411"}],"version-history":[{"count":0,"href":"https:\/\/www.europesays.com\/es\/wp-json\/wp\/v2\/posts\/185411\/revisions"}],"wp:featuredmedia":[{"embeddable":true,"href":"https:\/\/www.europesays.com\/es\/wp-json\/wp\/v2\/media\/185412"}],"wp:attachment":[{"href":"https:\/\/www.europesays.com\/es\/wp-json\/wp\/v2\/media?parent=185411"}],"wp:term":[{"taxonomy":"category","embeddable":true,"href":"https:\/\/www.europesays.com\/es\/wp-json\/wp\/v2\/categories?post=185411"},{"taxonomy":"post_tag","embeddable":true,"href":"https:\/\/www.europesays.com\/es\/wp-json\/wp\/v2\/tags?post=185411"}],"curies":[{"name":"wp","href":"https:\/\/api.w.org\/{rel}","templated":true}]}}