{"id":185415,"date":"2025-10-18T16:56:10","date_gmt":"2025-10-18T16:56:10","guid":{"rendered":"https:\/\/www.europesays.com\/es\/185415\/"},"modified":"2025-10-18T16:56:10","modified_gmt":"2025-10-18T16:56:10","slug":"mas-alla-del-diagnostico-en-cancer-de-mama","status":"publish","type":"post","link":"https:\/\/www.europesays.com\/es\/185415\/","title":{"rendered":"M\u00e1s all\u00e1 del diagn\u00f3stico en c\u00e1ncer de mama"},"content":{"rendered":"<p>Cada a\u00f1o, m\u00e1s de <strong>37.000 mujeres en Espa\u00f1a se enfrentan a un diagn\u00f3stico de c\u00e1ncer de mama<\/strong>, una enfermedad que va m\u00e1s all\u00e1 del cuerpo y alcanza la esfera emocional, social y vital de las pacientes. Por eso, cuando se acerca el 19 de octubre, D\u00eda Internacional contra el C\u00e1ncer de Mama, se impulsan diferentes iniciativas desde las asociaciones de pacientes, sociedades cient\u00edficas y entidades sanitarias. <\/p>\n<p>El objetivo: volver a visibilizar la complejidad de esta enfermedad y reforzar un mensaje com\u00fan: el acompa\u00f1amiento emocional y la personalizaci\u00f3n del tratamiento son claves para afrontar el proceso oncol\u00f3gico.<\/p>\n<p>Espacios seguros para las emociones<\/p>\n<p>Bajo el lema <strong>Ni somos de piedra ni estamos solas<\/strong>, Lilly y la Federaci\u00f3n Espa\u00f1ola de C\u00e1ncer de Mama (FECMA), con el aval de SEOM, GEICAM y SOLTI, han puesto en marcha una campa\u00f1a impactante: un v\u00eddeo en el que las estatuas de Cibeles y La Mariblanca cobran vida para transmitir que las pacientes con c\u00e1ncer de mama tambi\u00e9n sienten miedo, tristeza, impotencia o angustia ante la posibilidad de una reca\u00edda o una met\u00e1stasis.<\/p>\n<p>La iniciativa forma parte del movimiento <strong>\u201cEntre Ellas\u201d<\/strong>, y se acompa\u00f1a del documento <a href=\"https:\/\/assets.ctfassets.net\/fqfkufria9xc\/5Q4TIiYnQ891Y2pv7np0gM\/8a1fdac552ec724d8a18e6fd25ca1033\/EE_Infografia_VF.pdf\" title=\"\" rel=\"nofollow noopener\" target=\"_blank\">Universo de las emociones en alto riesgo de reca\u00edda y met\u00e1stasis<\/a>, elaborado por la psicoonc\u00f3loga Marta de la Fuente. El texto identifica las emociones m\u00e1s frecuentes en estos momentos cr\u00edticos, c\u00f3mo se manifiestan y c\u00f3mo gestionarlas. De fondo, una propuesta clara: generar espacios de escucha, validar lo que sienten las mujeres y recordarles que su experiencia es \u00fanica, pero no solitaria.<\/p>\n<p>\u201cCada paciente es \u00fanica y su vivencia es personal e intransferible. Pero muchas emociones se repiten, especialmente en fases avanzadas: miedo, frustraci\u00f3n, incertidumbre, tristeza\u2026 Aprender a reconocerlas y pedir ayuda profesional es clave para afrontar la enfermedad con m\u00e1s fortaleza emocional y calidad de vida\u201d, explica De la Fuente.<\/p>\n<p>Nuevas voces y enfoques en el Sill\u00f3n Rosa<\/p>\n<p>En paralelo, <strong>AstraZeneca<\/strong> ha estrenado la segunda temporada de su campa\u00f1a <strong><a href=\"https:\/\/www.astrazenecapacientes.es\/home\/oncology\/cancer-de-mama\/el-sillon-rosa.html\" title=\"\" rel=\"nofollow noopener\" target=\"_blank\">El Sill\u00f3n Rosa<\/a><\/strong>, un proyecto que da voz a profesionales sanitarios y pacientes para profundizar en los retos del c\u00e1ncer de mama y su abordaje desde la oncolog\u00eda de precisi\u00f3n. En palabras del onc\u00f3logo Jos\u00e9 \u00c1ngel Garc\u00eda S\u00e1enz, cada 15 minutos se diagnostica un nuevo caso en Espa\u00f1a, y aunque la supervivencia supera el 85%, a\u00fan existen necesidades no cubiertas, especialmente en el c\u00e1ncer de mama metast\u00e1sico.<\/p>\n<p>La doctora Bel\u00e9n P\u00e9rez Mies, especialista en Anatom\u00eda Patol\u00f3gica, destaca el papel crucial de los biomarcadores como HER2, Ki67 o BRCA, que permiten tratamientos \u201ca la carta\u201d, m\u00e1s eficaces y menos t\u00f3xicos. Adem\u00e1s, la secuenciaci\u00f3n masiva, la biopsia l\u00edquida o la inteligencia artificial son herramientas cada vez m\u00e1s integradas en el diagn\u00f3stico y seguimiento.<\/p>\n<p>Pero m\u00e1s all\u00e1 de la tecnolog\u00eda, Garc\u00eda S\u00e1enz subraya el componente humano: \u201cEl diagn\u00f3stico de met\u00e1stasis es una informaci\u00f3n muy sensible. Nuestro papel tambi\u00e9n es humanizar c\u00f3mo la comunicamos y acompa\u00f1ar en el proceso\u201d.<\/p>\n<p>Cuidarse por dentro y por fuera<\/p>\n<p>La atenci\u00f3n integral y la humanizaci\u00f3n del tratamiento tambi\u00e9n estuvieron en el centro de la <strong>VIII Jornada \u2018Juntas contra el C\u00e1ncer\u2019<\/strong>, organizada por HM Hospitales en el Auditorio Reina Sof\u00eda del Hospital HM Sanchinarro. Con m\u00e1s de 200 pacientes presentes, el encuentro se centr\u00f3 en la inmunoterapia, el seguimiento personalizado y el cuidado del bienestar f\u00edsico y emocional.<\/p>\n<p>Bajo el lema <strong>Juntas por nuestra est\u00e9tica y salud sexual<\/strong>, se celebraron mesas redondas y talleres sobre cirug\u00eda reconstructiva, imagen corporal, salud \u00f3sea, fertilidad y sexualidad tras el tratamiento. La jornada tambi\u00e9n ofreci\u00f3 talleres pr\u00e1cticos como el de maquillaje oncol\u00f3gico, que ayud\u00f3 a m\u00e1s de 30 mujeres a reconectar con su imagen y autoestima.<\/p>\n<p>\u201cVivir bien forma parte de la recuperaci\u00f3n. La atenci\u00f3n debe contemplar lo emocional, lo psicol\u00f3gico, lo social. Las pacientes necesitan informaci\u00f3n clara, apoyo emocional y espacios donde compartir experiencias. Esa es tambi\u00e9n medicina\u201d, afirm\u00f3 la onc\u00f3loga Eva Ciruelos, coordinadora del encuentro.<\/p>\n<p>Una nueva visi\u00f3n del c\u00e1ncer de mama<\/p>\n<p>Las campa\u00f1as de Lilly, AstraZeneca y HM Hospitales coinciden en una visi\u00f3n compartida: el c\u00e1ncer de mama es una experiencia vital compleja que debe abordarse desde una atenci\u00f3n m\u00e9dica personalizada y una escucha activa hacia las necesidades reales de las pacientes.<\/p>\n<p>Desde el miedo a la reca\u00edda hasta el cuidado de la salud sexual o la importancia de sentirse comprendidas, las mujeres han tomado la palabra para <a href=\"https:\/\/www.somospacientes.com\/noticias\/al-dia\/de-interes\/remo-para-el-cuidado-de-pacientes-con-cancer-de-mama-asi-funciona-el-proyecto-nereida\/\" title=\"\" rel=\"nofollow noopener\" target=\"_blank\">reclamar un modelo sanitario m\u00e1s humano<\/a>, m\u00e1s preciso y m\u00e1s consciente de que curar no solo significa eliminar un tumor, sino tambi\u00e9n devolver la confianza y calidad de vida a quien lo padece.<\/p>\n","protected":false},"excerpt":{"rendered":"Cada a\u00f1o, m\u00e1s de 37.000 mujeres en Espa\u00f1a se enfrentan a un diagn\u00f3stico de c\u00e1ncer de mama, una&hellip;\n","protected":false},"author":2,"featured_media":185416,"comment_status":"","ping_status":"","sticky":false,"template":"","format":"standard","meta":{"footnotes":""},"categories":[92],"tags":[5738,24078,25,24,165,166,23],"class_list":{"0":"post-185415","1":"post","2":"type-post","3":"status-publish","4":"format-standard","5":"has-post-thumbnail","7":"category-salud","8":"tag-al-dia","9":"tag-de-interes","10":"tag-es","11":"tag-espana","12":"tag-health","13":"tag-salud","14":"tag-spain"},"share_on_mastodon":{"url":"","error":""},"_links":{"self":[{"href":"https:\/\/www.europesays.com\/es\/wp-json\/wp\/v2\/posts\/185415","targetHints":{"allow":["GET"]}}],"collection":[{"href":"https:\/\/www.europesays.com\/es\/wp-json\/wp\/v2\/posts"}],"about":[{"href":"https:\/\/www.europesays.com\/es\/wp-json\/wp\/v2\/types\/post"}],"author":[{"embeddable":true,"href":"https:\/\/www.europesays.com\/es\/wp-json\/wp\/v2\/users\/2"}],"replies":[{"embeddable":true,"href":"https:\/\/www.europesays.com\/es\/wp-json\/wp\/v2\/comments?post=185415"}],"version-history":[{"count":0,"href":"https:\/\/www.europesays.com\/es\/wp-json\/wp\/v2\/posts\/185415\/revisions"}],"wp:featuredmedia":[{"embeddable":true,"href":"https:\/\/www.europesays.com\/es\/wp-json\/wp\/v2\/media\/185416"}],"wp:attachment":[{"href":"https:\/\/www.europesays.com\/es\/wp-json\/wp\/v2\/media?parent=185415"}],"wp:term":[{"taxonomy":"category","embeddable":true,"href":"https:\/\/www.europesays.com\/es\/wp-json\/wp\/v2\/categories?post=185415"},{"taxonomy":"post_tag","embeddable":true,"href":"https:\/\/www.europesays.com\/es\/wp-json\/wp\/v2\/tags?post=185415"}],"curies":[{"name":"wp","href":"https:\/\/api.w.org\/{rel}","templated":true}]}}