{"id":185417,"date":"2025-10-18T16:57:07","date_gmt":"2025-10-18T16:57:07","guid":{"rendered":"https:\/\/www.europesays.com\/es\/185417\/"},"modified":"2025-10-18T16:57:07","modified_gmt":"2025-10-18T16:57:07","slug":"el-festival-de-sitges-premia-como-mejor-pelicula-a-la-hermanastra-fea-version-tortuosa-de-la-cenicienta-cine-estrenos-y-criticas","status":"publish","type":"post","link":"https:\/\/www.europesays.com\/es\/185417\/","title":{"rendered":"El festival de Sitges premia como mejor pel\u00edcula a \u2018La hermanastra fea\u2019, versi\u00f3n tortuosa de \u2018La Cenicienta\u2019 | Cine: estrenos y cr\u00edticas"},"content":{"rendered":"<p class=\"\">La hermanastra fea, \u00f3pera prima de la noruega Emilie Blichfeldt, que ya se ha estrenado en salas comerciales y que afronta el cl\u00e1sico La Cenicienta desde una visi\u00f3n feminista y retorcida al entrar en el subg\u00e9nero de horror corporal, ha sido elegida por el jurado la mejor pel\u00edcula de la 58\u00aa edici\u00f3n del <a href=\"https:\/\/elpais.com\/noticias\/festival-sitges\/\" target=\"_self\" rel=\"nofollow noopener\" title=\"https:\/\/elpais.com\/noticias\/festival-sitges\/\">festival de Sitges.<\/a><\/p>\n<p>M\u00e1s informaci\u00f3n<\/p>\n<p class=\"\">Es la cuarta vez que una directora gana en este certamen tras Surveillance, de <a href=\"https:\/\/elpais.com\/cultura\/2018\/11\/29\/television\/1543520385_405007.html\" target=\"_self\" rel=\"nofollow noopener\" title=\"https:\/\/elpais.com\/cultura\/2018\/11\/29\/television\/1543520385_405007.html\">Jennifer Lynch<\/a>, en 2008; La invitaci\u00f3n, de<a href=\"https:\/\/elpais.com\/cultura\/2016\/04\/09\/actualidad\/1460205771_905258.html\" target=\"_self\" rel=\"nofollow noopener\" title=\"https:\/\/elpais.com\/cultura\/2016\/04\/09\/actualidad\/1460205771_905258.html\"> Karyn Kusama<\/a>, en 2015, y <a href=\"https:\/\/elpais.com\/cultura\/2024-11-15\/el-bano-del-diablo-un-aterrador-drama-historico-sobre-la-depresion-femenina.html\" target=\"_self\" rel=\"nofollow noopener\" title=\"https:\/\/elpais.com\/cultura\/2024-11-15\/el-bano-del-diablo-un-aterrador-drama-historico-sobre-la-depresion-femenina.html\">El ba\u00f1o del diablo,<\/a> codirigida por Veronika Franz y Severin Fiala, en 2004.<\/p>\n<p class=\"\">La hermanastra fea es una comedia negra, bastante perturbadora, que puede recordar en su acercamiento a la dictadura de belleza a <a href=\"https:\/\/elpais.com\/cultura\/2024-10-11\/la-sustancia-demi-moore-sobresale-en-esta-falsa-provocacion-sobre-la-droga-de-la-eterna-juventud.html\" target=\"_self\" rel=\"nofollow noopener\" title=\"https:\/\/elpais.com\/cultura\/2024-10-11\/la-sustancia-demi-moore-sobresale-en-esta-falsa-provocacion-sobre-la-droga-de-la-eterna-juventud.html\">La sustancia, de Coralie Fargeat.<\/a> Elvira es una joven poco agraciada que se convierte en la hermanastra de la bella Agnes. La protagonista est\u00e1 enamorada del pr\u00edncipe de Swedlandia, que no da mucho de s\u00ed entre su engreimiento y su poca inteligencia. Para que se fije en ella, Elvira se someter\u00e1, con la ayuda de su ego\u00edsta madre, unos procesos de cirug\u00eda est\u00e9tica muy primitivos y realmente brutales. Su sonrisa, sus ojos y un cuerpo m\u00e1s delgado despu\u00e9s de engullir un huevo de tenia llamar\u00e1n por fin la atenci\u00f3n del pr\u00edncipe. Obviamente, como ocurre en las pel\u00edculas de Sitges, no habr\u00e1 final feliz.<\/p>\n<p class=\"\">Seg\u00fan el jurado de la secci\u00f3n oficial, formado por Peter Chan, Hernan Findling, Mary Harron, Laura Pedro y Jovanka Vuckovic, La hermanastra fea ha sido elegida por \u201csu originalidad al reinventar un cuento cl\u00e1sico\u201d, han comentado en rueda de prensa este s\u00e1bado al mediod\u00eda, junto al director del certamen, \u00c1ngel Sala, y la directora de la fundaci\u00f3n, M\u00f2nica Garcia, quienes ha anunciado que el certamen ha crecido un 12% respecto al a\u00f1o pasado. <\/p>\n<p class=\"\">El Premio Especial del Jurado ha sido ex aequo para The Furious, del hongkon\u00e9s Kenji Tanagaki, y Obsession, del estadounidense Curry Baker. La primera es un disfrute para el p\u00fablico, que cuenta c\u00f3mo un hombre, experto en artes marciales, lucha por recuperar a su hija, que ha sido secuestrada por una red de tr\u00e1fico de menores. Las peleas est\u00e1n magn\u00edficamente coreografiadas y filmadas, como la que enfrenta a dos bandos y aparece un tercer mat\u00f3n para componer un enfrentamiento a tres bandas. Obsession, que adem\u00e1s ha logrado el premio del p\u00fablico, habla sobre cosificaci\u00f3n de las relaciones rom\u00e1nticas a trav\u00e9s de la obsesi\u00f3n de un chico por su amor plat\u00f3nico. <\/p>\n<p class=\"\">El surcoreano <a href=\"https:\/\/elpais.com\/noticias\/park-chan-wook\/\" target=\"_self\" rel=\"nofollow noopener\" title=\"https:\/\/elpais.com\/noticias\/park-chan-wook\/\">Park Chan-wook,<\/a> grande del cine asi\u00e1tico, ha obtenido el galard\u00f3n a la mejor direcci\u00f3n por No Other Choice, con la que ya compiti\u00f3 en Venecia, y que adapta la novela Los cuchillos largos, de Donald E. Westlake. <\/p>\n<p class=\"\">En las categor\u00edas de interpretaci\u00f3n, la australiana <a href=\"https:\/\/elpais.com\/smoda\/famosos\/rose-byrne-la-fama-y-el-exito-no-revelan-quien-eres-sino-como-eres.html\" target=\"_self\" rel=\"nofollow noopener\" title=\"https:\/\/elpais.com\/smoda\/famosos\/rose-byrne-la-fama-y-el-exito-no-revelan-quien-eres-sino-como-eres.html\">Rose Byrne<\/a> ha ganado en Sitges el mismo premio, el de protagonista, que en la Berlinale por Si pudiera, te dar\u00eda una patada (en el certamen catal\u00e1n el trofeo es a mejor protagonista femenina, ya que s\u00ed hay distinci\u00f3n por g\u00e9neros en Sitges, lo que no ocurre en festival de Berl\u00edn) por su arriesgada creaci\u00f3n \u2014omnipresente en pantalla\u2014 de una terapeuta al l\u00edmite de su salud f\u00edsica y metal con una hija enferma, un marido ausente y una casa que a casa se viene abajo. Joel Edgerton y los ni\u00f1os reci\u00e9n llegados a la adolescencia de La plaga han obtenido en conjunto el premio a mejor protagonista masculino gracias a su labor coordinada en este drama sobre bullying en un campamento de waterpolo masculino.<\/p>\n<p>Tom Hiddleston, a la derecha, en &#8216;La vida de Chuck&#8217;.<\/p>\n<p class=\"\">En el resto del palmar\u00e9s destaca el premio a mejor fotograf\u00eda para el argentino Diego Tenorio por su trabajo en La virgen de la Tosquera, dirigida por Laura Casab\u00e9, que se basa en varios relatos de <a href=\"https:\/\/elpais.com\/noticias\/mariana-enriquez\/\" target=\"_self\" rel=\"nofollow noopener\" title=\"https:\/\/elpais.com\/noticias\/mariana-enriquez\/\">Mariana Enriquez. <\/a>La cr\u00edtica ha concedido otro ex aequo a mejor pel\u00edcula, en su caso para <a href=\"https:\/\/elpais.com\/cultura\/cine\/2025-10-17\/la-vida-de-chuck-stephen-king-contiene-multitudes.html\" target=\"_self\" rel=\"nofollow noopener\" title=\"https:\/\/elpais.com\/cultura\/cine\/2025-10-17\/la-vida-de-chuck-stephen-king-contiene-multitudes.html\">La vida de Chuck, <\/a>en la que Mike Flanagan adapta un relato de Stephen King, y para Reflection On A Dead Diamond, en la que H\u00e9l\u00e8ne Cattet y Bruno Forzani repiten su estilo alambicado.<\/p>\n<p class=\"\">Como explicaron los responsables del certamen, la edici\u00f3n de 2026 tendr\u00e1 como leit motiv las diferentes encarnaciones del mal. Para ello recordar\u00e1n el 50\u00ba aniversario de La profec\u00eda y se recordar\u00e1 el 50\u00ba aniversario de \u00bfQui\u00e9n puede matar a un ni\u00f1o? y de Carrie, el 40\u00ba aniversario de Los inmortales y dedicar\u00e1n un foco a la productora brit\u00e1nica Hammer.<\/p>\n","protected":false},"excerpt":{"rendered":"La hermanastra fea, \u00f3pera prima de la noruega Emilie Blichfeldt, que ya se ha estrenado en salas comerciales&hellip;\n","protected":false},"author":2,"featured_media":185418,"comment_status":"","ping_status":"","sticky":false,"template":"","format":"standard","meta":{"footnotes":""},"categories":[91],"tags":[1014,1015,177,11365,209,9265,146,147,25,24,49979,33098,753,23,19732],"class_list":{"0":"post-185417","1":"post","2":"type-post","3":"status-publish","4":"format-standard","5":"has-post-thumbnail","7":"category-entretenimiento","8":"tag-actores","9":"tag-actrices","10":"tag-cine","11":"tag-cine-terror","12":"tag-cultura","13":"tag-directores-cine","14":"tag-entertainment","15":"tag-entretenimiento","16":"tag-es","17":"tag-espana","18":"tag-festival-sitges","19":"tag-park-chan-wook","20":"tag-peliculas","21":"tag-spain","22":"tag-stephen-king"},"share_on_mastodon":{"url":"","error":""},"_links":{"self":[{"href":"https:\/\/www.europesays.com\/es\/wp-json\/wp\/v2\/posts\/185417","targetHints":{"allow":["GET"]}}],"collection":[{"href":"https:\/\/www.europesays.com\/es\/wp-json\/wp\/v2\/posts"}],"about":[{"href":"https:\/\/www.europesays.com\/es\/wp-json\/wp\/v2\/types\/post"}],"author":[{"embeddable":true,"href":"https:\/\/www.europesays.com\/es\/wp-json\/wp\/v2\/users\/2"}],"replies":[{"embeddable":true,"href":"https:\/\/www.europesays.com\/es\/wp-json\/wp\/v2\/comments?post=185417"}],"version-history":[{"count":0,"href":"https:\/\/www.europesays.com\/es\/wp-json\/wp\/v2\/posts\/185417\/revisions"}],"wp:featuredmedia":[{"embeddable":true,"href":"https:\/\/www.europesays.com\/es\/wp-json\/wp\/v2\/media\/185418"}],"wp:attachment":[{"href":"https:\/\/www.europesays.com\/es\/wp-json\/wp\/v2\/media?parent=185417"}],"wp:term":[{"taxonomy":"category","embeddable":true,"href":"https:\/\/www.europesays.com\/es\/wp-json\/wp\/v2\/categories?post=185417"},{"taxonomy":"post_tag","embeddable":true,"href":"https:\/\/www.europesays.com\/es\/wp-json\/wp\/v2\/tags?post=185417"}],"curies":[{"name":"wp","href":"https:\/\/api.w.org\/{rel}","templated":true}]}}