{"id":185421,"date":"2025-10-18T17:00:11","date_gmt":"2025-10-18T17:00:11","guid":{"rendered":"https:\/\/www.europesays.com\/es\/185421\/"},"modified":"2025-10-18T17:00:11","modified_gmt":"2025-10-18T17:00:11","slug":"el-hermano-de-la-mujer-que-denuncio-al-principe-andres-celebra-su-renuncia-al-titulo-real","status":"publish","type":"post","link":"https:\/\/www.europesays.com\/es\/185421\/","title":{"rendered":"El hermano de la mujer que denunci\u00f3 al pr\u00edncipe Andr\u00e9s celebra su renuncia al t\u00edtulo real"},"content":{"rendered":"<p>    <img src=\"https:\/\/www.europesays.com\/es\/wp-content\/uploads\/2025\/10\/2025-10-18T153A433A41Z-90188507.jpg\" width=\"1024\" height=\"576\" alt=\"\" loading=\"eager\" decoding=\"sync\" fetchpriority=\"high\"\/><\/p>\n<p>            afp_tickers        <\/p>\n<p>        Este contenido fue publicado en    <\/p>\n<p>        18 octubre 2025 &#8211; 17:59\n<\/p>\n<p>La renuncia del pr\u00edncipe Andr\u00e9s a su t\u00edtulo real \u00abreivindica\u00bb a su presunta v\u00edctima de agresi\u00f3n sexual, afirm\u00f3 su familia, en momentos en los que el rey Carlos III intenta poner fin a un esc\u00e1ndalo que da\u00f1a a la monarqu\u00eda brit\u00e1nica.<\/p>\n<p>Andr\u00e9s, de 65 a\u00f1os, renunci\u00f3 el viernes a su t\u00edtulo de duque de York bajo la presi\u00f3n de su hermano Carlos, tras nuevas revelaciones sobre sus v\u00ednculos con el criminal sexual estadounidense Jeffrey Epstein.<\/p>\n<p>Virginia Giuffre, quien lo denunci\u00f3 y se suicid\u00f3 este a\u00f1o, \u00abestar\u00eda muy orgullosa\u00bb por la noticia, declar\u00f3 el viernes su hermano, Sky Roberts.<\/p>\n<p>\u00abHoy hemos derramado muchas l\u00e1grimas de felicidad y tristeza (\u2026) porque, en muchos aspectos, esto reivindica a Virginia. Todos los a\u00f1os de trabajo que ella dedic\u00f3 ahora est\u00e1n llegando a alg\u00fan tipo de justicia\u00bb, a\u00f1adi\u00f3 en declaraciones a la BBC.<\/p>\n<p>El pr\u00edncipe Andr\u00e9s, que renuncia as\u00ed a los \u00faltimos honores mon\u00e1rquicos, ha vuelto a negar \u00abcateg\u00f3ricamente las acusaciones\u00bb.<\/p>\n<p>Esta decisi\u00f3n se produce poco antes de la visita de Estado del rey Carlos y la reina Camila al Vaticano, donde se reunir\u00e1n esta semana con el papa Le\u00f3n XIV, un momento solemne que corre el riesgo de verse empa\u00f1ado por nuevas revelaciones.<\/p>\n<p>El martes sale a la venta \u00abNobody\u2019s Girl: A Memoir of Surviving Abuse and Fighting for Justice\u00bb, el libro p\u00f3stumo de Giuffre, que amenaza con ser demoledor para el pr\u00edncipe.<\/p>\n<p>Seg\u00fan extractos revelados esta semana, la estadounidense relata que tuvo relaciones sexuales con Andr\u00e9s en tres ocasiones distintas, incluido un encuentro cuando ten\u00eda 17 a\u00f1os.<\/p>\n<p>Asegura tambi\u00e9n que este se comportaba como si tener sexo con ella fuera su \u00abderecho de nacimiento\u00bb.<\/p>\n<p>Poco despu\u00e9s del anuncio de la renuncia, miembros dem\u00f3cratas de una comisi\u00f3n de la C\u00e1mara de Representantes de Estados Unidos publicaron documentos del patrimonio de Epstein que muestran que Andr\u00e9s viaj\u00f3 al menos cuatro veces en el jet privado del financiero.<\/p>\n<p>Seg\u00fan estos registros de vuelo, el \u00abpr\u00edncipe Andr\u00e9s\u00bb figura como pasajero dos veces en 1999, una vez en 2000 junto a Epstein y su compa\u00f1era y c\u00f3mplice Ghislaine Maxwell, y de nuevo con ella en 2006.<\/p>\n<p>\u2013 \u00abUna hero\u00edna\u00bb \u2013<\/p>\n<p>El viernes, el hermano de Virginia Giuffre se ofreci\u00f3 a reunirse con miembros del Parlamento brit\u00e1nico e incluso con el rey Carlos III para \u00abpresentarles las pruebas (\u2026) disponibles para seguir haciendo o\u00edr su voz\u00bb.<\/p>\n<p>\u00abEs muy importante que el mundo sepa lo heroica que fue, pero tambi\u00e9n lo mucho que resta por descubrir\u00bb sobre el caso Epstein, a\u00f1adi\u00f3 Roberts.<\/p>\n<p>El tercer hijo de la fallecida reina Isabel II, que seguir\u00e1 siendo pr\u00edncipe, se retir\u00f3 de la vida p\u00fablica tras una escandalosa entrevista televisiva en 2019, en la cual no mostr\u00f3 arrepentimiento por su amistad con Epstein ni la menor empat\u00eda por las v\u00edctimas del financiero estadounidense.<\/p>\n<p>Tambi\u00e9n fue despojado de sus t\u00edtulos militares en 2022. En la pol\u00e9mica entrevista, Andr\u00e9s asegur\u00f3 que hab\u00eda cortado la relaci\u00f3n con Epstein en 2010.<\/p>\n<p>Pero otras revelaciones salieron esta semana en la prensa brit\u00e1nica, afirmando que Andr\u00e9s minti\u00f3 entonces, porque sigui\u00f3 en contacto con el financiero estadounidense despu\u00e9s de esa fecha.<\/p>\n<p>En un mail en febrero de 2011 escrib\u00eda: \u00ab\u00a1sigamos en contacto, volveremos a jugar juntos pronto!\u00bb, seg\u00fan la prensa.<\/p>\n<p>Epstein, por su parte, fue hallado muerto en prisi\u00f3n en 2019 mientras esperaba ser juzgado por tr\u00e1fico de menores con fines sexuales.<\/p>\n<p>Estas nuevas revelaciones, sumadas a la relaci\u00f3n del pr\u00edncipe con un supuesto esp\u00eda chino, exasperaron al Palacio de Buckingham y llevaron a Andr\u00e9s a reconocer que estas acusaciones \u00abperjudican el trabajo de Su Majestad y de la familia real\u00bb.<\/p>\n<p>El pr\u00edncipe siempre ha negado las acusaciones de agresi\u00f3n sexual y evit\u00f3 un juicio en Nueva York tras llegar a un acuerdo millonario con Giuffre, que hab\u00eda iniciado acciones legales en su contra en 2021.<\/p>\n<p>La mujer, sin embargo, se suicid\u00f3 en abril pasado a los 41 a\u00f1os de edad en su granja de Australia Occidental.<\/p>\n<p>pdh\/rnr\/an\/mmy\/eg<\/p>\n","protected":false},"excerpt":{"rendered":"afp_tickers Este contenido fue publicado en 18 octubre 2025 &#8211; 17:59 La renuncia del pr\u00edncipe Andr\u00e9s a su&hellip;\n","protected":false},"author":2,"featured_media":185422,"comment_status":"","ping_status":"","sticky":false,"template":"","format":"standard","meta":{"footnotes":""},"categories":[42],"tags":[25887,17,18,11892,13,14,11,10110,39605,61,62,63,64,19,20,7657,9,10,15,16,25891,2005,90,12,21,22,65,66,67],"class_list":{"0":"post-185421","1":"post","2":"type-post","3":"status-publish","4":"format-standard","5":"has-post-thumbnail","7":"category-internacional","8":"tag-assault-general","9":"tag-breaking-news","10":"tag-breakingnews","11":"tag-crime","12":"tag-featured-news","13":"tag-featurednews","14":"tag-headlines","15":"tag-human-interest","16":"tag-imperial-and-royal-matters","17":"tag-internacional","18":"tag-international","19":"tag-international-news","20":"tag-internationalnews","21":"tag-latest-news","22":"tag-latestnews","23":"tag-law-and-order","24":"tag-news","25":"tag-noticias","26":"tag-noticias-destacadas","27":"tag-noticiasdestacadas","28":"tag-sexual-assault","29":"tag-society","30":"tag-ticker","31":"tag-titulares","32":"tag-ultimas-noticias","33":"tag-ultimasnoticias","34":"tag-world","35":"tag-world-news","36":"tag-worldnews"},"share_on_mastodon":{"url":"","error":""},"_links":{"self":[{"href":"https:\/\/www.europesays.com\/es\/wp-json\/wp\/v2\/posts\/185421","targetHints":{"allow":["GET"]}}],"collection":[{"href":"https:\/\/www.europesays.com\/es\/wp-json\/wp\/v2\/posts"}],"about":[{"href":"https:\/\/www.europesays.com\/es\/wp-json\/wp\/v2\/types\/post"}],"author":[{"embeddable":true,"href":"https:\/\/www.europesays.com\/es\/wp-json\/wp\/v2\/users\/2"}],"replies":[{"embeddable":true,"href":"https:\/\/www.europesays.com\/es\/wp-json\/wp\/v2\/comments?post=185421"}],"version-history":[{"count":0,"href":"https:\/\/www.europesays.com\/es\/wp-json\/wp\/v2\/posts\/185421\/revisions"}],"wp:featuredmedia":[{"embeddable":true,"href":"https:\/\/www.europesays.com\/es\/wp-json\/wp\/v2\/media\/185422"}],"wp:attachment":[{"href":"https:\/\/www.europesays.com\/es\/wp-json\/wp\/v2\/media?parent=185421"}],"wp:term":[{"taxonomy":"category","embeddable":true,"href":"https:\/\/www.europesays.com\/es\/wp-json\/wp\/v2\/categories?post=185421"},{"taxonomy":"post_tag","embeddable":true,"href":"https:\/\/www.europesays.com\/es\/wp-json\/wp\/v2\/tags?post=185421"}],"curies":[{"name":"wp","href":"https:\/\/api.w.org\/{rel}","templated":true}]}}