{"id":185426,"date":"2025-10-18T17:04:23","date_gmt":"2025-10-18T17:04:23","guid":{"rendered":"https:\/\/www.europesays.com\/es\/185426\/"},"modified":"2025-10-18T17:04:23","modified_gmt":"2025-10-18T17:04:23","slug":"la-transformacion-de-la-plaza-de-toros-saldra-del-concurso-internacional-europan18","status":"publish","type":"post","link":"https:\/\/www.europesays.com\/es\/185426\/","title":{"rendered":"La transformaci\u00f3n de la Plaza de Toros saldr\u00e1 del concurso internacional &#8216;Europan18&#8217;"},"content":{"rendered":"<p><a class=\"a2a_button_facebook\" href=\"https:\/\/www.addtoany.com\/add_to\/facebook?linkurl=https%3A%2F%2Fgetafe.es%2Fla-transformacion-de-la-plaza-de-toros-saldra-del-concurso-internacional-europan18%2F&amp;linkname=La%20transformaci%C3%B3n%20de%20la%20Plaza%20de%20Toros%20saldr%C3%A1%20del%20concurso%20internacional%20%E2%80%98Europan18%E2%80%99\" title=\"Facebook\" rel=\"nofollow noopener\" target=\"_blank\"><a class=\"a2a_button_twitter\" href=\"https:\/\/www.addtoany.com\/add_to\/twitter?linkurl=https%3A%2F%2Fgetafe.es%2Fla-transformacion-de-la-plaza-de-toros-saldra-del-concurso-internacional-europan18%2F&amp;linkname=La%20transformaci%C3%B3n%20de%20la%20Plaza%20de%20Toros%20saldr%C3%A1%20del%20concurso%20internacional%20%E2%80%98Europan18%E2%80%99\" title=\"Twitter\" rel=\"nofollow noopener\" target=\"_blank\"><a class=\"a2a_button_whatsapp\" href=\"https:\/\/www.addtoany.com\/add_to\/whatsapp?linkurl=https%3A%2F%2Fgetafe.es%2Fla-transformacion-de-la-plaza-de-toros-saldra-del-concurso-internacional-europan18%2F&amp;linkname=La%20transformaci%C3%B3n%20de%20la%20Plaza%20de%20Toros%20saldr%C3%A1%20del%20concurso%20internacional%20%E2%80%98Europan18%E2%80%99\" title=\"WhatsApp\" rel=\"nofollow noopener\" target=\"_blank\"><a class=\"a2a_button_telegram\" href=\"https:\/\/www.addtoany.com\/add_to\/telegram?linkurl=https%3A%2F%2Fgetafe.es%2Fla-transformacion-de-la-plaza-de-toros-saldra-del-concurso-internacional-europan18%2F&amp;linkname=La%20transformaci%C3%B3n%20de%20la%20Plaza%20de%20Toros%20saldr%C3%A1%20del%20concurso%20internacional%20%E2%80%98Europan18%E2%80%99\" title=\"Telegram\" rel=\"nofollow noopener\" target=\"_blank\"><a class=\"a2a_dd addtoany_share_save addtoany_share\" href=\"https:\/\/www.addtoany.com\/share\" rel=\"nofollow noopener\" target=\"_blank\"><img decoding=\"async\" src=\"https:\/\/www.europesays.com\/es\/wp-content\/uploads\/2025\/09\/compartir.png\" alt=\"Share\"\/><\/a><\/p>\n<p><strong>El Gobierno Municipal quiere convertirla en un espacio multidisciplinar respetuoso con el descanso en el entorno<\/strong><\/p>\n<p>El Comit\u00e9 Nacional de Europan, ha aprobado los nueve emplazamientos espa\u00f1oles que participar\u00e1n en la XVIII edici\u00f3n de este prestigioso concurso internacional de ideas, que contar\u00e1 con la transformaci\u00f3n de la Plaza de Toros de Getafe entre ellos. Adem\u00e1s, participar\u00e1n otras ciudades como Barcelona, Madrid, Santa Pola y los gobiernos auton\u00f3micos de Pa\u00eds Vasco, Asturias, Islas Baleares o Extremadura.<\/p>\n<p>En su presentaci\u00f3n, Getafe ha puesto en valor que este proyecto puede ser replicable en las m\u00e1s de 1.400 edificaciones de este tipo que est\u00e1n en desuso en nuestro pa\u00eds. Tambi\u00e9n su cercan\u00eda a espacios de ocio y encuentro como el Recinto Ferial, la Ciudad de los Ni\u00f1os, o la estaci\u00f3n de El Casar que adem\u00e1s contar\u00e1 con la conexi\u00f3n de la l\u00ednea 3 de Metro Madrid y Metro Sur.<\/p>\n<p>\u2018Europan\u2019 es un concurso internacional que cuenta con la participaci\u00f3n de arquitectos, paisajistas y urbanistas menores de 40 a\u00f1os, que presentan proyectos innovadores de primer nivel. En esta edici\u00f3n tambi\u00e9n se trabajar\u00e1n otras propuestas de pa\u00edses como Austria, Croacia, Alemania, Finlandia, Francia, Italia, Portugal, Pa\u00edses Bajos, Noruega, Suecia y Suiza.<\/p>\n<p>El pr\u00f3ximo 3 de marzo se publicar\u00e1 oficialmente el concurso, que pasar\u00e1 por varias fases culminando entre los meses de octubre y noviembre con los fallos de los jurados y el anuncio de los resultados.<\/p>\n","protected":false},"excerpt":{"rendered":"El Gobierno Municipal quiere convertirla en un espacio multidisciplinar respetuoso con el descanso en el entorno El Comit\u00e9&hellip;\n","protected":false},"author":2,"featured_media":185427,"comment_status":"","ping_status":"","sticky":false,"template":"","format":"standard","meta":{"footnotes":""},"categories":[277],"tags":[373,168,25,24,52289,13723,1389,23,167,374],"class_list":{"0":"post-185426","1":"post","2":"type-post","3":"status-publish","4":"format-standard","5":"has-post-thumbnail","7":"category-toreo","8":"tag-bullfighting","9":"tag-deportes","10":"tag-es","11":"tag-espana","12":"tag-europan18","13":"tag-getafe","14":"tag-plaza-de-toros","15":"tag-spain","16":"tag-sports","17":"tag-toreo"},"share_on_mastodon":{"url":"","error":""},"_links":{"self":[{"href":"https:\/\/www.europesays.com\/es\/wp-json\/wp\/v2\/posts\/185426","targetHints":{"allow":["GET"]}}],"collection":[{"href":"https:\/\/www.europesays.com\/es\/wp-json\/wp\/v2\/posts"}],"about":[{"href":"https:\/\/www.europesays.com\/es\/wp-json\/wp\/v2\/types\/post"}],"author":[{"embeddable":true,"href":"https:\/\/www.europesays.com\/es\/wp-json\/wp\/v2\/users\/2"}],"replies":[{"embeddable":true,"href":"https:\/\/www.europesays.com\/es\/wp-json\/wp\/v2\/comments?post=185426"}],"version-history":[{"count":0,"href":"https:\/\/www.europesays.com\/es\/wp-json\/wp\/v2\/posts\/185426\/revisions"}],"wp:featuredmedia":[{"embeddable":true,"href":"https:\/\/www.europesays.com\/es\/wp-json\/wp\/v2\/media\/185427"}],"wp:attachment":[{"href":"https:\/\/www.europesays.com\/es\/wp-json\/wp\/v2\/media?parent=185426"}],"wp:term":[{"taxonomy":"category","embeddable":true,"href":"https:\/\/www.europesays.com\/es\/wp-json\/wp\/v2\/categories?post=185426"},{"taxonomy":"post_tag","embeddable":true,"href":"https:\/\/www.europesays.com\/es\/wp-json\/wp\/v2\/tags?post=185426"}],"curies":[{"name":"wp","href":"https:\/\/api.w.org\/{rel}","templated":true}]}}