{"id":185475,"date":"2025-10-18T17:39:09","date_gmt":"2025-10-18T17:39:09","guid":{"rendered":"https:\/\/www.europesays.com\/es\/185475\/"},"modified":"2025-10-18T17:39:09","modified_gmt":"2025-10-18T17:39:09","slug":"montserrat-tura-y-memorial-democratic-recuperan-la-voz-de-victimas-de-deportacion-nazi-en-un-libro","status":"publish","type":"post","link":"https:\/\/www.europesays.com\/es\/185475\/","title":{"rendered":"Montserrat Tura y Memorial Democr\u00e0tic recuperan la voz de v\u00edctimas de deportaci\u00f3n nazi en un libro"},"content":{"rendered":"<p><img id=\"fotoPrincipalNoticia\" src=\"https:\/\/www.europesays.com\/es\/wp-content\/uploads\/2025\/10\/fotonoticia_20251018192012_690.jpg\" loading=\"eager\" decoding=\"async\" style=\"view-transition-name: fechor_20251018192012;\" border=\"0\" alt=\"El conseller de Justicia y Calidad Democr\u00e1tica, Ramon Espadaler, y la autora del libro, Montserrat Tura\" fetchpriority=\"high\" title=\"Montserrat Tura y Memorial Democr\u00e0tic recuperan la voz de v\u00edctimas de deportaci\u00f3n nazi en un libro\" width=\"690\" height=\"518\" itemprop=\"image\"\/><\/p>\n<p>El conseller de Justicia y Calidad Democr\u00e1tica, Ramon Espadaler, y la autora del libro, Montserrat Tura &#8211; GENERALITAT DE CATALUNYA<\/p>\n<p>   BARCELONA 18 Oct. (EUROPA PRESS) &#8211; <\/p>\n<p>   El Memorial Democr\u00e0tic ha presentado este s\u00e1bado el libro &#8216;On es pon l&#8217;esperan\u00e7a&#8217;, de la exconsellera Montserrat Tura, una obra que recupera la voz y la memoria de 5 vecinos de Mollet del Vall\u00e8s (Barcelona) v\u00edctimas de la deportaci\u00f3n nazi, informa la Conselleria de Justicia y Calidad Democr\u00e1tica en un comunicado.<\/p>\n<p>    El conseller de Justicia y Calidad Democr\u00e1tica, Ramon Espadaler, ha presidido la presentaci\u00f3n del libro y ha subrayado la importancia de preservar estos relatos para reforzar la memoria colectiva: \u00abRecuperar estas voces y evitar que caigan en el olvido es un acto de justicia hist\u00f3rica y, al mismo tiempo, un compromiso de futuro con el nunca m\u00e1s\u00bb.<\/p>\n<p>    El libro se integra en la colecci\u00f3n &#8216;Mem\u00f2ries&#8217; del Memorial Democr\u00e0tic, una colecci\u00f3n que recoge testimonios &#8211;reconocidos o an\u00f3nimos&#8211; que han dejado constancia oral o escrita de experiencias significativas vinculadas a per\u00edodos o hechos hist\u00f3ricos concretos.<\/p>\n","protected":false},"excerpt":{"rendered":"El conseller de Justicia y Calidad Democr\u00e1tica, Ramon Espadaler, y la autora del libro, Montserrat Tura &#8211; GENERALITAT&hellip;\n","protected":false},"author":2,"featured_media":185476,"comment_status":"","ping_status":"","sticky":false,"template":"","format":"standard","meta":{"footnotes":""},"categories":[172],"tags":[224,146,147,25,24,225,23],"class_list":{"0":"post-185475","1":"post","2":"type-post","3":"status-publish","4":"format-standard","5":"has-post-thumbnail","7":"category-libros","8":"tag-books","9":"tag-entertainment","10":"tag-entretenimiento","11":"tag-es","12":"tag-espana","13":"tag-libros","14":"tag-spain"},"share_on_mastodon":{"url":"","error":""},"_links":{"self":[{"href":"https:\/\/www.europesays.com\/es\/wp-json\/wp\/v2\/posts\/185475","targetHints":{"allow":["GET"]}}],"collection":[{"href":"https:\/\/www.europesays.com\/es\/wp-json\/wp\/v2\/posts"}],"about":[{"href":"https:\/\/www.europesays.com\/es\/wp-json\/wp\/v2\/types\/post"}],"author":[{"embeddable":true,"href":"https:\/\/www.europesays.com\/es\/wp-json\/wp\/v2\/users\/2"}],"replies":[{"embeddable":true,"href":"https:\/\/www.europesays.com\/es\/wp-json\/wp\/v2\/comments?post=185475"}],"version-history":[{"count":0,"href":"https:\/\/www.europesays.com\/es\/wp-json\/wp\/v2\/posts\/185475\/revisions"}],"wp:featuredmedia":[{"embeddable":true,"href":"https:\/\/www.europesays.com\/es\/wp-json\/wp\/v2\/media\/185476"}],"wp:attachment":[{"href":"https:\/\/www.europesays.com\/es\/wp-json\/wp\/v2\/media?parent=185475"}],"wp:term":[{"taxonomy":"category","embeddable":true,"href":"https:\/\/www.europesays.com\/es\/wp-json\/wp\/v2\/categories?post=185475"},{"taxonomy":"post_tag","embeddable":true,"href":"https:\/\/www.europesays.com\/es\/wp-json\/wp\/v2\/tags?post=185475"}],"curies":[{"name":"wp","href":"https:\/\/api.w.org\/{rel}","templated":true}]}}