{"id":185518,"date":"2025-10-18T18:07:12","date_gmt":"2025-10-18T18:07:12","guid":{"rendered":"https:\/\/www.europesays.com\/es\/185518\/"},"modified":"2025-10-18T18:07:12","modified_gmt":"2025-10-18T18:07:12","slug":"minipodio-de-carlos-sainz-en-el-sprint-mas-accidentado-de-la-historia","status":"publish","type":"post","link":"https:\/\/www.europesays.com\/es\/185518\/","title":{"rendered":"Minipodio de Carlos Sainz en el sprint m\u00e1s accidentado de la historia"},"content":{"rendered":"<p data-journey-content=\"true\" data-node-id=\"3\" class=\"css-6wxqfj emevuu60\">Si te has acordado del Gran Premio de B\u00e9lgica de 1998, no te culpar\u00e9. El Circuito de las Am\u00e9ricas ha emulado a una de las salidas m\u00e1s accidentadas de todos los tiempos en la F\u00f3rmula 1: tres bajas confirmadas, casi la mitad de los monoplazas heridos, los dos McLaren fuera y, c\u00f3mo no, un nuevo infortunio para Fernando Alonso. El escenario perfecto para que Max Verstappen se enganche a\u00fan m\u00e1s al mundial de F1.<\/p>\n<p>La carrera al sprint m\u00e1s ca\u00f3tica de la historia<\/p>\n<p data-journey-content=\"true\" data-node-id=\"7\" class=\"css-6wxqfj emevuu60\">Ya no son 63 puntos de distancia, sino 55. Y faltan cinco carreras m\u00e1s, adem\u00e1s de los sprints de Brasil y Catar. S\u00ed, hablo de la desventaja abismal que contin\u00faa disminuyendo Max Verstappen sobre los McLaren a pasos agigantados. Una remontada que, de consumarse en Abu Dhabi, pasar\u00eda a los anales de la historia de la F\u00f3rmula 1. Y ya sabemos que si alguien es capaz de romper cualquier creencia y estad\u00edstica del Gran Circo, ese piloto (o mejor dicho, le\u00f3n) es el indomable Max Emilian.<\/p>\n<p data-journey-content=\"true\" data-node-id=\"9\" class=\"css-6wxqfj emevuu60\">Al tetracampe\u00f3n del mundo se le alinearon los astros en la salida m\u00e1s accidentada de la temporada 2025 de F\u00f3rmula 1&#8230; De largo. Todo comenz\u00f3 con un amago de Fernando Alonso a Nico H\u00fclkenberg, sincronizado con un intento de contratrazada de Oscar Piastri a su compa\u00f1ero y oponente Lando Norris.<\/p>\n<p data-journey-content=\"true\" data-node-id=\"13\" class=\"css-6wxqfj emevuu60\">Sendas maniobras paralelas coincidieron en el espacio-tiempo, impactando los cuatro entre ellos. Una reacci\u00f3n en cadena que dej\u00f3 fuera de combate a sendos MCL39, al alem\u00e1n de Sauber trompeado y, c\u00f3mo no, al Aston Martin del bicampe\u00f3n del mundo con da\u00f1os terminales en su rueda trasera derecha. La mala suerte contin\u00faa persiguiendo al espa\u00f1ol, mientras que la diosa Fortuna se ceb\u00f3 y castig\u00f3 en demas\u00eda al muro liderado por Zak Brown y Andrea Stella, sin &#8216;Papaya Rules&#8217; de por medio en esta ocasi\u00f3n.<\/p>\n<p><img draggable=\"true\" alt=\"austin protagoniza la salida m\u00e1s accidentada en la historia de las carreras al sprint de f1\" title=\"Austin protagoniza la salida m\u00e1s accidentada en la historia de las carreras al sprint de F1\" loading=\"lazy\" width=\"5611\" height=\"3741\" decoding=\"async\" data-nimg=\"1\" style=\"color:transparent;width:100%;height:auto;\"   src=\"https:\/\/www.europesays.com\/es\/wp-content\/uploads\/2025\/10\/lando-norris-of-great-britain-and-mclaren-and-oscar-piastri-news-photo-1760810736.pjpeg\" class=\"css-0 e1g79fud0\"\/><a target=\"_blank\" rel=\"noopener nofollow\" data-theme-key=\"base-link\" href=\"https:\/\/pinterest.com\/pin\/create\/button\/?url=https:\/\/www.caranddriver.com\/es\/formula-1\/a69081303\/minipodio-carlos-sainz-sprint-mas-accidentado-historia-f1-fernando-alonso-mclaren-ko\/&amp;description=&amp;media=https:\/\/hips.hearstapps.com\/hmg-prod\/images\/lando-norris-of-great-britain-and-mclaren-and-oscar-piastri-news-photo-1760810736.pjpeg?resize=1600:*\" class=\"pinterest css-on9hn5 e1c1bym14\"><img decoding=\"async\" data-dynamic-svg=\"true\" src=\"https:\/\/www.caranddriver.com\/_assets\/design-tokens\/fre\/static\/icons\/social\/pinterest.e8cf655.svg?primary=%2523ffffff\" loading=\"lazy\" data-testid=\"dynamic-svg-base\" height=\"auto\" width=\"auto\" alt=\"pinterest\" class=\"css-4lml0h e1mlxuuw1\"\/><\/a><\/p>\n<p>Kym Illman\/\/Getty Images<\/p>\n<p data-journey-content=\"true\" data-node-id=\"16\" class=\"css-6wxqfj emevuu60\">Un popurr\u00ed de accidentes, alerones desfragmentados y ruedas desllantadas en el que los principales beneficiados fueron el Red Bull de Verstappen y, ojo a esto, el Williams de Carlos Sainz. Efectivamente. El piloto madrile\u00f1o se aup\u00f3 a la tercera posici\u00f3n, acompa\u00f1ado por la decoraci\u00f3n retro de su FW47 que tanto recuerda al FW24 del 2002 que pilotaron Juan Pablo Montoya y Ralf Schumacher. Parece que el cambio de pintura le ha devuelto la velocidad a la formaci\u00f3n de Grove.<\/p>\n<p data-journey-content=\"true\" data-node-id=\"18\" class=\"css-6wxqfj emevuu60\">Esquivar accidentes fue la clave de un sprint que ser\u00e1 recordado durante a\u00f1os, por no decir d\u00e9cadas. Esquivar los obst\u00e1culos m\u00f3viles fue determinante para finalizar en las posiciones delanteras de la carrera al sprint. Si no, que se lo digan a George Russell, que atac\u00f3 sin cesar (y sin \u00e9xito) a Verstappen por el mini triunfo, o a los Ferrari. Para rematar, la guinda del pastel la coloc\u00f3 Lance Stroll en su ataque desmedido contra el Haas de Esteban Ocon. El canadiense fue tan certero en la rampa de la curva 1 como los mejores kamikazes.<\/p>\n<p data-journey-content=\"true\" data-node-id=\"20\" class=\"css-6wxqfj emevuu60\">Y dec\u00edan que las carreras al sprint no eran divertidas&#8230;<\/p>\n<p>        Resultados Carrera al Sprint &#8211; GP de EE.UU. F1 2025             F\u00f3rmula 1<a target=\"_blank\" rel=\"nofollow noopener\" data-theme-key=\"product-image-wrapper\" href=\"https:\/\/go.redirectingat.com?id=86370X1598422&amp;url=https%3A%2F%2Fstore.ferrari.com%2Fes-es%2Freplica%2Freplica-scuderia-ferrari%2Fcamisetas%2Fcamiseta-replica-puma-for-scuderia-ferrari-hp-monza-2025-edicion-limitada-LA0AEf02.html\" aria-label=\"90\u00a0$ en ferrari.com for Edici\u00f3n Limitada Camiseta R\u00e9plica Puma Scuderia Ferrari HP Monza 2025\" data-href=\"https:\/\/store.ferrari.com\/es-es\/replica\/replica-scuderia-ferrari\/camisetas\/camiseta-replica-puma-for-scuderia-ferrari-hp-monza-2025-edicion-limitada-LA0AEf02.html\" data-product-url=\"https:\/\/store.ferrari.com\/es-es\/replica\/replica-scuderia-ferrari\/camisetas\/camiseta-replica-puma-for-scuderia-ferrari-hp-monza-2025-edicion-limitada-LA0AEf02.html\" data-affiliate=\"true\" data-affiliate-url=\"https:\/\/go.redirectingat.com?id=86370X1598422&amp;url=https%3A%2F%2Fstore.ferrari.com%2Fes-es%2Freplica%2Freplica-scuderia-ferrari%2Fcamisetas%2Fcamiseta-replica-puma-for-scuderia-ferrari-hp-monza-2025-edicion-limitada-LA0AEf02.html\" data-affiliate-network=\"{&quot;site_id&quot;:&quot;bf230aaf-b86d-4bc7-8e37-4bb98b5f8571&quot;,&quot;network&quot;:{&quot;name&quot;:&quot;&quot;},&quot;afflink_redirect&quot;:&quot;\/_p\/afflink\/xgmj\/ferrari-camiseta-replica-puma-for-scuderia&quot;}\" data-vars-ga-call-to-action=\"90\u00a0$ en ferrari.com\" data-vars-ga-media-role=\"1\" data-vars-ga-media-type=\"Embedded Gallery List\" data-vars-ga-outbound-link=\"https:\/\/store.ferrari.com\/es-es\/replica\/replica-scuderia-ferrari\/camisetas\/camiseta-replica-puma-for-scuderia-ferrari-hp-monza-2025-edicion-limitada-LA0AEf02.html\" data-vars-ga-product-brand=\"Ferrari\" data-vars-ga-product-id=\"fbddc2c0-85e1-4118-970a-c7032ff0ceec\" data-vars-ga-product-price=\"90,00\u00a0$\" data-vars-ga-product-retailer-id=\"7cd7bfa1-cc88-4128-b729-71db60c27e43\" data-vars-ga-product-sem3-brand=\"Ferrari\" data-vars-ga-gallery-display=\"list\" data-vars-ga-link-treatment=\"(not set) | (not set)\" data-vars-ga-sku=\"camiseta-replica-puma-for-scuderia-ferrari-hp-monza-2025-edicion-limitada-LA0AEf02\" data-vars-ga-magento-tracking=\"1\" class=\"product-image-link ebgq4gw2 e1b8bpvs0 css-g6od0w e1c1bym14\"><img  alt=\"Edici\u00f3n Limitada Camiseta R\u00e9plica Puma Scuderia Ferrari HP Monza 2025\" title=\"Edici\u00f3n Limitada Camiseta R\u00e9plica Puma Scuderia Ferrari HP Monza 2025\" src=\"https:\/\/www.europesays.com\/es\/wp-content\/uploads\/2025\/10\/1760810830_901_1756806492-LA0AEf_02_1.jpg\" width=\"750\" height=\"1032\" decoding=\"async\" loading=\"lazy\"\/><\/a>Ferrari Edici\u00f3n Limitada Camiseta R\u00e9plica Puma Scuderia Ferrari HP Monza 2025Cr\u00e9dito: Ferrari<a target=\"_blank\" rel=\"nofollow noopener\" data-theme-key=\"product-image-wrapper\" href=\"https:\/\/go.redirectingat.com?id=86370X1598422&amp;url=https%3A%2F%2Feu.puma.com%2Fes%2Fes%2Fpd%2Fgorra-de-beisbol-scuderia-ferrari-hp-replica-monza%2F026668.html%3Fdwvar_026668_color%3D01\" aria-label=\"55\u00a0\u20ac en Puma for R\u00e9plica gorra de b\u00e9isbol Scuderia Ferrari HP Monza\" data-href=\"https:\/\/eu.puma.com\/es\/es\/pd\/gorra-de-beisbol-scuderia-ferrari-hp-replica-monza\/026668.html?dwvar_026668_color=01\" data-product-url=\"https:\/\/eu.puma.com\/es\/es\/pd\/gorra-de-beisbol-scuderia-ferrari-hp-replica-monza\/026668.html?dwvar_026668_color=01\" data-affiliate=\"true\" data-affiliate-url=\"https:\/\/go.redirectingat.com?id=86370X1598422&amp;url=https%3A%2F%2Feu.puma.com%2Fes%2Fes%2Fpd%2Fgorra-de-beisbol-scuderia-ferrari-hp-replica-monza%2F026668.html%3Fdwvar_026668_color%3D01\" data-affiliate-network=\"{&quot;site_id&quot;:&quot;bf230aaf-b86d-4bc7-8e37-4bb98b5f8571&quot;,&quot;network&quot;:{&quot;name&quot;:&quot;&quot;},&quot;afflink_redirect&quot;:&quot;\/_p\/afflink\/xgod\/puma-replica-gorra-de-beisbol-scuderia&quot;}\" data-vars-ga-call-to-action=\"55\u00a0\u20ac en Puma\" data-vars-ga-media-role=\"1\" data-vars-ga-media-type=\"Embedded Gallery List\" data-vars-ga-outbound-link=\"https:\/\/eu.puma.com\/es\/es\/pd\/gorra-de-beisbol-scuderia-ferrari-hp-replica-monza\/026668.html?dwvar_026668_color=01\" data-vars-ga-product-brand=\"Puma\" data-vars-ga-product-id=\"e4d6ce48-8e9d-4d1c-a711-e4a36bc9ca02\" data-vars-ga-product-price=\"55,00\u00a0\u20ac\" data-vars-ga-product-retailer-id=\"152cfafe-4d5f-4747-86e0-ae39ed9240a7\" data-vars-ga-product-sem3-brand=\"Puma\" data-vars-ga-gallery-display=\"list\" data-vars-ga-link-treatment=\"(not set) | (not set)\" class=\"product-image-link ebgq4gw2 e1b8bpvs0 css-g6od0w e1c1bym14\"><img  alt=\"R\u00e9plica gorra de b\u00e9isbol Scuderia Ferrari HP Monza\" title=\"R\u00e9plica gorra de b\u00e9isbol Scuderia Ferrari HP Monza\" src=\"https:\/\/www.europesays.com\/es\/wp-content\/uploads\/2025\/10\/1760810831_6_1756806739-gorra-de-be-isbol-scuderia-ferrari-hp-replica-monza-68b6be11f2b40.jpg\" width=\"1130\" height=\"1054\" decoding=\"async\" loading=\"lazy\"\/><\/a>Puma R\u00e9plica gorra de b\u00e9isbol Scuderia Ferrari HP MonzaCr\u00e9dito: Puma<a target=\"_blank\" rel=\"nofollow noopener\" data-theme-key=\"product-image-wrapper\" href=\"https:\/\/go.redirectingat.com?id=86370X1598422&amp;url=https%3A%2F%2Feu.puma.com%2Fes%2Fes%2Fpd%2Fsudadera-con-capucha-scuderia-ferrari-hp-monza-para-hombre%2F632757.html%3Fdwvar_632757_color%3D09%23\" aria-label=\"130\u00a0\u20ac en Puma for Sudadera con capucha Scuderia Ferrari HP Monza para hombre\" data-href=\"https:\/\/eu.puma.com\/es\/es\/pd\/sudadera-con-capucha-scuderia-ferrari-hp-monza-para-hombre\/632757.html?dwvar_632757_color=09#\" data-product-url=\"https:\/\/eu.puma.com\/es\/es\/pd\/sudadera-con-capucha-scuderia-ferrari-hp-monza-para-hombre\/632757.html?dwvar_632757_color=09#\" data-affiliate=\"true\" data-affiliate-url=\"https:\/\/go.redirectingat.com?id=86370X1598422&amp;url=https%3A%2F%2Feu.puma.com%2Fes%2Fes%2Fpd%2Fsudadera-con-capucha-scuderia-ferrari-hp-monza-para-hombre%2F632757.html%3Fdwvar_632757_color%3D09%23\" data-affiliate-network=\"{&quot;site_id&quot;:&quot;bf230aaf-b86d-4bc7-8e37-4bb98b5f8571&quot;,&quot;network&quot;:{&quot;name&quot;:&quot;&quot;},&quot;afflink_redirect&quot;:&quot;\/_p\/afflink\/xgox\/puma-sudadera-con-capucha-scuderia-ferrari&quot;}\" data-vars-ga-call-to-action=\"130\u00a0\u20ac en Puma\" data-vars-ga-media-role=\"1\" data-vars-ga-media-type=\"Embedded Gallery List\" data-vars-ga-outbound-link=\"https:\/\/eu.puma.com\/es\/es\/pd\/sudadera-con-capucha-scuderia-ferrari-hp-monza-para-hombre\/632757.html?dwvar_632757_color=09#\" data-vars-ga-product-brand=\"Puma\" data-vars-ga-product-id=\"d074e75d-7ad7-4382-bddf-e662774dc3f6\" data-vars-ga-product-price=\"130,00\u00a0\u20ac\" data-vars-ga-product-retailer-id=\"2565e96f-2f44-4ccd-a5db-fb6c28676736\" data-vars-ga-product-sem3-brand=\"Puma\" data-vars-ga-gallery-display=\"list\" data-vars-ga-link-treatment=\"(not set) | (not set)\" class=\"product-image-link ebgq4gw2 e1b8bpvs0 css-g6od0w e1c1bym14\"><img  alt=\"Sudadera con capucha Scuderia Ferrari HP Monza para hombre\" title=\"Sudadera con capucha Scuderia Ferrari HP Monza para hombre\" src=\"https:\/\/www.europesays.com\/es\/wp-content\/uploads\/2025\/10\/1760810831_591_1756807139-sudadera-con-capucha-scuderia-ferrari-hp-monza-para-hombre-68b6bfb5dd2e7.jpg\" width=\"1380\" height=\"1356\" decoding=\"async\" loading=\"lazy\"\/><\/a>Puma Sudadera con capucha Scuderia Ferrari HP Monza para hombreCr\u00e9dito: Puma<a target=\"_blank\" rel=\"nofollow noopener\" data-theme-key=\"product-image-wrapper\" href=\"https:\/\/www.amazon.es\/dp\/B0DWY2VCPF?tag=caranddriveryf1-21\" aria-label=\"53\u00a0\u20ac en Amazon for Aston Martin F1 2025 - Camiseta Oficial Fernando Alonso\" data-href=\"https:\/\/www.amazon.es\/dp\/B0DWY2VCPF\" data-product-url=\"https:\/\/www.amazon.es\/dp\/B0DWY2VCPF\" data-affiliate=\"true\" data-affiliate-url=\"https:\/\/www.amazon.es\/dp\/B0DWY2VCPF?tag=caranddriveryf1-21\" data-affiliate-network=\"{&quot;site_id&quot;:&quot;bf230aaf-b86d-4bc7-8e37-4bb98b5f8571&quot;,&quot;metadata&quot;:{&quot;links&quot;:{&quot;default&quot;:&quot;https:\/\/www.amazon.es\/dp\/B0DWY2VCPF?tag=caranddriveryf1-21&quot;}},&quot;network&quot;:{&quot;name&quot;:&quot;Amazon&quot;},&quot;afflink_redirect&quot;:&quot;\/_p\/afflink\/xgp1\/amazon-aston-martin-f1-5-camiseta&quot;}\" data-vars-ga-call-to-action=\"53\u00a0\u20ac en Amazon\" data-vars-ga-media-role=\"1\" data-vars-ga-media-type=\"Embedded Gallery List\" data-vars-ga-outbound-link=\"https:\/\/www.amazon.es\/dp\/B0DWY2VCPF\" data-vars-ga-product-brand=\"Aston Martin\" data-vars-ga-product-id=\"63ec70c2-99f2-41b1-aa74-fc18834de2a3\" data-vars-ga-product-price=\"52,58\u00a0\u20ac\" data-vars-ga-product-retailer-id=\"596c9a56-18f0-4258-ae5d-14e7749a4e4a\" data-vars-ga-product-sem3-brand=\"Aston Martin\" data-vars-ga-product-sem3-category=\"Camisetas para aficionados deportivos\" data-vars-ga-gallery-display=\"list\" data-vars-ga-link-treatment=\"sale | (not set)\" data-vars-ga-sku=\"B0DWY2VCPF\" data-vars-ga-magento-tracking=\"1\" class=\"product-image-link ebgq4gw2 e1b8bpvs0 css-g6od0w e1c1bym14\"><img  alt=\"Aston Martin F1 2025 - Camiseta Oficial Fernando Alonso\" title=\"Aston Martin F1 2025 - Camiseta Oficial Fernando Alonso\" src=\"https:\/\/www.europesays.com\/es\/wp-content\/uploads\/2025\/10\/1760810831_47_1748352312-71zI80BbG5L.jpg\" width=\"2560\" height=\"2560\" decoding=\"async\" loading=\"lazy\"\/><\/a>Aston Martin Aston Martin F1 2025 &#8211; Camiseta Oficial Fernando Alonso<\/p>\n<p>Ahora 25% de descuento<\/p>\n<p>Cr\u00e9dito: Amazon<a target=\"_blank\" rel=\"nofollow noopener\" data-theme-key=\"product-image-wrapper\" href=\"https:\/\/www.amazon.es\/dp\/B0DVMM9QM6?tag=caranddriveryf1-21\" aria-label=\"36\u00a0\u20ac en Amazon for Scuderia Ferrari F1 Gorra Charles Leclerc 2025\" data-href=\"https:\/\/www.amazon.es\/dp\/B0DVMM9QM6\" data-product-url=\"https:\/\/www.amazon.es\/dp\/B0DVMM9QM6\" data-affiliate=\"true\" data-affiliate-url=\"https:\/\/www.amazon.es\/dp\/B0DVMM9QM6?tag=caranddriveryf1-21\" data-affiliate-network=\"{&quot;site_id&quot;:&quot;bf230aaf-b86d-4bc7-8e37-4bb98b5f8571&quot;,&quot;metadata&quot;:{&quot;links&quot;:{&quot;default&quot;:&quot;https:\/\/www.amazon.es\/dp\/B0DVMM9QM6?tag=caranddriveryf1-21&quot;}},&quot;network&quot;:{&quot;name&quot;:&quot;Amazon&quot;},&quot;afflink_redirect&quot;:&quot;\/_p\/afflink\/urge\/amazon-puma-scuderia-ferrari-f1-gorra&quot;}\" data-vars-ga-call-to-action=\"36\u00a0\u20ac en Amazon\" data-vars-ga-media-role=\"1\" data-vars-ga-media-type=\"Embedded Gallery List\" data-vars-ga-outbound-link=\"https:\/\/www.amazon.es\/dp\/B0DVMM9QM6\" data-vars-ga-product-brand=\"PUMA\" data-vars-ga-product-id=\"163f5ece-2c8d-475b-b77c-540ccc0001e7\" data-vars-ga-product-price=\"36,21\u00a0\u20ac\" data-vars-ga-product-retailer-id=\"9def23c8-3297-45f6-a404-230c799a5885\" data-vars-ga-product-sem3-brand=\"PUMA\" data-vars-ga-product-sem3-category=\"Gorras de b\u00e9isbol para aficionados al deporte\" data-vars-ga-gallery-display=\"list\" data-vars-ga-link-treatment=\"sale | (not set)\" data-vars-ga-sku=\"B0DVMM9QM6\" data-vars-ga-magento-tracking=\"1\" class=\"product-image-link ebgq4gw2 e1b8bpvs0 css-g6od0w e1c1bym14\"><img  alt=\"Scuderia Ferrari F1 Gorra Charles Leclerc 2025\" title=\"Scuderia Ferrari F1 Gorra Charles Leclerc 2025\" src=\"https:\/\/www.europesays.com\/es\/wp-content\/uploads\/2025\/10\/1760810832_895_1747921832-613xKdfy7iL.jpg\" width=\"2560\" height=\"2560\" decoding=\"async\" loading=\"lazy\"\/><\/a>PUMA Scuderia Ferrari F1 Gorra Charles Leclerc 2025<\/p>\n<p>Ahora 20% de descuento<\/p>\n<p>Cr\u00e9dito: PUMA<a target=\"_blank\" rel=\"nofollow noopener\" data-theme-key=\"product-image-wrapper\" href=\"https:\/\/www.amazon.es\/dp\/B09NQ4TYDJ?tag=caranddriveryf1-21\" aria-label=\"37\u00a0\u20ac en Amazon for Gafas de sol HAWK\" data-href=\"https:\/\/www.amazon.es\/dp\/B09NQ4TYDJ\" data-product-url=\"https:\/\/www.amazon.es\/dp\/B09NQ4TYDJ\" data-affiliate=\"true\" data-affiliate-url=\"https:\/\/www.amazon.es\/dp\/B09NQ4TYDJ?tag=caranddriveryf1-21\" data-affiliate-network=\"{&quot;site_id&quot;:&quot;bf230aaf-b86d-4bc7-8e37-4bb98b5f8571&quot;,&quot;metadata&quot;:{&quot;links&quot;:{&quot;default&quot;:&quot;https:\/\/www.amazon.es\/dp\/B09NQ4TYDJ?tag=caranddriveryf1-21&quot;}},&quot;network&quot;:{&quot;name&quot;:&quot;Amazon&quot;},&quot;afflink_redirect&quot;:&quot;\/_p\/afflink\/urh1\/amazon-hawkers-gafas-de-sol-hawk&quot;}\" data-vars-ga-call-to-action=\"37\u00a0\u20ac en Amazon\" data-vars-ga-media-role=\"1\" data-vars-ga-media-type=\"Embedded Gallery List\" data-vars-ga-outbound-link=\"https:\/\/www.amazon.es\/dp\/B09NQ4TYDJ\" data-vars-ga-product-brand=\"HAWKERS\" data-vars-ga-product-id=\"393c7868-825c-4186-a2d9-bf80b481282f\" data-vars-ga-product-price=\"36,95\u00a0\u20ac\" data-vars-ga-product-retailer-id=\"4fe60038-4596-470f-9e19-aba973350122\" data-vars-ga-product-sem3-brand=\"HAWKERS\" data-vars-ga-product-sem3-category=\"Gafas de sol para hombre\" data-vars-ga-gallery-display=\"list\" data-vars-ga-link-treatment=\"sale | (not set)\" data-vars-ga-sku=\"B09NQ4TYDJ\" data-vars-ga-magento-tracking=\"1\" class=\"product-image-link ebgq4gw2 e1b8bpvs0 css-g6od0w e1c1bym14\"><img  alt=\"Gafas de sol HAWK\" title=\"Gafas de sol HAWK\" src=\"https:\/\/www.europesays.com\/es\/wp-content\/uploads\/2025\/10\/1760810832_142_1747922133-51CBz1FeIUL.jpg\" width=\"2013\" height=\"2560\" decoding=\"async\" loading=\"lazy\"\/><\/a>HAWKERS Gafas de sol HAWK<\/p>\n<p>Ahora 26% de descuento<\/p>\n<p>Cr\u00e9dito: Hawkers<img src=\"https:\/\/www.europesays.com\/es\/wp-content\/uploads\/2025\/10\/1760810832_550_8ad6d65c-1432-471f-a2a1-d5b65df8e749_1686840131.file\" alt=\"Headshot of Albert David Wojtaszczyk\" title=\"Headshot of Albert David Wojtaszczyk\" width=\"100%\" height=\"100%\" decoding=\"async\" loading=\"lazy\" class=\"css-o0wq4v ev8dhu53\"\/><\/p>\n<p>Albert es experto en periodismo deportivo, especializado en F\u00f3rmula 1 y automovilismo. Es capaz de informar, analizar, cubrir eventos deportivos in situ y debatir sobre cualquier acontecimiento relacionado con el Gran Circo.<\/p>\n<p>Asimismo, Albert no s\u00f3lo posee la habilidad de comunicar sobre F1, sino que adem\u00e1s presenta conocimientos extensos sobre otras disciplinas automovil\u00edsticas: F\u00f3rmula E, IndyCar, Resistencia, MotoGP y categor\u00edas de promoci\u00f3n como la F\u00f3rmula 2 y la F\u00f3rmula 3, entre otras tantas. Esto le ha permitido pisar los mejores circuitos de velocidad de Europa y entrevistar a grandes personalidades del mundo del motor.<\/p>\n<p>Por lo general, es un gran consumidor de carreras de coches, pero al mismo tiempo es una enciclopedia sobre automovilismo y su destreza para conectar con el p\u00fablico en redes sociales potencia sus dotes comunicativas.<\/p>\n<p>En relaci\u00f3n con este \u00faltimo apartado, Albert gestiona la redes sociales de Car and Driver Espa\u00f1a, tanto en su secci\u00f3n de competici\u00f3n como en la de automoci\u00f3n en Twitter, Facebook, Instagram y YouTube. Es aqu\u00ed donde interact\u00faa con la audiencia y atiende las peticiones y opiniones de \u00e9sta de manera din\u00e1mica y entretenida.<\/p>\n<p>Albert lleva una d\u00e9cada involucrado con el periodismo deportivo. M\u00e1s all\u00e1 de su pasi\u00f3n natural por los deportes desde peque\u00f1o, especialmente los de motor, desarroll\u00f3 y finaliz\u00f3 sus estudios de Periodismo en la Universidad Complutense de Madrid. Tambi\u00e9n se especializ\u00f3 en periodismo deportivo gracias a la obtenci\u00f3n de una titulaci\u00f3n en narraci\u00f3n deportiva, y dirigi\u00f3 y present\u00f3 con \u00e9xito el programa radiof\u00f3nico \u00abEl Grader\u00edo del Motor\u00bb.<\/p>\n<p>Desde 2014 ha escrito en proyectos personales como el blog \u00abLa curva m\u00e1s importante\u00bb y \u00abF\u00f3rmula Boost\u00bb, al igual que ha colaborado como redactor de contenidos en \u00abPitlane F1\u00bb y \u00abSoyMotor.com\u00bb. Del mismo modo, su conexi\u00f3n en redes con su p\u00fablico le ha permitido ser Community Manager para varias empresas relacionadas con la automoci\u00f3n: en el pasado con Volvo y, actualmente, con Car and Driver. \u00a0<\/p>\n","protected":false},"excerpt":{"rendered":"Si te has acordado del Gran Premio de B\u00e9lgica de 1998, no te culpar\u00e9. El Circuito de las&hellip;\n","protected":false},"author":2,"featured_media":185519,"comment_status":"","ping_status":"","sticky":false,"template":"","format":"standard","meta":{"footnotes":""},"categories":[93],"tags":[168,253,25,24,23,167],"class_list":{"0":"post-185518","1":"post","2":"type-post","3":"status-publish","4":"format-standard","5":"has-post-thumbnail","7":"category-deportes","8":"tag-deportes","9":"tag-discover","10":"tag-es","11":"tag-espana","12":"tag-spain","13":"tag-sports"},"share_on_mastodon":{"url":"","error":""},"_links":{"self":[{"href":"https:\/\/www.europesays.com\/es\/wp-json\/wp\/v2\/posts\/185518","targetHints":{"allow":["GET"]}}],"collection":[{"href":"https:\/\/www.europesays.com\/es\/wp-json\/wp\/v2\/posts"}],"about":[{"href":"https:\/\/www.europesays.com\/es\/wp-json\/wp\/v2\/types\/post"}],"author":[{"embeddable":true,"href":"https:\/\/www.europesays.com\/es\/wp-json\/wp\/v2\/users\/2"}],"replies":[{"embeddable":true,"href":"https:\/\/www.europesays.com\/es\/wp-json\/wp\/v2\/comments?post=185518"}],"version-history":[{"count":0,"href":"https:\/\/www.europesays.com\/es\/wp-json\/wp\/v2\/posts\/185518\/revisions"}],"wp:featuredmedia":[{"embeddable":true,"href":"https:\/\/www.europesays.com\/es\/wp-json\/wp\/v2\/media\/185519"}],"wp:attachment":[{"href":"https:\/\/www.europesays.com\/es\/wp-json\/wp\/v2\/media?parent=185518"}],"wp:term":[{"taxonomy":"category","embeddable":true,"href":"https:\/\/www.europesays.com\/es\/wp-json\/wp\/v2\/categories?post=185518"},{"taxonomy":"post_tag","embeddable":true,"href":"https:\/\/www.europesays.com\/es\/wp-json\/wp\/v2\/tags?post=185518"}],"curies":[{"name":"wp","href":"https:\/\/api.w.org\/{rel}","templated":true}]}}