{"id":185522,"date":"2025-10-18T18:09:09","date_gmt":"2025-10-18T18:09:09","guid":{"rendered":"https:\/\/www.europesays.com\/es\/185522\/"},"modified":"2025-10-18T18:09:09","modified_gmt":"2025-10-18T18:09:09","slug":"las-imagenes-de-la-boda-de-alberto-herrera-y-blanca-llandres-en-sanlucar-de-barrameda","status":"publish","type":"post","link":"https:\/\/www.europesays.com\/es\/185522\/","title":{"rendered":"Las im\u00e1genes de la boda de Alberto Herrera y Blanca Llandres en Sanl\u00facar de Barrameda"},"content":{"rendered":"<p>          18\/10\/2025<br \/>\n          <br \/><strong><br \/>\n                  Actualizado a las 19:54h.<br \/>\n              <\/strong><\/p>\n<p class=\"voc-p\" style=\"\">Alberto Herrera y Blanca Llandres se han dado este s\u00e1bado el &#8216;S\u00ed, quiero&#8217; en en la <strong>Bas\u00edlica Menor de Nuestra Se\u00f1ora de la Caridad<\/strong>, de Sanl\u00facar de Barrameda, en C\u00e1diz, rodeados de todos sus seres queridos. Un d\u00eda espl\u00e9ndido en el que sellan as\u00ed su historia de amor meses antes de convertirse en padres por primera vez.<\/p>\n<p class=\"voc-p\" style=\"\">La pareja inici\u00f3 su relaci\u00f3n sentimental en 2023, pero sali\u00f3 a la luz p\u00fablica hace tan solo unos meses cuando tambi\u00e9n lleg\u00f3 el anuncio del embarazo de Blanca.<\/p>\n<p class=\"voc-p\" style=\"\">Muy emocionado, <strong>Carlos Herrera<\/strong> llegaba a la Bas\u00edlica muy emocionado y feliz por poder celebrar este d\u00eda. Lo hac\u00eda acompa\u00f1ado por su mujer, Pepa Gea . Minutos m\u00e1s tarde, Alberto hac\u00eda su aparici\u00f3n acompa\u00f1ado por su madre, <strong>Maril\u00f3 Montero<\/strong>, quien luc\u00eda un favorecedor vestido en tonos azules como madrina.<\/p>\n<p class=\"voc-p\" style=\"\">La novia ha confiado para este gran d\u00eda en el dise\u00f1ador sevillano<strong> Nicol\u00e1s Montenegro<\/strong> con un vestido que se adapta a la perfecci\u00f3n a la silueta de embarazada y ha contado con la colaboraci\u00f3n especial de su cu\u00f1ada, <strong>Roc\u00edo Crusset.<\/strong><\/p>\n<p class=\"voc-p\" style=\"\">Por su parte, el novio apostaba por un elegante <strong>traje de Tom\u00e1s Laso-Argos haciendo gala a su estilo cl\u00e1sico<\/strong>. Muy emocionado, saludaba a todos los presentes en las inmediciaciones de la bas\u00edlica a su llegada del brazo de su madre.<\/p>\n<p class=\"voc-p\" style=\"\"><strong>La Finca Marbella<\/strong>, donde se celebra la boda de Alberto Herrera y Blanca Llandres, es una casa rehabilitada en 2012 por la periodista Teresa de la Cierva. Situada en la playa de La Jara, combina arquitectura tradicional con espacios abiertos al mar.<\/p>\n<p class=\"voc-p\" style=\"\">Blanca Llandres es hija del bi\u00f3logo y divulgador cient\u00edfico<strong> Carlos Llandres y Blanca Parejo<\/strong>, directora de la Fundaci\u00f3n Alal\u00e1 y hermana de Lourdes Parejo, madre de Lourdes Montes y de Pilar, mujer de Jos\u00e9 Manuel Soto. Este \u00faltimo mantiene una amistad \u00edntima con Carlos Herrera, tanto que sus hijos han crecido juntos.<\/p>\n","protected":false},"excerpt":{"rendered":"18\/10\/2025 Actualizado a las 19:54h. Alberto Herrera y Blanca Llandres se han dado este s\u00e1bado el &#8216;S\u00ed, quiero&#8217;&hellip;\n","protected":false},"author":2,"featured_media":185523,"comment_status":"","ping_status":"","sticky":false,"template":"","format":"standard","meta":{"footnotes":""},"categories":[91],"tags":[9125,52257,386,3158,146,147,25,24,2140,1641,34798,24792,23],"class_list":{"0":"post-185522","1":"post","2":"type-post","3":"status-publish","4":"format-standard","5":"has-post-thumbnail","7":"category-entretenimiento","8":"tag-alberto","9":"tag-barrameda","10":"tag-blanca","11":"tag-boda","12":"tag-entertainment","13":"tag-entretenimiento","14":"tag-es","15":"tag-espana","16":"tag-herrera","17":"tag-imagenes","18":"tag-llandres","19":"tag-sanlucar","20":"tag-spain"},"share_on_mastodon":{"url":"","error":""},"_links":{"self":[{"href":"https:\/\/www.europesays.com\/es\/wp-json\/wp\/v2\/posts\/185522","targetHints":{"allow":["GET"]}}],"collection":[{"href":"https:\/\/www.europesays.com\/es\/wp-json\/wp\/v2\/posts"}],"about":[{"href":"https:\/\/www.europesays.com\/es\/wp-json\/wp\/v2\/types\/post"}],"author":[{"embeddable":true,"href":"https:\/\/www.europesays.com\/es\/wp-json\/wp\/v2\/users\/2"}],"replies":[{"embeddable":true,"href":"https:\/\/www.europesays.com\/es\/wp-json\/wp\/v2\/comments?post=185522"}],"version-history":[{"count":0,"href":"https:\/\/www.europesays.com\/es\/wp-json\/wp\/v2\/posts\/185522\/revisions"}],"wp:featuredmedia":[{"embeddable":true,"href":"https:\/\/www.europesays.com\/es\/wp-json\/wp\/v2\/media\/185523"}],"wp:attachment":[{"href":"https:\/\/www.europesays.com\/es\/wp-json\/wp\/v2\/media?parent=185522"}],"wp:term":[{"taxonomy":"category","embeddable":true,"href":"https:\/\/www.europesays.com\/es\/wp-json\/wp\/v2\/categories?post=185522"},{"taxonomy":"post_tag","embeddable":true,"href":"https:\/\/www.europesays.com\/es\/wp-json\/wp\/v2\/tags?post=185522"}],"curies":[{"name":"wp","href":"https:\/\/api.w.org\/{rel}","templated":true}]}}