{"id":185526,"date":"2025-10-18T18:13:22","date_gmt":"2025-10-18T18:13:22","guid":{"rendered":"https:\/\/www.europesays.com\/es\/185526\/"},"modified":"2025-10-18T18:13:22","modified_gmt":"2025-10-18T18:13:22","slug":"la-virgen-de-valme-saldra-este-domingo-en-romeria-en-su-carreta-amarilla-y-blanca","status":"publish","type":"post","link":"https:\/\/www.europesays.com\/es\/185526\/","title":{"rendered":"La Virgen de Valme saldr\u00e1 este domingo en romer\u00eda en su carreta amarilla y blanca"},"content":{"rendered":"<p style=\"\">Si hay una festividad que une a los nazarenos y en la que la gran ciudad en la que se ha convertido Dos Hermanas se torna pueblo esa es la <strong>romer\u00eda de Valme<\/strong>, que se celebra cada tercer domingo de octubre, esto es ma\u00f1ana  &#8230; d\u00eda 20. <\/p>\n<p class=\"voc-p\" style=\"\">Mayores, j\u00f3venes y ni\u00f1os, de forma familiar y en reuniones de amigos, se encuentran ultimando los preparativos para disfrutar de la<strong> jornada m\u00e1s intensa<\/strong> y larga que se vive en la localidad en el a\u00f1o, el d\u00eda de Valme. <\/p>\n<p class=\"voc-p\" style=\"\">A las 6 de la ma\u00f1ana dar\u00e1 comienzo la <strong>Misa de romeros,<\/strong> en la parroquia de Santa Mar\u00eda Magdalena, cantada por el <strong>coro de la hermandad<\/strong> y a la que acuden cientos de devotos, muchas de ellas ya vestidas de flamenca. <\/p>\n<p class=\"voc-p\" style=\"\">A las 8.00 horas, la Virgen se traslada a su carreta, este a\u00f1o de <strong>colores amarillo y blanco<\/strong>, que espera a las puertas de la parroquia, ante la atenta mirada de miles de personas y los emotivos aplausos de quien no quiere perderse este momento de repique de campanas y toque de himnos por la <strong>Banda de M\u00fasica de Dos Hermanas Santa Ana.<\/strong><\/p>\n<p class=\"voc-p\" style=\"\">Comienza el camino por las calles del centro para alcanzar la &#8216;Carretera vieja&#8217; y enfilar hacia el <strong>Cortijo de Cuarto, en Bellavista<\/strong>, donde se prev\u00e9 la llegada alrededor de las 13.30 horas, para celebrar Santa Misa.<\/p>\n<p class=\"voc-p\" style=\"\">El cortejo, que abrir\u00e1n los caballistas de Valme, lo conforman <strong>19 carretas, 60 galeras<\/strong> exornadas con flores de papel rizado, 69 carros de mulos y 10 coches de caballos. A pie caminar\u00e1n miles de personas y otras esperar\u00e1n a la Virgen en el camino o ya en los aleda\u00f1os de la Ermita de Cuarto. <\/p>\n<p class=\"voc-p\" style=\"\">Referente al dispositivo de tr\u00e1fico y seguridad \u2013 con <strong>m\u00e1s de 700 efectivos<\/strong>&#8211; hay que se\u00f1alar que la Direcci\u00f3n General de Tr\u00e1fico (DGT) ha decretado el <strong>corte de la carretera A-8032<\/strong> al tr\u00e1fico rodado el d\u00eda de la Romer\u00eda de Valme, desde las 7.00 a las 23.00 horas del domingo.<\/p>\n<p class=\"voc-p\" style=\"\">El Ayuntamiento colocar\u00e1 carteles informativos indicando que la carretera est\u00e1 cortada, y que no se puede circular o aparcar en los arcenes, bajo sanci\u00f3n de la Guardia Civil. Adem\u00e1s, a lo largo de todo el recorrido diferentes c\u00e1maras realizar\u00e1n el seguimiento del discurrir de la Romer\u00eda de Valme, reforzadas por el uso de <strong>drones de vigilancia<\/strong> y de seguimiento por GPS de la comitiva.<\/p>\n<p class=\"voc-p\" style=\"\">La Avenida Santiago Carrillo, en su conexi\u00f3n con la carretera A-8032, ser\u00e1 utilizada como principal <strong>v\u00eda de evacuaci\u00f3n.<\/strong><\/p>\n<p><img decoding=\"async\" loading=\"lazy\" src=\"https:\/\/www.europesays.com\/es\/wp-content\/uploads\/2025\/10\/pregon-anda-ortega-U82384761024NXs-624x385@diario_abc.jpg\" class=\"voc-img\" width=\"624\" height=\"385\" alt=\"Ana Valme Ortega Pruna en un momento del preg\u00f3n de Valme\" data-voc-vtm-id=\"in-text-traffic\"\/><\/p>\n<p>Ana Valme Ortega Pruna en un momento del preg\u00f3n de Valme<\/p>\n<p>V.J.<\/p>\n<p>\nRegreso\n<\/p>\n<p class=\"voc-p\" style=\"\">La estancia en el Cortijo de Cuarto se extender\u00e1 hasta las <strong>18.00 horas<\/strong> momento en el que, tras el rezo del Santo Rosario, se emprender\u00e1 el<strong> camino de vuelta.<\/strong><\/p>\n<p class=\"voc-p\" style=\"\">A las 21.00 horas se llegar\u00e1 a la <strong>Venta de las Palmas<\/strong> y a las 22.00 horas, a las puertas de la parroquia de Santa Mar\u00eda Magdalena, en presencia de la Virgen se entregar\u00e1n los premios a carretas y galeras para proceder a la entrada de la Protectora de la ciudad a las 22.30 horas. <\/p>\n<p class=\"voc-p\" style=\"\">Durante todo el d\u00eda de <strong>hoy, s\u00e1bado<\/strong>, hasta las 21.00 horas la Virgen estar\u00e1 expuesta para <strong>veneraci\u00f3n de los fieles<\/strong> en la parroquia citada. <\/p>\n<p class=\"voc-p\" style=\"\">En las instalaciones del <strong>Ave Mar\u00eda<\/strong> se podr\u00e1n <strong>visitar las carretas<\/strong> perfectamente adornadas y terminadas as\u00ed como la de la Virgen, con sus 1.200 varas de nardos y sus m\u00e1s de 150.000 flores de papel rizado de seda, y el atuendo de boyeros y bueyes. Estos animales tambi\u00e9n se encontrar\u00e1n en este espacio. En la Caseta Municipal se pueden ver las galeras. <\/p>\n<p class=\"voc-p\" style=\"\">Durante toda la semana se ha celebrado el Quinario \u2013 presidido por el obispo em\u00e9rito de Huelva, <strong>Jos\u00e9 Vilaplana,<\/strong> que ha adelantado su hora vespertina a las 20.00 horas, y al que ha habido una gran afluencia de fieles, experiment\u00e1ndose un notable incremento respecto a a\u00f1os anteriores. <\/p>\n<p class=\"voc-p\" style=\"\">El pasado domingo, la Funci\u00f3n Principal estuvo oficiada por el Obispo Auxiliar, <strong>Ram\u00f3n Valdivia,<\/strong> y a su t\u00e9rmino, <strong>Ana Valme Ortega Pruna<\/strong>, presentada con el alma por <strong>Juan Miguel Mart\u00edn Mena<\/strong>, ofreci\u00f3 un preg\u00f3n muy nazareno, cargado de una religiosidad popular que supo transmitir y calar en el coraz\u00f3n de todos los presentes, con una imponente Fe en Valme como Madre que expres\u00f3 con su pu\u00f1o y letra, su oratoria y acompa\u00f1ada de las voces de su familia, del coro de la hermandad, y de un grupo de amigos en el que se inclu\u00eda como solista <strong>Manuel Lombo<\/strong>, junto a sus sobrinas <strong>Roc\u00edo y Lola Avil\u00e9s Ortega.<\/strong> Este viernes, bailaron los <strong>Nazarines de Valme<\/strong> ante la Virgen. <\/p>\n<p class=\"voc-p\" style=\"\">Por otro lado, hasta el 26 de octubre, se puede visitar en el <strong>Centro Cultural La Almona<\/strong> la exposici\u00f3n &#8216;<strong>Una Capilla Catedralicia: Braulio Ruiz, Valme y las pinturas del Sagrario<\/strong>&#8216;, con la que se pretende rendir homenaje al artista sevillano autor de las pinturas murales de este lugar. En esa muestra se pueden contemplar tambi\u00e9n trabajos de este autor pertenecientes a otras hermandades como Gran Poder, Paz, Trinidad, Redenci\u00f3n o las Penas de San Vicente. El horario de visita es de 9.00 a 14.00 horas y de 17.00 a 20.00 horas, de lunes a viernes.<\/p>\n","protected":false},"excerpt":{"rendered":"Si hay una festividad que une a los nazarenos y en la que la gran ciudad en la&hellip;\n","protected":false},"author":2,"featured_media":185527,"comment_status":"","ping_status":"","sticky":false,"template":"","format":"standard","meta":{"footnotes":""},"categories":[8],"tags":[13282,386,17,18,52299,1053,25,24,13,14,11,19,20,9,10,15,16,6600,14145,23,12,21,22,52298,7699],"class_list":{"0":"post-185526","1":"post","2":"type-post","3":"status-publish","4":"format-standard","5":"has-post-thumbnail","7":"category-espana","8":"tag-amarilla","9":"tag-blanca","10":"tag-breaking-news","11":"tag-breakingnews","12":"tag-carreta","13":"tag-domingo","14":"tag-es","15":"tag-espana","16":"tag-featured-news","17":"tag-featurednews","18":"tag-headlines","19":"tag-latest-news","20":"tag-latestnews","21":"tag-news","22":"tag-noticias","23":"tag-noticias-destacadas","24":"tag-noticiasdestacadas","25":"tag-romeria","26":"tag-saldra","27":"tag-spain","28":"tag-titulares","29":"tag-ultimas-noticias","30":"tag-ultimasnoticias","31":"tag-valme","32":"tag-virgen"},"share_on_mastodon":{"url":"","error":""},"_links":{"self":[{"href":"https:\/\/www.europesays.com\/es\/wp-json\/wp\/v2\/posts\/185526","targetHints":{"allow":["GET"]}}],"collection":[{"href":"https:\/\/www.europesays.com\/es\/wp-json\/wp\/v2\/posts"}],"about":[{"href":"https:\/\/www.europesays.com\/es\/wp-json\/wp\/v2\/types\/post"}],"author":[{"embeddable":true,"href":"https:\/\/www.europesays.com\/es\/wp-json\/wp\/v2\/users\/2"}],"replies":[{"embeddable":true,"href":"https:\/\/www.europesays.com\/es\/wp-json\/wp\/v2\/comments?post=185526"}],"version-history":[{"count":0,"href":"https:\/\/www.europesays.com\/es\/wp-json\/wp\/v2\/posts\/185526\/revisions"}],"wp:featuredmedia":[{"embeddable":true,"href":"https:\/\/www.europesays.com\/es\/wp-json\/wp\/v2\/media\/185527"}],"wp:attachment":[{"href":"https:\/\/www.europesays.com\/es\/wp-json\/wp\/v2\/media?parent=185526"}],"wp:term":[{"taxonomy":"category","embeddable":true,"href":"https:\/\/www.europesays.com\/es\/wp-json\/wp\/v2\/categories?post=185526"},{"taxonomy":"post_tag","embeddable":true,"href":"https:\/\/www.europesays.com\/es\/wp-json\/wp\/v2\/tags?post=185526"}],"curies":[{"name":"wp","href":"https:\/\/api.w.org\/{rel}","templated":true}]}}