{"id":185542,"date":"2025-10-18T18:24:09","date_gmt":"2025-10-18T18:24:09","guid":{"rendered":"https:\/\/www.europesays.com\/es\/185542\/"},"modified":"2025-10-18T18:24:09","modified_gmt":"2025-10-18T18:24:09","slug":"mucho-tu-culo-en-la-barceloneta","status":"publish","type":"post","link":"https:\/\/www.europesays.com\/es\/185542\/","title":{"rendered":"Mucho tu culo en la Barceloneta&#8230;"},"content":{"rendered":"<p class=\"c-paragraph\">La pasada noche del viernes,\u00a0\u00c1lvaro Lafuente Calvo, conocido art\u00edsticamente como <b>Guitarricadelafuente<\/b>, cerr\u00f3 su Spanish Leader Tour en Madrid tras varios meses de gira. El artista vivi\u00f3 un <b>emocionante concierto arropado por su p\u00fablico<\/b>, que recibi\u00f3 una inesperada sorpresa en mitad de la actuaci\u00f3n.\u00a0<\/p>\n<p class=\"c-paragraph\">Cerca de una hora y media estuvo el joven artista sobre el escenario, presentando ante el estadio madrile\u00f1o <b>su segundo \u00e1lbum,\u00a0Spanish Leather<\/b>,<b>\u00a0<\/b>que vio la luz en mayo y\u00a0en el que el catal\u00e1n recupera los <b>estereotipos espa\u00f1oles<\/b>. Algunos de los temas de\u00a0<b>La cantera<\/b>,\u00a0su primer disco, tambi\u00e9n sonaron en el Movistar Arena.\u00a0<\/p>\n<p class=\"c-paragraph\"><b>Los Javis, Miguel Bernardeau o Rosal\u00eda<\/b> fueron algunos de los rostros conocidos que se dejaron ver entre el p\u00fablico. Pero, otra gran figura espa\u00f1ola protagoniz\u00f3 <b>uno de los grandes momentos de la noche<\/b> sin ni siquiera estar presente en el estadio.\u00a0<\/p>\n<p class=\"c-paragraph\">En mitad del concierto, la actriz<b> Pen\u00e9lope Cruz apareci\u00f3 por sorpresa en las pantallas<\/b> del Movistar Arena, recreando una videollamada con Guitarricadelafuente. <b>\u00abMucho tu culo en la Barceloneta es folclore, \u00bfpero en Madrid, qu\u00e9?\u00bb,<\/b> expres\u00f3 la int\u00e9rprete, haciendo referencia a su tema\u00a0Port Pelegr\u00ed.\u00a0<\/p>\n<p class=\"c-paragraph\">\u00ab\u00bfY su gente, y sus bares? Alguno se le est\u00e1 olvidando qu\u00e9 son unas porras, una tortilla de patatas, que yo <b>veo mucha gente mirando el m\u00f3vil sin mirarse a la cara<\/b> y venga a comer tostadas de aguacate, pero creo que <b>esta noche es diferente, \u00bfverdad?\u00bb<\/b>, a\u00f1adi\u00f3 a trav\u00e9s de la pantalla Pen\u00e9lope Cruz, ense\u00f1ando al final el\u00a0Full time papi\u00a0de su camiseta. \u00a0<\/p>\n<p class=\"c-paragraph\">La actriz mostr\u00f3 as\u00ed su gran apoyo al que es <b>su compa\u00f1ero en el nuevo proyecto de los Javis, <\/b>La bola negra, un largometraje inspirado en una obra inacabada de\u00a0Federico Garc\u00eda Lorca. <b>Miguel Bernardeau,\u00a0Antonio de la Torre, Natalia de Molina y\u00a0Daniel Ib\u00e1\u00f1ez<\/b> son otros de los conocidos rostros que forman parte del proyecto, que se espera para el 2026.\u00a0<\/p>\n","protected":false},"excerpt":{"rendered":"La pasada noche del viernes,\u00a0\u00c1lvaro Lafuente Calvo, conocido art\u00edsticamente como Guitarricadelafuente, cerr\u00f3 su Spanish Leader Tour en Madrid&hellip;\n","protected":false},"author":2,"featured_media":185543,"comment_status":"","ping_status":"","sticky":false,"template":"","format":"standard","meta":{"footnotes":""},"categories":[174],"tags":[10887,255,2339,7383,146,147,25,24,256,6055,19965,23],"class_list":{"0":"post-185542","1":"post","2":"type-post","3":"status-publish","4":"format-standard","5":"has-post-thumbnail","7":"category-famosos","8":"tag-aparicion","9":"tag-celebrities","10":"tag-concierto","11":"tag-cruz","12":"tag-entertainment","13":"tag-entretenimiento","14":"tag-es","15":"tag-espana","16":"tag-famosos","17":"tag-inesperada","18":"tag-penelope","19":"tag-spain"},"share_on_mastodon":{"url":"","error":""},"_links":{"self":[{"href":"https:\/\/www.europesays.com\/es\/wp-json\/wp\/v2\/posts\/185542","targetHints":{"allow":["GET"]}}],"collection":[{"href":"https:\/\/www.europesays.com\/es\/wp-json\/wp\/v2\/posts"}],"about":[{"href":"https:\/\/www.europesays.com\/es\/wp-json\/wp\/v2\/types\/post"}],"author":[{"embeddable":true,"href":"https:\/\/www.europesays.com\/es\/wp-json\/wp\/v2\/users\/2"}],"replies":[{"embeddable":true,"href":"https:\/\/www.europesays.com\/es\/wp-json\/wp\/v2\/comments?post=185542"}],"version-history":[{"count":0,"href":"https:\/\/www.europesays.com\/es\/wp-json\/wp\/v2\/posts\/185542\/revisions"}],"wp:featuredmedia":[{"embeddable":true,"href":"https:\/\/www.europesays.com\/es\/wp-json\/wp\/v2\/media\/185543"}],"wp:attachment":[{"href":"https:\/\/www.europesays.com\/es\/wp-json\/wp\/v2\/media?parent=185542"}],"wp:term":[{"taxonomy":"category","embeddable":true,"href":"https:\/\/www.europesays.com\/es\/wp-json\/wp\/v2\/categories?post=185542"},{"taxonomy":"post_tag","embeddable":true,"href":"https:\/\/www.europesays.com\/es\/wp-json\/wp\/v2\/tags?post=185542"}],"curies":[{"name":"wp","href":"https:\/\/api.w.org\/{rel}","templated":true}]}}