{"id":185556,"date":"2025-10-18T18:35:11","date_gmt":"2025-10-18T18:35:11","guid":{"rendered":"https:\/\/www.europesays.com\/es\/185556\/"},"modified":"2025-10-18T18:35:11","modified_gmt":"2025-10-18T18:35:11","slug":"emerge-un-submarino-ruso-en-el-lago-de-la-otan-y-la-armada-de-un-pais-toma-una-decision-inmediata","status":"publish","type":"post","link":"https:\/\/www.europesays.com\/es\/185556\/","title":{"rendered":"Emerge un submarino ruso en el lago de la OTAN y la Armada de un pa\u00eds toma una decisi\u00f3n inmediata"},"content":{"rendered":"<p><a href=\"https:\/\/www.huffingtonpost.es\/global\/europa-vigila-nuevo-enorme-submarino-mar-baltico.html\" title=\"Europa vigila a un nuevo y enorme submarino en el mar B\u00e1ltico\" rel=\"nofollow noopener\" target=\"_blank\">La tensi\u00f3n en el mar B\u00e1ltico <\/a>volvi\u00f3 a escalar este mi\u00e9rcoles <b>tras el avistamiento de un submarino ruso en aguas cercanas a la costa sueca, <\/b>un hecho que activ\u00f3 de inmediato la respuesta militar del pa\u00eds escandinavo y que ha despertado la atenci\u00f3n de sus aliados de la OTAN.<\/p>\n<p>Seg\u00fan confirm\u00f3 la Armada sueca, el sumergible fue detectado en la regi\u00f3n del Kattegat, una estrat\u00e9gica zona mar\u00edtima situada entre la pen\u00ednsula de Jutlandia (Dinamarca) y la costa occidental de Suecia. <b>El submarino habr\u00eda ingresado por el estrecho de Suur-Beldi antes de ser localizado y rastreado por aviones de combate y buques de guerra suecos.<\/b><\/p>\n<p>\u00abSe trata de una operaci\u00f3n rutinaria que se lleva a cabo en estrecha colaboraci\u00f3n con nuestros aliados\u00bb, indic\u00f3 la Armada a trav\u00e9s de la red social X, asegurando adem\u00e1s que tienen \u00abuna buena visi\u00f3n general de la situaci\u00f3n en nuestro entorno inmediato\u00bb.<\/p>\n<p>El primer indicio de la presencia del submarino vino del navegante noruego Petter Ingebregtsen, quien navegaba cerca de Sm\u00f6gen, en la costa oeste sueca. <b>\u00abApareci\u00f3 una silueta en el horizonte\u2026 Cuando estaba a unos 500 metros, parec\u00eda un submarino\u00bb,<\/b> declar\u00f3 al diario Aftonbladet.\u00a0<\/p>\n<p>Con ayuda de unos binoculares, Ingebregtsen confirm\u00f3 que se trataba de una embarcaci\u00f3n militar rusa y afirm\u00f3 incluso haber visto a miembros de la tripulaci\u00f3n. Apenas media hora despu\u00e9s de su avistamiento, varios<b> cazas suecos y la guardia costera llegaron a la zona.<\/b><\/p>\n<p>Este incidente se suma al resto de violaciones recientes del espacio a\u00e9reo de la OTAN por parte de cazas rusos y drones kamikaze. Como respuesta a estas intromisiones, el ministro de Defensa alem\u00e1n, Boris Pistorius, anunci\u00f3 en Bruselas<b> un refuerzo de la presencia militar en el este de Europa.<\/b> De hecho, <a href=\"https:\/\/www.huffingtonpost.es\/global\/alemania-pone-jaque-flota-rusa-sombra-adopta-nuevas-medidas-baltico.html\" title=\"Alemania pone en jaque a la flota rusa en la sombra y adopta nuevas medidas en el B\u00e1ltico\" rel=\"nofollow noopener\" target=\"_blank\">Alemania <\/a>ya ha asegurado que desplegar\u00e1 varios <a href=\"https:\/\/www.huffingtonpost.es\/sociedad\/ejercito-aire-espacio-despliega-eurofighter-f18-reto-golfo-cadiz.html\" title=\"El Ej\u00e9rcito del Aire y del Espacio despliega sus Eurofighter y F-18 para un reto en el golfo de C\u00e1diz\" rel=\"nofollow noopener\" target=\"_blank\">Eurofighters <\/a>en Polonia como parte de las patrullas de protecci\u00f3n del flanco oriental de la Alianza.<\/p>\n","protected":false},"excerpt":{"rendered":"La tensi\u00f3n en el mar B\u00e1ltico volvi\u00f3 a escalar este mi\u00e9rcoles tras el avistamiento de un submarino ruso&hellip;\n","protected":false},"author":2,"featured_media":185557,"comment_status":"","ping_status":"","sticky":false,"template":"","format":"standard","meta":{"footnotes":""},"categories":[42],"tags":[17,18,72,13,14,8233,11,61,62,63,64,19,20,9,10,15,16,1613,12,21,22,65,66,67],"class_list":{"0":"post-185556","1":"post","2":"type-post","3":"status-publish","4":"format-standard","5":"has-post-thumbnail","7":"category-internacional","8":"tag-breaking-news","9":"tag-breakingnews","10":"tag-conflictos-internacionales","11":"tag-featured-news","12":"tag-featurednews","13":"tag-guerra-ucrania","14":"tag-headlines","15":"tag-internacional","16":"tag-international","17":"tag-international-news","18":"tag-internationalnews","19":"tag-latest-news","20":"tag-latestnews","21":"tag-news","22":"tag-noticias","23":"tag-noticias-destacadas","24":"tag-noticiasdestacadas","25":"tag-otan","26":"tag-titulares","27":"tag-ultimas-noticias","28":"tag-ultimasnoticias","29":"tag-world","30":"tag-world-news","31":"tag-worldnews"},"share_on_mastodon":{"url":"","error":""},"_links":{"self":[{"href":"https:\/\/www.europesays.com\/es\/wp-json\/wp\/v2\/posts\/185556","targetHints":{"allow":["GET"]}}],"collection":[{"href":"https:\/\/www.europesays.com\/es\/wp-json\/wp\/v2\/posts"}],"about":[{"href":"https:\/\/www.europesays.com\/es\/wp-json\/wp\/v2\/types\/post"}],"author":[{"embeddable":true,"href":"https:\/\/www.europesays.com\/es\/wp-json\/wp\/v2\/users\/2"}],"replies":[{"embeddable":true,"href":"https:\/\/www.europesays.com\/es\/wp-json\/wp\/v2\/comments?post=185556"}],"version-history":[{"count":0,"href":"https:\/\/www.europesays.com\/es\/wp-json\/wp\/v2\/posts\/185556\/revisions"}],"wp:featuredmedia":[{"embeddable":true,"href":"https:\/\/www.europesays.com\/es\/wp-json\/wp\/v2\/media\/185557"}],"wp:attachment":[{"href":"https:\/\/www.europesays.com\/es\/wp-json\/wp\/v2\/media?parent=185556"}],"wp:term":[{"taxonomy":"category","embeddable":true,"href":"https:\/\/www.europesays.com\/es\/wp-json\/wp\/v2\/categories?post=185556"},{"taxonomy":"post_tag","embeddable":true,"href":"https:\/\/www.europesays.com\/es\/wp-json\/wp\/v2\/tags?post=185556"}],"curies":[{"name":"wp","href":"https:\/\/api.w.org\/{rel}","templated":true}]}}