{"id":185558,"date":"2025-10-18T18:36:13","date_gmt":"2025-10-18T18:36:13","guid":{"rendered":"https:\/\/www.europesays.com\/es\/185558\/"},"modified":"2025-10-18T18:36:13","modified_gmt":"2025-10-18T18:36:13","slug":"la-mision-de-la-esperanza-no-termina-en-triana","status":"publish","type":"post","link":"https:\/\/www.europesays.com\/es\/185558\/","title":{"rendered":"La misi\u00f3n de la Esperanza no termina en Triana"},"content":{"rendered":"<p style=\"\">Triana vuelve a tener entre sus brazos a la Esperanza. Las calles del Pol\u00edgono Sur son presa de la a\u00f1oranza en esta tarde de s\u00e1bado en la que sus vecinos comienzan poco a poco a ser conscientes de todo lo vivido. Temprano, muy temprano, sal\u00eda  &#8230; la Virgen de la parroquia de Jes\u00fas Obrero para comenzar el peregrinaje de regreso tras <strong>una misi\u00f3n cuyos frutos ya son palpables<\/strong>, pero que s\u00f3lo valoraremos como es debido con el paso del tiempo. Un tiempo que ech\u00f3 a volar cuando, diez minutos antes de las ocho de la ma\u00f1ana, se echaba la Esperanza de Triana en la calle. A\u00fan era de noche y <strong>buena parte del Pol\u00edgono Sur no hab\u00eda despertado<\/strong> cuando la Virgen, radiante como el lucero de la ma\u00f1ana, comenzaba a despedirse tras dos semanas recibiendo el fervor de los vecinos a todas horas.<\/p>\n<p class=\"voc-p\" style=\"\">Los primeros compases del traslado fueron r\u00e1pidos, como <strong>queriendo quitar r\u00e1pido la tirita del adi\u00f3s<\/strong> para que as\u00ed duela menos. La Virgen avanzaba con paso firme, pero haciendo disfrutar a todos los presentes desde primera hora de la ma\u00f1ana con la gracia y la alegr\u00eda que le caracteriza. Desde las altas y carcelarias rejas propias de la dura arquitectura del barrio se iban dejando ver cada vez m\u00e1s caras, miradas, tel\u00e9fonos m\u00f3viles. <strong>\u00abDe Pureza a mi casa jam\u00e1s caminar\u00e1s sola\u00bb<\/strong>, rezaba la pancarta de un devoto que hab\u00eda engalanado su hogar con todo lo que ten\u00eda. La Virgen se lo premi\u00f3 deteni\u00e9ndose en su puerta y dando unos pasos atr\u00e1s con &#8216;Rosario de Montesi\u00f3n&#8217;. Como si aquello fuera la calle Pureza. Como era la calle Pureza d\u00e9cadas atr\u00e1s, antes de que muchos vecinos tuvieran que marcharse y los turistas comenzasen a ser los m\u00e1ximos pobladores de los balcones de Triana.<\/p>\n<p><a class=\"voc-img-link\" href=\"https:\/\/www.abc.es\/sevilla\/pasionensevilla\/fotos-semana-santa-sevilla\/mejores-imagenes-traslado-vuelta-esperanza-triana-tras-20251018112757-gas.html\" data-voc-vtm-id=\"in-text-traffic\" title=\"Imagen\" rel=\"nofollow noopener\" target=\"_blank\"><\/p>\n<p><img decoding=\"async\" loading=\"lazy\" src=\"https:\/\/www.europesays.com\/es\/wp-content\/uploads\/2025\/10\/esperanza-triana-parque(2)-U603399592994HoF--760x427@diario_abc.jpeg\" class=\"voc-img\" width=\"760\" height=\"427\" alt=\"La misi\u00f3n de la Esperanza no termina en Triana\" data-voc-vtm-id=\"in-text-traffic\"\/><\/p>\n<p><\/a><\/p>\n<p class=\"voc-p\" style=\"\">Aproximadamente una hora tard\u00f3 la Virgen en llegar a la frontera simb\u00f3lica que el resto del tiempo a\u00edsla al Pol\u00edgono Sur de Sevilla. Las andas dieron <strong>una vuelta de 360 grados en la ronda de la Oliva<\/strong> a modo de homenaje a todo el barrio, volcado desde el primer minuto. \u00ab\u00a1Muchas gracias por todo, Esperanza!\u00bb. El sincero agradecimiento de una vecina de las Tres Mil que vio a la Virgen marcharse por Torcuato Luca de Tena fueron <strong>las \u00faltimas palabras que el Pol\u00edgono Sur comparti\u00f3 con la Esperanza de Triana<\/strong> antes de que abandonara definitivamente el barrio para cruzar bajo las v\u00edas de tren que separan de forma tajante e irremediable este barrio obrero y tantas veces marginado del resto de la capital hispalense. Con el primer arranque de nostalgia comenzaba la verdadera misi\u00f3n, la que se construye d\u00eda a d\u00eda.<\/p>\n<p>\nLa misi\u00f3n, con los m\u00e1s necesitados\n<\/p>\n<p class=\"voc-p\" style=\"\">El <strong>hospital Virgen del Roc\u00edo<\/strong>, muy cerca geograf\u00edcamente del Pol\u00edgono Sur, pero a un mundo en el imaginario de la ciudad, tan cruel a veces, marcaba el siguiente punto caliente de la jornada. El \u00e1gil ritmo de las andas por las calles de las Tres Mil torn\u00f3 en un paso mucho m\u00e1s pausado mientras rodeaban el recinto del hospital hasta adentrarse en el mismo a sones de &#8216;Amarguras&#8217;. Unos minutos pasaban de las diez de la ma\u00f1ana cuando la Virgen alcanzaba finalmente la <strong>entrada del hospital infantil<\/strong> mientras buena parte del personal esperaba su llegada desde todos los puntos del edificio. La expectaci\u00f3n era m\u00e1xima. Los <strong>j\u00f3venes pacientes<\/strong>, acompa\u00f1ados de sus familiares, recibieron a la dolorosa con emoci\u00f3n y los ojos clavados en ella coincidiendo con el final de &#8216;Reina la Esperanza&#8217; cantado por el coro gaditano de La Salle-Vi\u00f1a.<\/p>\n<p><img decoding=\"async\" loading=\"lazy\" src=\"https:\/\/www.europesays.com\/es\/wp-content\/uploads\/2025\/10\/mision-esperanza-triana(2)-U23238877131KBC-760x427@diario_abc.jpg\" class=\"voc-img\" width=\"760\" height=\"427\" alt=\"Los fieles del Pol\u00edgono Sur, con la Esperanza\" data-voc-vtm-id=\"in-text-traffic\"\/><\/p>\n<p>Los fieles del Pol\u00edgono Sur, con la Esperanza<\/p>\n<p>Manuel G\u00f3mez<\/p>\n<p class=\"voc-p\" style=\"\">Ya picaba el sol en la explanada de acceso al centro hospitalario, pero m\u00e1s radiante brillaba la Esperanza, que <strong>tend\u00eda su mano para ofrecer con su pa\u00f1uelo el consuelo<\/strong> a quienes m\u00e1s lo necesitaban. Los ni\u00f1os hospitalizados no ocultaban las sonrisas que iluminaban sus rostros, igual que sus padres no pod\u00edan esconder las l\u00e1grimas al recibir pa\u00f1uelos de la Virgen de parte de la hermandad. Decenas de m\u00e9dicos, enfermeros, auxiliares y celadores, algunos de ellos a los que ni siquiera les tocaba trabajar pero no quisieron perderse el momento, fueron testigos. Fue el momento m\u00e1s emotivo de la jornada.<\/p>\n<p class=\"voc-p\" style=\"\">Las <strong>historias de los peque\u00f1os<\/strong> eran desgarradoras. Como la de Manuel, un ni\u00f1o con espina b\u00edfida que ha pasado por quir\u00f3fano en repetidas ocasiones. \u00c9l fue quien, al enterarse d\u00edas antes de que la Esperanza iba a visitarlo, pidi\u00f3 a su madre que lo llevara a la puerta para poder estar frente a ella. \u00abLe hac\u00eda mucha ilusi\u00f3n verla, y ha sido un momento precioso\u00bb, expresaba con emoci\u00f3n su madre mientras guardaba las numerosas estampitas que les hab\u00edan regalado los hermanos. Los versos de la nana de Santa Ana arroparon a los ni\u00f1os del hospital en la melancol\u00eda de ver marchar a la Esperanza.<\/p>\n<p class=\"voc-p\" style=\"\">A medida que iba avanzando el d\u00eda, se iba sumando gente al traslado. <strong>El Porvenir estaba abarrotado<\/strong> como s\u00f3lo ocurre en los grandes d\u00edas de fiesta. Los balcones se encontraban repletos, las calles de frondosa vegetaci\u00f3n eran un hervidero, y en los bares no se cab\u00eda para tomarse las primeras cervezas al llegar la hora del \u00e1ngelus. <strong>La Esperanza lo desborda todo<\/strong>, como sintetiz\u00f3 a la perfecci\u00f3n un cofrade despu\u00e9s de que dos cantantes l\u00edricos ofrecieran sus voces a la Virgen en la calle Juan Pablos: \u00ab\u00a1Hay que ver lo que forma cada vez que sale!\u00bb.<\/p>\n<p class=\"voc-p\" style=\"\">Al filo de las dos cruzaba el <strong>parque de Mar\u00eda Luisa<\/strong> bajo un sol de justicia y rodeada de <strong>una aut\u00e9ntica masa humana<\/strong>. Pese al gent\u00edo, cuando son\u00f3 el tr\u00edo de &#8216;Pasa la Virgen Macarena&#8217; se hizo un silencio rotundo, casi m\u00e1gico. El colorido y la exhuberancia del regionalismo de An\u00edbal Gonz\u00e1lez luc\u00edan con m\u00e1s fuerza si cabe al paso de la Virgen de la Esperanza, que derrama luz por donde pasa, como escribi\u00f3 en su d\u00eda el recordado Julio Pardo y ahora canta toda Triana, tal y como hizo mientras la imagen dejaba a un lado la plaza de Espa\u00f1a. Las l\u00e1grimas hab\u00edan dejado paso a los <strong>goterones de sudor<\/strong> que resbalaban por la frente y la espalda de la multitud de cofrades congregados en torno a la Virgen, que comenzaba a aligerar el paso buscando la antigua f\u00e1brica de tabacos.<\/p>\n<p>\nVisita al Rectorado y San Telmo\n<\/p>\n<p class=\"voc-p\" style=\"\">All\u00ed fue <strong>recibida por la hermandad de los Estudiantes<\/strong> y por la Universidad de Sevilla, cuyos oficiales portaron las andas cuando se adentraron en el recinto del Rectorado. El entorno de la capilla universitaria <strong>estuvo cerrado al p\u00fablico general<\/strong>. Por tal motivo, s\u00f3lo unos pocos pudieron contemplar a la Esperanza presentarse ante el Cristo de la Buena Muerte y la Virgen de la Angustia minutos despu\u00e9s de que la banda de las Cigarreras interpretase su emblem\u00e1tica marcha de Abel Moreno sin menoscabo de la calidad musical pese a las horas acumuladas de traslado. Los fieles esperaban pacientemente en la puerta del Rectorado, a partir de donde ya no se separaron de la Virgen hasta dejarla en su casa.<\/p>\n<p class=\"voc-p\" style=\"\">Antes de eso, la Esperanza de Triana fue recibida a las puertas del <strong>Palacio de San Telmo<\/strong> por el presidente de la Junta de Andaluc\u00eda, <strong>Juanma Moreno<\/strong>, y por varios miembros de su Consejo de Gobierno, como los titulares de Sanidad, Presidencia y Emergencias, Antonio Sanz, y la de Cultura y Deporte, Patricia del Pozo. El presidente, que acompa\u00f1\u00f3 a las andas en los instantes previos a la presentaci\u00f3n y llam\u00f3 a las mismas se acord\u00f3 del motivo de la misi\u00f3n, el llevar a la Esperanza ante una parte de la poblaci\u00f3n \u00abm\u00e1s vulnerable para la que es motivo de satisfacci\u00f3n y alegr\u00eda poder recibir a la Virgen en su barrio\u00bb. Una saeta de Jos\u00e9 Luis P\u00e9rez Vera puso el broche a la visita de la Esperanza y casi al per\u00edodo de dos semanas que la Virgen pasaba al otro lado del r\u00edo, algo ins\u00f3lito.<\/p>\n<p class=\"voc-p\" style=\"\">El puente de San Telmo se convirti\u00f3 en la <strong>alfombra roja desplegada por el barrio de Triana<\/strong> para recibir a su faro, gu\u00eda y estandarte tras dos semanas sumido en la bruma de la distancia. A partir de ah\u00ed, puente y aparte, con las apreturas habituales junto a la Esperanza por Betis, Troya y Pureza, que no entr\u00f3 hasta pasadas las seis y cuarto de la tarde.<\/p>\n<p class=\"voc-p\" style=\"\">Fueron tres calles despu\u00e9s de tantas otras en las que los trianeros hab\u00edan cedido a su Virgen al mundo. Aunque lo cierto es que <strong>la Esperanza no es s\u00f3lo de los trianeros<\/strong>. Si algo ha quedado demostrado durante esta misi\u00f3n evangelizadora es que la Virgen de la Esperanza es <strong>de quienes m\u00e1s la necesitan<\/strong>, y un poquito de ella se queda con todos ellos. Con los humildes vecinos del Pol\u00edgono Sur, con los viejos trianeros en la di\u00e1spora, con los ni\u00f1os enfermos del hospital. Con la madre que este s\u00e1bado aseguraba en el Virgen del Roc\u00edo que \u00abnosotros nunca hemos perdido la fe, pero la Virgen nos ha llenado de esperanza para seguir adelante\u00bb. Misi\u00f3n cumplida.<\/p>\n","protected":false},"excerpt":{"rendered":"Triana vuelve a tener entre sus brazos a la Esperanza. Las calles del Pol\u00edgono Sur son presa de&hellip;\n","protected":false},"author":2,"featured_media":185559,"comment_status":"","ping_status":"","sticky":false,"template":"","format":"standard","meta":{"footnotes":""},"categories":[8],"tags":[17,18,25,24,13,14,11,1783,19,20,9,10,15,16,23,12,21,22],"class_list":{"0":"post-185558","1":"post","2":"type-post","3":"status-publish","4":"format-standard","5":"has-post-thumbnail","7":"category-espana","8":"tag-breaking-news","9":"tag-breakingnews","10":"tag-es","11":"tag-espana","12":"tag-featured-news","13":"tag-featurednews","14":"tag-headlines","15":"tag-la","16":"tag-latest-news","17":"tag-latestnews","18":"tag-news","19":"tag-noticias","20":"tag-noticias-destacadas","21":"tag-noticiasdestacadas","22":"tag-spain","23":"tag-titulares","24":"tag-ultimas-noticias","25":"tag-ultimasnoticias"},"share_on_mastodon":{"url":"","error":""},"_links":{"self":[{"href":"https:\/\/www.europesays.com\/es\/wp-json\/wp\/v2\/posts\/185558","targetHints":{"allow":["GET"]}}],"collection":[{"href":"https:\/\/www.europesays.com\/es\/wp-json\/wp\/v2\/posts"}],"about":[{"href":"https:\/\/www.europesays.com\/es\/wp-json\/wp\/v2\/types\/post"}],"author":[{"embeddable":true,"href":"https:\/\/www.europesays.com\/es\/wp-json\/wp\/v2\/users\/2"}],"replies":[{"embeddable":true,"href":"https:\/\/www.europesays.com\/es\/wp-json\/wp\/v2\/comments?post=185558"}],"version-history":[{"count":0,"href":"https:\/\/www.europesays.com\/es\/wp-json\/wp\/v2\/posts\/185558\/revisions"}],"wp:featuredmedia":[{"embeddable":true,"href":"https:\/\/www.europesays.com\/es\/wp-json\/wp\/v2\/media\/185559"}],"wp:attachment":[{"href":"https:\/\/www.europesays.com\/es\/wp-json\/wp\/v2\/media?parent=185558"}],"wp:term":[{"taxonomy":"category","embeddable":true,"href":"https:\/\/www.europesays.com\/es\/wp-json\/wp\/v2\/categories?post=185558"},{"taxonomy":"post_tag","embeddable":true,"href":"https:\/\/www.europesays.com\/es\/wp-json\/wp\/v2\/tags?post=185558"}],"curies":[{"name":"wp","href":"https:\/\/api.w.org\/{rel}","templated":true}]}}