{"id":185560,"date":"2025-10-18T18:37:23","date_gmt":"2025-10-18T18:37:23","guid":{"rendered":"https:\/\/www.europesays.com\/es\/185560\/"},"modified":"2025-10-18T18:37:23","modified_gmt":"2025-10-18T18:37:23","slug":"la-policia-recupera-mas-de-una-tonelada-de-objetos-robados-en-el-cementerio-de-torrero-de-zaragoza","status":"publish","type":"post","link":"https:\/\/www.europesays.com\/es\/185560\/","title":{"rendered":"La Polic\u00eda recupera m\u00e1s de una tonelada de objetos robados en el cementerio de Torrero de Zaragoza"},"content":{"rendered":"<p>            La Polic\u00eda recupera m\u00e1s de una tonelada de objetos robados en el cementerio de Torrero de Zaragoza                <\/p>\n<p>La Polic\u00eda recupera m\u00e1s de una tonelada de objetos robados en el cementerio de Torrero de Zaragoza<\/p>\n<p class=\"epigraph\">Se proceder\u00e1 a contactar con todos los afectados para celebrar una exposici\u00f3n p\u00fablica en la que cada leg\u00edtimo propietario pueda reconocer y recuperar sus pertenencias.<\/p>\n<p class=\"paragraph\">La r\u00e1pida intervenci\u00f3n de la Polic\u00eda Nacional ha permitido <b>recuperar todos los objetos que hab\u00edan sido robados del cementerio de Torrero<\/b> en Zaragoza desde finales del pasado mes de septiembre. Este mismo viernes por la ma\u00f1ana, <a href=\"https:\/\/www.heraldo.es\/noticias\/aragon\/zaragoza\/2025\/10\/17\/tres-detenidos-por-los-robos-y-danos-en-500-nichos-en-el-cementerio-de-zaragoza-1862786.html\" title=\"Tres detenidos por los robos y da\u00f1os en 500 nichos en el Cementerio de Zaragoza\" rel=\"nofollow noopener\" target=\"_blank\">los agentes detuvieron en el barrio Oliver a tres hombres como presuntos autores<\/a> de los m\u00e1s de 500 robos perpetrados en el camposanto de la capital aragonesa.<\/p>\n<p>            Conforme a los criterios de<br \/>\n            <a class=\"trustproject_img\" id=\"trustproject_img\" href=\"https:\/\/thetrustproject.org\/\" target=\"_blank\" rel=\"nofollow noopener\" aria-label=\"Trust Project\"><img decoding=\"async\" loading=\"lazy\" src=\"https:\/\/www.heraldo.es\/images\/Trust-Logo-Horizontal.svg\" alt=\"Logo Trust Project\" width=\"200\" height=\"34\"\/><\/a><\/p>\n<p>        <a href=\"https:\/\/www.henneo.com\/\" title=\"Grupo Henneo\" class=\"logo\" rel=\"nofollow noopener\" target=\"_blank\"><br \/>\n            <img decoding=\"async\" src=\"https:\/\/www.heraldo.es\/images\/logo_henneo_gris.svg\" alt=\"Logo Henneo\" width=\"559\" height=\"389\" loading=\"lazy\"\/><br \/>\n        <\/a><\/p>\n<p>\u00a9 HERALDO DE ARAGON EDITORA, S.L.U.<br \/>Tel\u00e9fono 976 765 000 \/ &#8211; P\u00ba. Independencia, 29, 50001 Zaragoza &#8211; CIF: B99288763 &#8211; Inscrita en el Registro Mercantil de Zaragoza al Tomo 3796, Libro 0, Folio 177, Secci\u00f3n 8, Hoja Z-50564<br \/>Queda prohibida toda reproducci\u00f3n sin permiso escrito de la empresa a los efectos del art\u00edculo 32.1, p\u00e1rrafo segundo, de la Ley de Propiedad Intelectual<\/p>\n<p>\n                P\u00ba Independencia, 29, 50001 Zaragoza<br \/> Tel\u00e9fono 976 765 000\n            <\/p>\n<p>                    Actualmente tu navegador no permite ejecutar JavaScript. Para poder disfrutar de nuestro contenido es necesario que lo permita.<br \/>\n                                        <img decoding=\"async\" loading=\"lazy\" alt=\"Heraldo logo\" src=\"https:\/\/dkumiip2e9ary.cloudfront.net\/xalok\/heraldo\/especiales\/hola-de-nuevo\/logo-heraldo.svg\" width=\"215\" height=\"43\"\/><\/p>\n","protected":false},"excerpt":{"rendered":"La Polic\u00eda recupera m\u00e1s de una tonelada de objetos robados en el cementerio de Torrero de Zaragoza La&hellip;\n","protected":false},"author":2,"featured_media":185561,"comment_status":"","ping_status":"","sticky":false,"template":"","format":"standard","meta":{"footnotes":""},"categories":[5],"tags":[17,18,25923,25,24,13,14,11,18296,19,20,9,10,15,16,7561,23,257,12,52301,21,22,491],"class_list":{"0":"post-185560","1":"post","2":"type-post","3":"status-publish","4":"format-standard","5":"has-post-thumbnail","7":"category-titulares","8":"tag-breaking-news","9":"tag-breakingnews","10":"tag-cementerio","11":"tag-es","12":"tag-espana","13":"tag-featured-news","14":"tag-featurednews","15":"tag-headlines","16":"tag-ladrones","17":"tag-latest-news","18":"tag-latestnews","19":"tag-news","20":"tag-noticias","21":"tag-noticias-destacadas","22":"tag-noticiasdestacadas","23":"tag-robo","24":"tag-spain","25":"tag-sucesos","26":"tag-titulares","27":"tag-torrero","28":"tag-ultimas-noticias","29":"tag-ultimasnoticias","30":"tag-zaragoza"},"share_on_mastodon":{"url":"","error":""},"_links":{"self":[{"href":"https:\/\/www.europesays.com\/es\/wp-json\/wp\/v2\/posts\/185560","targetHints":{"allow":["GET"]}}],"collection":[{"href":"https:\/\/www.europesays.com\/es\/wp-json\/wp\/v2\/posts"}],"about":[{"href":"https:\/\/www.europesays.com\/es\/wp-json\/wp\/v2\/types\/post"}],"author":[{"embeddable":true,"href":"https:\/\/www.europesays.com\/es\/wp-json\/wp\/v2\/users\/2"}],"replies":[{"embeddable":true,"href":"https:\/\/www.europesays.com\/es\/wp-json\/wp\/v2\/comments?post=185560"}],"version-history":[{"count":0,"href":"https:\/\/www.europesays.com\/es\/wp-json\/wp\/v2\/posts\/185560\/revisions"}],"wp:featuredmedia":[{"embeddable":true,"href":"https:\/\/www.europesays.com\/es\/wp-json\/wp\/v2\/media\/185561"}],"wp:attachment":[{"href":"https:\/\/www.europesays.com\/es\/wp-json\/wp\/v2\/media?parent=185560"}],"wp:term":[{"taxonomy":"category","embeddable":true,"href":"https:\/\/www.europesays.com\/es\/wp-json\/wp\/v2\/categories?post=185560"},{"taxonomy":"post_tag","embeddable":true,"href":"https:\/\/www.europesays.com\/es\/wp-json\/wp\/v2\/tags?post=185560"}],"curies":[{"name":"wp","href":"https:\/\/api.w.org\/{rel}","templated":true}]}}