{"id":185562,"date":"2025-10-18T18:38:08","date_gmt":"2025-10-18T18:38:08","guid":{"rendered":"https:\/\/www.europesays.com\/es\/185562\/"},"modified":"2025-10-18T18:38:08","modified_gmt":"2025-10-18T18:38:08","slug":"el-balonmano-nava-a-levantar-el-vuelo","status":"publish","type":"post","link":"https:\/\/www.europesays.com\/es\/185562\/","title":{"rendered":"El Balonmano Nava, a levantar el vuelo"},"content":{"rendered":"<p>El Viveros Herol Nava afronta este domingo un partido clave en su lucha por revertir la delicada situaci\u00f3n que atraviesa en este arranque de temporada en la Liga Nexus Energ\u00eda Aobal. El conjunto navero recibir\u00e1 en el pabell\u00f3n Guerreros Naveros, a partir de las 12:30 horas, al Cajasol \u00c1ngel Xim\u00e9nez Puente Genil, en un duelo correspondiente a la sexta jornada liguera, con el claro objetivo de reencontrarse con la victoria y recobrar sensaciones positivas.<\/p>\n<p>El equipo dirigido por \u00c1lvaro Senovilla ha tenido un inicio de curso lleno de obst\u00e1culos, condicionado tanto por un arranque de calendario exigente como por la renovaci\u00f3n en su plantilla. El resultado ha sido un balance poco favorable de una sola victoria en cinco encuentros, lo que ha llevado al Balonmano Nava a situarse en la decimotercera posici\u00f3n de la tabla, acumulando adem\u00e1s tres derrotas consecutivas. Consciente de la importancia del factor cancha, el club navero se aferrar\u00e1 al apoyo de su gente para recobrar el pulso y sumar el que ser\u00eda su segundo triunfo de la temporada.<\/p>\n<p>No obstante, el reto no ser\u00e1 sencillo. Enfrente estar\u00e1 un rival siempre competitivo como el Cajasol \u00c1ngel Xim\u00e9nez Puente Genil, que ocupa actualmente la octava posici\u00f3n con cuatro puntos, dos m\u00e1s que los naveros. El conjunto andaluz, dirigido por Paco Bustos, llega a la cita tras caer en casa frente a Ademar Le\u00f3n, pero habiendo logrado una s\u00f3lida victoria en su \u00faltima salida, imponi\u00e9ndose al BM Caser\u00edo Ciudad Real por 27-31 en el Quijote Arena. Hasta la fecha, ha sumado dos triunfos y tres derrotas.<\/p>\n<p>Respecto a su plantilla, Puente Genil ha mantenido el n\u00facleo de jugadores de la pasada temporada, con nombres clave como Pablo Simonet, Lucas Aizen, Dani Serrano, Dani Ramos o el ex-navero Paco Bernab\u00e9u. A ellos se han unido incorporaciones de nivel como el extremo Mario Dorado o el lateral Leandro Semedo. Adem\u00e1s, en porter\u00eda, contin\u00faa siendo referencia \u00c1lvaro de Hita, con casi un 29% de acierto en sus intervenciones.<\/p>\n<p>Por \u00faltimo, los precedentes entre ambos conjuntos en Nava de la Asunci\u00f3n hablan de una igualdad absoluta puesto que, en sus cinco enfrentamientos en la m\u00e1xima categor\u00eda en feudo navero, el balance es de dos victorias para cada equipo y un empate, precisamente el registrado la pasada temporada.<\/p>\n","protected":false},"excerpt":{"rendered":"El Viveros Herol Nava afronta este domingo un partido clave en su lucha por revertir la delicada situaci\u00f3n&hellip;\n","protected":false},"author":2,"featured_media":185563,"comment_status":"","ping_status":"","sticky":false,"template":"","format":"standard","meta":{"footnotes":""},"categories":[278],"tags":[376,168,25,24,375,23,167],"class_list":{"0":"post-185562","1":"post","2":"type-post","3":"status-publish","4":"format-standard","5":"has-post-thumbnail","7":"category-balonmano","8":"tag-balonmano","9":"tag-deportes","10":"tag-es","11":"tag-espana","12":"tag-handball","13":"tag-spain","14":"tag-sports"},"share_on_mastodon":{"url":"","error":""},"_links":{"self":[{"href":"https:\/\/www.europesays.com\/es\/wp-json\/wp\/v2\/posts\/185562","targetHints":{"allow":["GET"]}}],"collection":[{"href":"https:\/\/www.europesays.com\/es\/wp-json\/wp\/v2\/posts"}],"about":[{"href":"https:\/\/www.europesays.com\/es\/wp-json\/wp\/v2\/types\/post"}],"author":[{"embeddable":true,"href":"https:\/\/www.europesays.com\/es\/wp-json\/wp\/v2\/users\/2"}],"replies":[{"embeddable":true,"href":"https:\/\/www.europesays.com\/es\/wp-json\/wp\/v2\/comments?post=185562"}],"version-history":[{"count":0,"href":"https:\/\/www.europesays.com\/es\/wp-json\/wp\/v2\/posts\/185562\/revisions"}],"wp:featuredmedia":[{"embeddable":true,"href":"https:\/\/www.europesays.com\/es\/wp-json\/wp\/v2\/media\/185563"}],"wp:attachment":[{"href":"https:\/\/www.europesays.com\/es\/wp-json\/wp\/v2\/media?parent=185562"}],"wp:term":[{"taxonomy":"category","embeddable":true,"href":"https:\/\/www.europesays.com\/es\/wp-json\/wp\/v2\/categories?post=185562"},{"taxonomy":"post_tag","embeddable":true,"href":"https:\/\/www.europesays.com\/es\/wp-json\/wp\/v2\/tags?post=185562"}],"curies":[{"name":"wp","href":"https:\/\/api.w.org\/{rel}","templated":true}]}}