{"id":185572,"date":"2025-10-18T18:45:12","date_gmt":"2025-10-18T18:45:12","guid":{"rendered":"https:\/\/www.europesays.com\/es\/185572\/"},"modified":"2025-10-18T18:45:12","modified_gmt":"2025-10-18T18:45:12","slug":"kobi-simmons-nuevo-base-del-baskonia-para-los-proximos-dos-meses","status":"publish","type":"post","link":"https:\/\/www.europesays.com\/es\/185572\/","title":{"rendered":"Kobi Simmons, nuevo base del Baskonia para los pr\u00f3ximos dos meses"},"content":{"rendered":"<p><a class=\"v-mdl-ath__fig-a\" href=\"https:\/\/www.elcorreo.com\/autor\/ivan-benito-4702.html\" title=\"Iv\u00e1n Benito\" rel=\"nofollow noopener\" target=\"_blank\"><br \/>\n<img decoding=\"async\" class=\"v-mdl-ath__img\" src=\"https:\/\/www.europesays.com\/es\/wp-content\/uploads\/2025\/09\/1759052531_106_autor-4702-foto-1.jpeg\" alt=\"Iv\u00e1n Benito\"\/><br \/>\n<\/a><\/p>\n<p class=\"v-mdl-ath__p v-mdl-ath__p--6\">\nS\u00e1bado, 18 de octubre 2025, 13:19<\/p>\n<p>| Actualizado 17:33h.<\/p>\n<p class=\"v-p\">Dos d\u00edas ha tardado el Baskonia en encontrar un refuerzo que supla las bajas de Forrest y Howard. La direcci\u00f3n deportiva azulgrana ha reaccionado con celeridad y ha cerrado la llegada de Kobi Simmons (Atlanta, 1997) para los pr\u00f3ximos dos meses. Vuelve la figura del temporero al Buesa Arena, habitual en d\u00e9cadas pasadas e inusual en el \u00faltimo lustro, para tratar de sobreponerse a las adversidades que tiene que afrontar el conjunto vitoriano tras un inicio de curso aciago. El base norteamericano, utilizado como escolta en su etapa en la NBA, dispondr\u00e1 de una opci\u00f3n de extender su contrato hasta el final de la presente temporada. Con 28 a\u00f1os y 1,96 metros de altura, llega libre tras jugar la pasada temporada en los Zhejiang Golden Bulls de la liga china y en los Gigantes de Carolina de Puerto Rico.<\/p>\n<p><a href=\"http:\/\/www.elcorreo.com\/baskonia\/baskonia-busca-refuerzo-exterior-cubrir-bajas-forrest-20251018002526-nt.html#vtm_modulosEngag=mod-rel:baskonia:noticia:1:cmp:1-not\" class=\"v-a-link\" aria-label=\"Imagen\" rel=\"nofollow noopener\" target=\"_blank\"><\/p>\n<p><img decoding=\"async\" loading=\"lazy\" src=\"https:\/\/www.europesays.com\/es\/wp-content\/uploads\/2025\/10\/ivan bvenito-ktmE--366x256@El Correo.JPG\" class=\"v-a-img\" width=\"258\" height=\"180\" alt=\"\" data-voc-vtm-id=\"in-text-traffic\"\/><\/p>\n<p><\/a><\/p>\n<p class=\"v-p\">El exterior criado en Atlanta promedi\u00f3 15,4 puntos, 5,1 asistencias, 3,4 rebotes y 14,9 cr\u00e9ditos de valoraci\u00f3n en la liga china. En el pa\u00eds caribe\u00f1o lleg\u00f3 hasta los 19,4 tantos de media por partido. Sus porcentajes de acierto en lanzamientos triples, una de las mayores preocupaciones en la parroquia baskonista, rondan el 35% a lo largo de su carrera como profesional, que incluye una temporada en Polonia.<\/p>\n<p class=\"v-p\">Formado en la Universidad de Arizona, Simmons no fue elegido en el &#8216;draft&#8217; de la NBA de 2017, pero encontr\u00f3 un hueco en los Memphis Grizzlies. Fue el primer jugador de la historia de la liga con contrato dual, para compaginar el primer equipo y el filial, los Memphis Hustle. Jug\u00f3 seis partidos en las ligas de verano, en los que promedi\u00f3 4,2 puntos y 1,7 asistencias. Lleg\u00f3 a jugar 32 partidos en la Liga Norteamericana esa temporada, para despu\u00e9s tratar de ganar una mayor participaci\u00f3n con los Cleveland Cavaliers (2019).<\/p>\n<p class=\"v-p\">Al no lograrlo, dio el salto a Europa. En el curso 2021-2022, Simmons visti\u00f3 la camiseta del Stal Ostr\u00f3w Wielkopolski polaco, con el que disput\u00f3 la Champions de la FIBA. Sus n\u00fameros fueron 14,7 puntos, 2,3 asistencias y 10,2 de valoraci\u00f3n en seis partidos. Tras esa aventura, Simmons estuvo muy cerca de recalar en el Granada de Pablo Pin. El ahora segundo entrenador azulgrana pretendi\u00f3 su fichaje en el verano de 2022, aunque el jugador finalmente opt\u00f3 por regresar a Estados Unidos.<\/p>\n<p class=\"v-p\">Estuvo otros dos cursos a caballo entre la Liga de Desarrollo y las franquicias de los Charlotte Hornets y los Toronto Raptors, donde coincidi\u00f3 con Markquis Nowell. En Vitoria deber\u00e1n de volver a coordinarse a los mandos del equipo. Su etapa en la NBA se cerr\u00f3 en 2024 con 42 partidos y dio paso a su primer contrato temporal. El Maccabi le contrat\u00f3 para realizar la pretemporada del curso pasado. Si convenc\u00eda a Oded Kattash, podr\u00eda quedarse todo el curso. Pero no lo hizo. Se fue de Tel Aviv solo un mes despu\u00e9s sin jugar ning\u00fan partido oficial y puso rumbo a China, donde firm\u00f3 otros dos contratos temporales en el Zhejiang FC. En febrero, aterriz\u00f3 en Puerto Rico, donde tambi\u00e9n hizo gala de su capacidad anotadora.<\/p>\n<p class=\"v-p\">El Baskonia le define como \u00abun jugador f\u00edsico\u00bb. Se espera que llegue en los pr\u00f3ximos d\u00edas a Vitoria para empezar a ayudar al conjunto de Galbiati e intentar revertir la mala situaci\u00f3n en la que se encuentra el Baskonia en la Euroliga, con 5 derrotas en otros tantos partidos. Simmons ser\u00e1 el contrapunto de Nowell. Con m\u00e1s f\u00edsico y envergadura pero menos dotes para la direcci\u00f3n, ambos exteriores ser\u00e1n los dos extracomunitarios del Baskonia en los encunetros de la ACB. <\/p>\n<p class=\"v-p\">Una vez regrese primero Howard, que estar\u00e1 un mes de baja por su lesi\u00f3n en la mano, y despu\u00e9s Forrest, al que no se espera antes de cinco semanas por su rotura en el isquiotibial, Galbiati tendr\u00eda que realizar dos descartes. La coyuntura dificultar\u00e1 la continuidad de Simmons hasta final de temporada, aunque sus opciones de prosperar en el Buesa Arena depender\u00e1n de su rendimiento y su r\u00e1pida adaptaci\u00f3n.<\/p>\n<p>Reporta un error<\/p>\n","protected":false},"excerpt":{"rendered":"S\u00e1bado, 18 de octubre 2025, 13:19 | Actualizado 17:33h. Dos d\u00edas ha tardado el Baskonia en encontrar un&hellip;\n","protected":false},"author":2,"featured_media":185573,"comment_status":"","ping_status":"","sticky":false,"template":"","format":"standard","meta":{"footnotes":""},"categories":[269],"tags":[299,5715,298,4714,168,25,24,52305,3703,6018,23,167],"class_list":{"0":"post-185572","1":"post","2":"type-post","3":"status-publish","4":"format-standard","5":"has-post-thumbnail","7":"category-baloncesto","8":"tag-baloncesto","9":"tag-base","10":"tag-basketball","11":"tag-baskonia","12":"tag-deportes","13":"tag-es","14":"tag-espana","15":"tag-kobi","16":"tag-refuerza","17":"tag-simmons","18":"tag-spain","19":"tag-sports"},"share_on_mastodon":{"url":"","error":""},"_links":{"self":[{"href":"https:\/\/www.europesays.com\/es\/wp-json\/wp\/v2\/posts\/185572","targetHints":{"allow":["GET"]}}],"collection":[{"href":"https:\/\/www.europesays.com\/es\/wp-json\/wp\/v2\/posts"}],"about":[{"href":"https:\/\/www.europesays.com\/es\/wp-json\/wp\/v2\/types\/post"}],"author":[{"embeddable":true,"href":"https:\/\/www.europesays.com\/es\/wp-json\/wp\/v2\/users\/2"}],"replies":[{"embeddable":true,"href":"https:\/\/www.europesays.com\/es\/wp-json\/wp\/v2\/comments?post=185572"}],"version-history":[{"count":0,"href":"https:\/\/www.europesays.com\/es\/wp-json\/wp\/v2\/posts\/185572\/revisions"}],"wp:featuredmedia":[{"embeddable":true,"href":"https:\/\/www.europesays.com\/es\/wp-json\/wp\/v2\/media\/185573"}],"wp:attachment":[{"href":"https:\/\/www.europesays.com\/es\/wp-json\/wp\/v2\/media?parent=185572"}],"wp:term":[{"taxonomy":"category","embeddable":true,"href":"https:\/\/www.europesays.com\/es\/wp-json\/wp\/v2\/categories?post=185572"},{"taxonomy":"post_tag","embeddable":true,"href":"https:\/\/www.europesays.com\/es\/wp-json\/wp\/v2\/tags?post=185572"}],"curies":[{"name":"wp","href":"https:\/\/api.w.org\/{rel}","templated":true}]}}