{"id":185576,"date":"2025-10-18T18:47:09","date_gmt":"2025-10-18T18:47:09","guid":{"rendered":"https:\/\/www.europesays.com\/es\/185576\/"},"modified":"2025-10-18T18:47:09","modified_gmt":"2025-10-18T18:47:09","slug":"asi-reacciona-a-la-vuelta-de-amaia-montero-a-la-oreja-de-van-gogh-que-ella-ya-adelanto","status":"publish","type":"post","link":"https:\/\/www.europesays.com\/es\/185576\/","title":{"rendered":"as\u00ed reacciona a la vuelta de Amaia Montero a La Oreja de Van Gogh (que ella ya adelant\u00f3)"},"content":{"rendered":"<p id=\"eTWgUtai7W\" data-wc=\"74\"><strong>Amaia Montero ha regresado oficialmente a La Oreja de Van Gogh.<\/strong> La noticia, celebrada por muchos fans, ha reactivado una pol\u00e9mica que estall\u00f3 meses atr\u00e1s, cuando<a class=\"hm-link ho-link\" href=\"https:\/\/www.hola.com\/actualidad\/20250422827676\/cayetana-guillen-cuervo-confirma-vuelta-de-amaia-montero-la-oreja-de-van-gogh\/\" data-mrf-recirculation=\"article-body-link\" rel=\"nofollow noopener\" target=\"_blank\">\u00a0Cayetana Guill\u00e9n Cuervo revel\u00f3<\/a> \u2014sin querer\u2014 que ya conoc\u00eda la vuelta de la cantante desde hac\u00eda tiempo. Hay que recordar que la actriz y la cantante son \u00edntimas amigas. De hecho, el hijo de Cayetana,<strong> Leo Ayyashi, de 19 a\u00f1os,<\/strong> es ahijado de la vocalista del grupo donostiarra.<\/p>\n<p id=\"e22xxPJpOF\" data-wc=\"79\">Ahora que <a class=\"hm-link ho-link\" href=\"https:\/\/www.hola.com\/actualidad\/20251015861702\/la-oreja-de-van-gogh-comunicado-regreso-amaia-montero\/\" data-mrf-recirculation=\"article-body-link\" rel=\"nofollow noopener\" target=\"_blank\">Amaia Montero ha regresado al grupo<\/a> con el que conquist\u00f3 al gran p\u00fablico, todas las miradas se dirigen a su <strong>amiga Cayetana Guill\u00e9n Cuervo.<\/strong> \u00bfQu\u00e9 piensa ella de este esperado reencuentro musical? Sobre todo, despu\u00e9s de aquellas declaraciones que dieron tanto que hablar hace unos meses.<strong>\u00a0La actriz ha sido abordada en el aeropuerto de Madrid<\/strong> y, al ser preguntada por la noticia, su reacci\u00f3n no ha pasado desapercibida. \u00bfQuieres verla? Solo tienes que darle al PLAY.<\/p>\n","protected":false},"excerpt":{"rendered":"Amaia Montero ha regresado oficialmente a La Oreja de Van Gogh. La noticia, celebrada por muchos fans, ha&hellip;\n","protected":false},"author":2,"featured_media":185577,"comment_status":"","ping_status":"","sticky":false,"template":"","format":"standard","meta":{"footnotes":""},"categories":[174],"tags":[517,20219,16596,255,146,147,25,24,256,185,23],"class_list":{"0":"post-185576","1":"post","2":"type-post","3":"status-publish","4":"format-standard","5":"has-post-thumbnail","7":"category-famosos","8":"tag-actualidad","9":"tag-amaia-montero","10":"tag-cayetana-guillen-cuervo","11":"tag-celebrities","12":"tag-entertainment","13":"tag-entretenimiento","14":"tag-es","15":"tag-espana","16":"tag-famosos","17":"tag-musica","18":"tag-spain"},"share_on_mastodon":{"url":"","error":""},"_links":{"self":[{"href":"https:\/\/www.europesays.com\/es\/wp-json\/wp\/v2\/posts\/185576","targetHints":{"allow":["GET"]}}],"collection":[{"href":"https:\/\/www.europesays.com\/es\/wp-json\/wp\/v2\/posts"}],"about":[{"href":"https:\/\/www.europesays.com\/es\/wp-json\/wp\/v2\/types\/post"}],"author":[{"embeddable":true,"href":"https:\/\/www.europesays.com\/es\/wp-json\/wp\/v2\/users\/2"}],"replies":[{"embeddable":true,"href":"https:\/\/www.europesays.com\/es\/wp-json\/wp\/v2\/comments?post=185576"}],"version-history":[{"count":0,"href":"https:\/\/www.europesays.com\/es\/wp-json\/wp\/v2\/posts\/185576\/revisions"}],"wp:featuredmedia":[{"embeddable":true,"href":"https:\/\/www.europesays.com\/es\/wp-json\/wp\/v2\/media\/185577"}],"wp:attachment":[{"href":"https:\/\/www.europesays.com\/es\/wp-json\/wp\/v2\/media?parent=185576"}],"wp:term":[{"taxonomy":"category","embeddable":true,"href":"https:\/\/www.europesays.com\/es\/wp-json\/wp\/v2\/categories?post=185576"},{"taxonomy":"post_tag","embeddable":true,"href":"https:\/\/www.europesays.com\/es\/wp-json\/wp\/v2\/tags?post=185576"}],"curies":[{"name":"wp","href":"https:\/\/api.w.org\/{rel}","templated":true}]}}