{"id":185581,"date":"2025-10-18T18:51:13","date_gmt":"2025-10-18T18:51:13","guid":{"rendered":"https:\/\/www.europesays.com\/es\/185581\/"},"modified":"2025-10-18T18:51:13","modified_gmt":"2025-10-18T18:51:13","slug":"springsteen-aborda-etapa-vulnerable-en-la-vida-del-iconico-musico-grupo-milenio","status":"publish","type":"post","link":"https:\/\/www.europesays.com\/es\/185581\/","title":{"rendered":"&#8216;Springsteen&#8217; aborda etapa vulnerable en la vida del ic\u00f3nico m\u00fasico- Grupo Milenio"},"content":{"rendered":"<p><strong>Springsteen. M\u00fasica de ninguna parte<\/strong>, que se estrena el pr\u00f3ximo 24 de octubre en cines, <strong>no es el t\u00edpico biopic <\/strong>de una estrella de la m\u00fasica como los que hemos visto. Aqu\u00ed encontramos a <a href=\"https:\/\/www.milenio.com\/cultura\/laberinto\/bruce-springsteen-lanza-tracks-ii-arremete-trump\" title=\"Los discos perdidos de Bruce Springsteen\" target=\"_blank\" rel=\"nofollow noopener\">El Jefe<\/a> en su estado m\u00e1s solitario y vulnerable, quien en 1982, grab\u00f3 un \u00e1lbum casero que cambiar\u00eda su vida \u2014y la de muchos otros\u2014 para siempre. <\/p>\n<p>Bruce ya era una estrella en ascenso, y  todos sab\u00edan que estaba a un gran \u00e9xito del mega estrellato, pero <strong>Nebraska<\/strong> era lo que ten\u00eda que hacer y eso es lo que ocurri\u00f3. Antes de <strong>Born in the USA<\/strong> o <strong>I\u2019m on Fire <\/strong>estuvo este \u00e1lbum y la historia es de no creerse.<\/p>\n<p>La experiencia de Jeremey Allen White al dar vida a Bruce<\/p>\n<p>Filmada en locaciones reales, desde el legendario Stone Pony bar hasta los alrededores de Asbury, Nueva Jersey, el proyecto se sumerge en la etapa m\u00e1s introspectiva de The Boss. All\u00ed donde no hab\u00eda excesos, sino silencio y creatividad. <\/p>\n<p><strong>Jeremey Allen White (The Bear) <\/strong>interpreta a un joven Bruce; platicamos con \u00e9l respecto a esta aventura musical y cinematogr\u00e1fica.  <\/p>\n<blockquote><p>\u201cEst\u00e1bamos muy cerca de Bruce, en muchos de los ambientes, de los sets y localizaciones, \u2014cont\u00f3\u2014. Aqu\u00ed fue donde \u00e9l empez\u00f3, tocaba con bandas locales, conoci\u00f3 a Patty, su esposa; <strong>hay mucha historia aqu\u00ed en Asbury<\/strong>\u201d.<\/p><\/blockquote>\n<p>White, alegre y sencillo, confes\u00f3 que al principio dud\u00f3 en aceptar el papel: \u201cTuve que pensarlo. Sab\u00eda lo amable que es Bruce, y lo conocido que es. <strong>Ten\u00eda trepidaci\u00f3n.<\/strong> \u00bfDe verdad voy a hacer esto? Pero cuando Scott me dijo: \u2018Bruce realmente quiere que seas t\u00fa\u2019, todo cambi\u00f3. Si \u00e9l estaba c\u00f3modo con que se contara esta historia, si estaba detr\u00e1s del filme, entonces s\u00ed, pod\u00edamos intentarlo\u201d.<\/p>\n<p>\t\t<img decoding=\"async\" class=\"nd-media-detail-caption__img\" alt=\"Allen White en el rol del cantante | Especial\" data-camus-image=\"\" data-camus-toolbar-image-position=\"topleft\" loading=\"lazy\" src=\"https:\/\/images.milenio.com\/6cJibIpqaZGZR7uyNDol_WOi820=\/375x0\/uploads\/media\/2025\/10\/17\/allen-white-en-el-rol.jpeg\" height=\"563\" width=\"375\" onerror=\"this.onerror=null;this.src=\\'\/bundles\/appcamusassets\/dist\/images\/logo-Milenio-2.jpg\\'\"\/><\/p>\n<p>  \tAllen White en el rol del cantante | Especial<\/p>\n<p>  \t  \t<img decoding=\"async\" alt=\"filter-toggle\" class=\"nd-media-detail-caption__icon__icon\" src=\"https:\/\/www.milenio.com\/bundles\/appcamusassets\/dist\/images\/svg\/expand-solid.svg\" width=\"15\" height=\"15\" onerror=\"this.onerror=null;this.src=\\'\/bundles\/appcamusassets\/dist\/images\/logo-Milenio-2.jpg\\'\" loading=\"lazy\"\/><br \/>\n  \t  ampliar<\/p>\n<p>El actor describe el proyecto como un retrato de la mente creativa antes de la fama global, en los a\u00f1os en que Springsteen grababa solo, en casa, buscando un nuevo sonido. <\/p>\n<blockquote><p>\u201cBruce nunca tuvo esos excesos de los rockstars; no fumaba, no se drogaba, estaba incre\u00edblemente enfocado \u2014confirma el actor\u2014. Esta historia es sobre el proceso creativo, encontrar inspiraci\u00f3n, revisar el pasado y hallar una manera de avanzar. <strong>Es un tipo diferente de m\u00fasico, y esta es una pel\u00edcula diferente: \u00edntima, enfocada, hecha de silencios<\/strong>\u201d.<\/p><\/blockquote>\n<p>El cap\u00edtulo m\u00e1s doloroso de &#8216;El Jefe&#8217;<\/p>\n<p>Para Scott Cooper, tambi\u00e9n director de Crazy Heart y Hostiles, <strong>Nebraska era una obsesi\u00f3n personal. <\/strong><\/p>\n<p>\u201cPodr\u00eda haber sido m\u00e1s f\u00e1cil contar <strong>Born to Run<\/strong> o <strong>Born in the U.S.A.<\/strong> \u2014dice el director\u2014. Pero eleg\u00ed un cap\u00edtulo corto, \u00edntimo y espec\u00edfico: el que Bruce describe como el m\u00e1s doloroso de su vida; <strong>de ese dolor naci\u00f3 un maestro. <\/strong>Y no solo cambi\u00f3 la vida de Bruce, tambi\u00e9n cambi\u00f3 la m\u00eda.\u201d<\/p>\n<p>Y agrega: \u201cEl disco de Nebraska tuvo un enorme significado para m\u00ed, poder contar su historia, despu\u00e9s de haber dicho no a tantas otras, ha sido incre\u00edblemente recompensador. La gente me dice: \u2018Esto realmente me ha conmovido\u2019. Y eso es lo m\u00e1s incre\u00edble.\u201d<\/p>\n<p>Filmando en los lugares donde Springsteen toc\u00f3 por primera vez, Cooper quiso preservar esa autenticidad: \u201c<strong>Cuando haces una pel\u00edcula sobre el artista m\u00e1s aut\u00e9ntico de Am\u00e9rica, tienes que hacerlo donde todo empez\u00f3.<\/strong> Bruce toc\u00f3 aqu\u00ed, en el Stone Pony (donde realizamos la entrevista) m\u00e1s veces que en ning\u00fan otro sitio. Filmar aqu\u00ed y en Asbury Park era la \u00fanica forma de contar su historia\u201d.<\/p>\n<p>De la m\u00fasica a la emoci\u00f3n<\/p>\n<p>La pel\u00edcula, cuenta el director, no busca imitar al \u00eddolo sino capturar su esp\u00edritu. Por eso eligi\u00f3 a <strong>Jeremy Allen White,<\/strong> cuyo trabajo le recuerda la vulnerabilidad del propio Springsteen. <\/p>\n<blockquote><p>\u201c<strong>Jeremy tiene una intensidad y una humildad que comparte con Bruce.<\/strong> Se mueve como \u00e9l, tiene la misma estructura, el mismo silencio contenido. Cuando le cont\u00e9 a Bruce, dijo: \u2018Ese es el tipo\u2019. Y lo fue. No quer\u00edamos imitaci\u00f3n, quer\u00edamos el alma\u201d.<\/p><\/blockquote>\n<p>En la pel\u00edcula tambi\u00e9n participa <strong>Jeremy Strong (Succession), <\/strong>en el papel del productor <strong>John Landau<\/strong>. \u201cJeremy Strong es todo lo contrario a los personajes fr\u00edos que suele interpretar. Es c\u00e1lido, compasivo, y esos son los colores que quer\u00eda para Landau. Su actuaci\u00f3n es delicada y profundamente humana\u201d, asegura Cooper.<\/p>\n<p>\t\t<img decoding=\"async\" class=\"nd-media-detail-caption__img\" alt=\"Jeremy Strong\" data-camus-image=\"\" data-camus-toolbar-image-position=\"topleft\" loading=\"lazy\" src=\"https:\/\/images.milenio.com\/d-f7uI8MJ1pNidS_hA0M5q8_mEw=\/375x0\/uploads\/media\/2025\/10\/17\/jeremy-strong-papel-productor-john.jpg\" height=\"157\" width=\"375\" onerror=\"this.onerror=null;this.src=\\'\/bundles\/appcamusassets\/dist\/images\/logo-Milenio-2.jpg\\'\"\/><\/p>\n<p>  \tJeremy Strong en el papel del productor John Landau | Especial<\/p>\n<p>  \t  \t<img decoding=\"async\" alt=\"filter-toggle\" class=\"nd-media-detail-caption__icon__icon\" src=\"https:\/\/www.milenio.com\/bundles\/appcamusassets\/dist\/images\/svg\/expand-solid.svg\" width=\"15\" height=\"15\" onerror=\"this.onerror=null;this.src=\\'\/bundles\/appcamusassets\/dist\/images\/logo-Milenio-2.jpg\\'\" loading=\"lazy\"\/><br \/>\n  \t  ampliar<\/p>\n<p>Una historia sobre vulnerabilidad<\/p>\n<p>En tiempos en los que las biopics suelen enfocarse en los excesos, drogas y esc\u00e1ndalos de los m\u00fasicos, Nebraska va en direcci\u00f3n opuesta: \u201c<strong>Esta es una historia sobre un artista que se pregunta cu\u00e1n honesto puede ser en su vida y en su trabajo<\/strong> \u2014explica Cooper\u2014. Bruce luchaba por <strong>conectar con su padre, que sufr\u00eda una enfermedad sin diagn\u00f3stico.<\/strong> La \u00fanica forma que encontr\u00f3 de hacerlo fue a trav\u00e9s de su voz. Escribir las canciones de Nebraska lo salv\u00f3\u201d.<\/p>\n<p>Como escuchar un gran \u00e1lbum <\/p>\n<p>Jeremy Allen White lo resume as\u00ed: \u201cQuer\u00edamos contar algo real y simplificado. Mucho de este filme es un hombre caminando solo por su casa; as\u00ed fue como hizo Nebraska. Cuando vi la pel\u00edcula por primera vez, sent\u00ed la fluidez de la imagen. <strong>Era como escuchar un gran disco: tienes recuerdos, im\u00e1genes y pensamientos; todo se mezcla de forma natural.<\/strong> As\u00ed se siente ver esta pel\u00edcula\u201d.<\/p>\n<p>La cinta, filmada entre Nueva Jersey y Nueva York, marca un encuentro entre dos Jeremys (Allen White y Strong) y un director que, como Springsteen, parece <strong>m\u00e1s interesado en la verdad que en el espect\u00e1culo.<\/strong><\/p>\n<p> <br \/>\n    \t<img decoding=\"async\" alt=\"__icon\" class=\"nd-related-news-detail-media-dual__icon\" src=\"https:\/\/www.milenio.com\/bundles\/appcamusassets\/dist\/images\/svg\/arrow-circle-right-solid.svg\" width=\"15\" height=\"15\" onerror=\"this.onerror=null;this.src=\\'\/bundles\/appcamusassets\/dist\/images\/logo-Milenio-2.jpg\\'\" loading=\"lazy\"\/><br \/>\n    Te recomendamos<\/p>\n<p>hc<\/p>\n","protected":false},"excerpt":{"rendered":"Springsteen. M\u00fasica de ninguna parte, que se estrena el pr\u00f3ximo 24 de octubre en cines, no es el&hellip;\n","protected":false},"author":2,"featured_media":185582,"comment_status":"","ping_status":"","sticky":false,"template":"","format":"standard","meta":{"footnotes":""},"categories":[170],"tags":[22714,146,147,25,24,52306,52308,184,185,49165,52307,52309,23],"class_list":{"0":"post-185581","1":"post","2":"type-post","3":"status-publish","4":"format-standard","5":"has-post-thumbnail","7":"category-musica","8":"tag-bruce-springsteen","9":"tag-entertainment","10":"tag-entretenimiento","11":"tag-es","12":"tag-espana","13":"tag-jeremey-allen-white","14":"tag-jeremey-allen-white-como-bruce-springsteen","15":"tag-music","16":"tag-musica","17":"tag-nebraska","18":"tag-pelicula-de-jeremey-allen-white","19":"tag-pelicula-sobre-bruce-springsteen","20":"tag-spain"},"share_on_mastodon":{"url":"","error":""},"_links":{"self":[{"href":"https:\/\/www.europesays.com\/es\/wp-json\/wp\/v2\/posts\/185581","targetHints":{"allow":["GET"]}}],"collection":[{"href":"https:\/\/www.europesays.com\/es\/wp-json\/wp\/v2\/posts"}],"about":[{"href":"https:\/\/www.europesays.com\/es\/wp-json\/wp\/v2\/types\/post"}],"author":[{"embeddable":true,"href":"https:\/\/www.europesays.com\/es\/wp-json\/wp\/v2\/users\/2"}],"replies":[{"embeddable":true,"href":"https:\/\/www.europesays.com\/es\/wp-json\/wp\/v2\/comments?post=185581"}],"version-history":[{"count":0,"href":"https:\/\/www.europesays.com\/es\/wp-json\/wp\/v2\/posts\/185581\/revisions"}],"wp:featuredmedia":[{"embeddable":true,"href":"https:\/\/www.europesays.com\/es\/wp-json\/wp\/v2\/media\/185582"}],"wp:attachment":[{"href":"https:\/\/www.europesays.com\/es\/wp-json\/wp\/v2\/media?parent=185581"}],"wp:term":[{"taxonomy":"category","embeddable":true,"href":"https:\/\/www.europesays.com\/es\/wp-json\/wp\/v2\/categories?post=185581"},{"taxonomy":"post_tag","embeddable":true,"href":"https:\/\/www.europesays.com\/es\/wp-json\/wp\/v2\/tags?post=185581"}],"curies":[{"name":"wp","href":"https:\/\/api.w.org\/{rel}","templated":true}]}}