{"id":185605,"date":"2025-10-18T19:07:07","date_gmt":"2025-10-18T19:07:07","guid":{"rendered":"https:\/\/www.europesays.com\/es\/185605\/"},"modified":"2025-10-18T19:07:07","modified_gmt":"2025-10-18T19:07:07","slug":"sali-tarde-y-eso-me-permitio-evitar-el-lio","status":"publish","type":"post","link":"https:\/\/www.europesays.com\/es\/185605\/","title":{"rendered":"Sal\u00ed tarde y eso me permiti\u00f3 evitar el l\u00edo"},"content":{"rendered":"<p data-mrf-recirculation=\"Links P\u00e1rrafos\" class=\"ue-c-article__paragraph paragraph\"><strong>Segundo podio en un mes para Carlos Sainz, <\/strong>aunque sea en una Sprint, y que habla muy bien de la <strong>din\u00e1mica <\/strong>en la que ha entrado. Si antes todo le sal\u00eda mal,<strong> ahora incluso los fallos, como quedarse atascado ligeramente en la salida, le benefici\u00f3 luego<\/strong> para poder evitar la pared de coches que se cruzaban por delante y vio que pod\u00eda evitarlos por fuera. Y luego control\u00f3 a los Ferrari para llevarse el tercero, por detr\u00e1s de Russell (al que acab\u00f3 recortando) y de Verstappen, el ganador.<\/p>\n<p data-mrf-recirculation=\"Links P\u00e1rrafos\" class=\"ue-c-article__paragraph paragraph\">\u00abPrimero la salida, que la verdad no he salido muy bien. He tenido problemas, <strong>me he distra\u00eddo con una cosa y no he podido reaccionar bien a las luces. Y he perdido, casi pierdo posici\u00f3n en la salida, pero luego me ha permitido frenar muy tarde por fuera <\/strong>y cuando he visto lo tarde que frenaban por dentro he dicho, <strong>&#8216;aqu\u00ed va a haber l\u00edo&#8217;. <\/strong>He podido evitar el l\u00edo y al final ponerme <strong>tercero<\/strong>\u00ab, reconoc\u00eda Carlos.\u00a0<\/p>\n<p data-mrf-recirculation=\"Links P\u00e1rrafos\" class=\"ue-c-article__paragraph paragraph\">\u00abY a partir de ah\u00ed s\u00ed pensaba que ten\u00eda t<strong>odo bastante controlado, pero de repente ha sido&#8230; Lewis ven\u00eda muy r\u00e1pido detr\u00e1s y me ha recortado creo casi ocho d\u00e9cimas <\/strong>una vuelta y de repente, luego ya se ha podido estabilizar un poco el hueco y ya le he podido mantener\u00bb, dec\u00eda sobre la batalla con Hamilton.\u00a0<\/p>\n<p data-mrf-recirculation=\"Links P\u00e1rrafos\" class=\"ue-c-article__paragraph paragraph\">En cuanto a la <strong>qualy <\/strong>del s\u00e1bado (23.00 horas), la que vale para el domingo en Austin, reconoc\u00eda que el coche se puede mejorar un poco a\u00fan. \u00abBien, tengo ganas de cambiar algo en el coche para ver si podemos mejorar un poco en la curva lenta porque no iba muy c\u00f3modo la verdad. <strong>En curva r\u00e1pida \u00edbamos bien, pero en curva lenta me falta un poco de ritmo y hay que ver si podemos mejorar algo\u00bb, <\/strong>dec\u00eda siempre inconformista en DAZN F1.<\/p>\n","protected":false},"excerpt":{"rendered":"Segundo podio en un mes para Carlos Sainz, aunque sea en una Sprint, y que habla muy bien&hellip;\n","protected":false},"author":2,"featured_media":185606,"comment_status":"","ping_status":"","sticky":false,"template":"","format":"standard","meta":{"footnotes":""},"categories":[270],"tags":[168,25,24,306,271,272,23,167],"class_list":{"0":"post-185605","1":"post","2":"type-post","3":"status-publish","4":"format-standard","5":"has-post-thumbnail","7":"category-formula-1","8":"tag-deportes","9":"tag-es","10":"tag-espana","11":"tag-f1","12":"tag-formula-1","13":"tag-formula1","14":"tag-spain","15":"tag-sports"},"share_on_mastodon":{"url":"","error":""},"_links":{"self":[{"href":"https:\/\/www.europesays.com\/es\/wp-json\/wp\/v2\/posts\/185605","targetHints":{"allow":["GET"]}}],"collection":[{"href":"https:\/\/www.europesays.com\/es\/wp-json\/wp\/v2\/posts"}],"about":[{"href":"https:\/\/www.europesays.com\/es\/wp-json\/wp\/v2\/types\/post"}],"author":[{"embeddable":true,"href":"https:\/\/www.europesays.com\/es\/wp-json\/wp\/v2\/users\/2"}],"replies":[{"embeddable":true,"href":"https:\/\/www.europesays.com\/es\/wp-json\/wp\/v2\/comments?post=185605"}],"version-history":[{"count":0,"href":"https:\/\/www.europesays.com\/es\/wp-json\/wp\/v2\/posts\/185605\/revisions"}],"wp:featuredmedia":[{"embeddable":true,"href":"https:\/\/www.europesays.com\/es\/wp-json\/wp\/v2\/media\/185606"}],"wp:attachment":[{"href":"https:\/\/www.europesays.com\/es\/wp-json\/wp\/v2\/media?parent=185605"}],"wp:term":[{"taxonomy":"category","embeddable":true,"href":"https:\/\/www.europesays.com\/es\/wp-json\/wp\/v2\/categories?post=185605"},{"taxonomy":"post_tag","embeddable":true,"href":"https:\/\/www.europesays.com\/es\/wp-json\/wp\/v2\/tags?post=185605"}],"curies":[{"name":"wp","href":"https:\/\/api.w.org\/{rel}","templated":true}]}}