{"id":185611,"date":"2025-10-18T19:10:08","date_gmt":"2025-10-18T19:10:08","guid":{"rendered":"https:\/\/www.europesays.com\/es\/185611\/"},"modified":"2025-10-18T19:10:08","modified_gmt":"2025-10-18T19:10:08","slug":"stella-del-carmen-se-hace-esperar-para-su-blindada-boda-en-valladolid","status":"publish","type":"post","link":"https:\/\/www.europesays.com\/es\/185611\/","title":{"rendered":"Stella del Carmen se hace esperar para su blindada boda en Valladolid"},"content":{"rendered":"<p>A pesar de que algunas fuentes apuntaban a que la ceremonia iba a comenzar a las doce de la ma\u00f1ana, la boda en Valladolid de  &#8230; la hija de Antonio Banderas y Melanie Griffith, Stella del Carmen, y su prometido, Alex Gruszynski, que se dar\u00e1n el &#8216;s\u00ed quiero&#8217; en pleno coraz\u00f3n de la Ribera del Duero, se est\u00e1 haciendo esperar. As\u00ed es al menos para los vecinos de Sard\u00f3n de Duero y de otros pueblos de la provincia y para los periodistas, c\u00e1maras y fot\u00f3grafos apostados desde primera hora de la ma\u00f1ana en la puerta del hotel de cinco estrellas Abad\u00eda Retuerta LeDomaine. <\/p>\n<p class=\"v-p\">A pie de la Nacional 122, en el acceso a la bodega, curiosos y una treintena de profesionales de la informaci\u00f3n aguardan acompa\u00f1ados de fondo por el sonido del nutrido tr\u00e1fico, con algunos sonidos de claxon incluidos, que soporta esa carretera en la ma\u00f1ana del s\u00e1bado. Los conductores giran continuamente la mirada a las c\u00e1maras que buscan la imagen del d\u00eda, la de la novia<a href=\"https:\/\/www.elnortedecastilla.es\/valladolid\/provincia\/boda-stella-carmen-hija-antonio-banderas-20251017210432-nt.html\" data-voc-vtm-id=\"in-text-traffic\" title=\" Stella del Carmen\" data-mrf-link=\"www.elnortedecastilla.es\" rel=\"nofollow noopener\" target=\"_blank\"> Stella del Carmen<\/a>, o la de sus famosos padres, Antonio Banderas y Melanie Griffith, su hermana, Dakota Johnson, incluso de la abuela Tippi Hedren. <\/p>\n<p class=\"v-p\">Sin embargo, en la puerta principal del hotel la tranquilidad es absoluta por el momento, solo rota por un furg\u00f3n con cristales tintados que traslada a una posible<a href=\"https:\/\/www.elnortedecastilla.es\/valladolid\/provincia\/imagenes-invitados-preboda-stella-banderas-20251017231349-ga.html\" data-voc-vtm-id=\"in-text-traffic\" title=\" invitada de la boda\" data-mrf-link=\"www.elnortedecastilla.es\" rel=\"nofollow noopener\" target=\"_blank\"> invitada de la boda<\/a>, un utilitario rojo ocupado por unos trabajadores del establecimiento y un todoterreno con cuatro viajeros sin atuendo de ceremonia. En otra de las entradas, en un camino rural serpenteado por vi\u00f1edo, la imagen era bastante parecida. Ni sobrevolaban los helic\u00f3pteros, ni se vislumbraban famosos.<\/p>\n<p class=\"v-p\">La advertencia de los servicios de seguridad llegaba pasadas las doce y media de la ma\u00f1ana, cuando un vigilante reclamaba a los medios agolpados en la puerta que se dejara libre la v\u00eda de acceso, dando a entender que todav\u00eda quedaba guardia por delante, que la ceremonia era de tarde.<\/p>\n<p class=\"v-p\">Stella del Carmen celebrar\u00e1 su &#8216;s\u00ed quiero&#8217; a Alex Gruszynski ante 260 invitados en Abad\u00eda Retuerta. Todo apunta a que el matrimonio civil ya se celebr\u00f3 hace unos d\u00edas, pero ahora ha llegado el momento del festejo. Para ello, la hija de Banderas ha elegido Valladolid, teniendo como fondo la cultura del vino. Primero en su preboda este viernes en Valbuena de Duero y hoy s\u00e1bado en el hotel situado en Sard\u00f3n de Duero. <a href=\"https:\/\/www.elnortedecastilla.es\/valladolid\/provincia\/famosos-dejan-ver-llegada-preboda-hija-banderas-20251017231531-nt.html\" data-voc-vtm-id=\"in-text-traffic\" title=\"Los invitados tambi\u00e9n se reparten\" data-mrf-link=\"www.elnortedecastilla.es\" rel=\"nofollow noopener\" target=\"_blank\">Los invitados tambi\u00e9n se reparten<\/a> por hoteles y bodegas pr\u00f3ximas, en la localidad de Quintanilla de On\u00e9simo.<\/p>\n<p class=\"v-p\">Los detalles de la boda est\u00e1n blindados, pero ha trascendido que se prolongar\u00e1 hasta avanzada la noche, ya que se ha colocado una iluminaci\u00f3n especial para amenizar el baile. Si cantar\u00e1 o no Chris Mart\u00edn, vocalista de Cold Play y excu\u00f1ado de la novia, todav\u00eda no se sabe con certeza. Para ello, quiz\u00e1s, habr\u00e1 que esperar a la exclusiva.<\/p>\n","protected":false},"excerpt":{"rendered":"A pesar de que algunas fuentes apuntaban a que la ceremonia iba a comenzar a las doce de&hellip;\n","protected":false},"author":2,"featured_media":185612,"comment_status":"","ping_status":"","sticky":false,"template":"","format":"standard","meta":{"footnotes":""},"categories":[174],"tags":[52319,3158,14750,255,146,147,25,24,18300,256,23,15736,1607],"class_list":{"0":"post-185611","1":"post","2":"type-post","3":"status-publish","4":"format-standard","5":"has-post-thumbnail","7":"category-famosos","8":"tag-blindada","9":"tag-boda","10":"tag-carmen","11":"tag-celebrities","12":"tag-entertainment","13":"tag-entretenimiento","14":"tag-es","15":"tag-espana","16":"tag-esperar","17":"tag-famosos","18":"tag-spain","19":"tag-stella","20":"tag-valladolid"},"share_on_mastodon":{"url":"","error":""},"_links":{"self":[{"href":"https:\/\/www.europesays.com\/es\/wp-json\/wp\/v2\/posts\/185611","targetHints":{"allow":["GET"]}}],"collection":[{"href":"https:\/\/www.europesays.com\/es\/wp-json\/wp\/v2\/posts"}],"about":[{"href":"https:\/\/www.europesays.com\/es\/wp-json\/wp\/v2\/types\/post"}],"author":[{"embeddable":true,"href":"https:\/\/www.europesays.com\/es\/wp-json\/wp\/v2\/users\/2"}],"replies":[{"embeddable":true,"href":"https:\/\/www.europesays.com\/es\/wp-json\/wp\/v2\/comments?post=185611"}],"version-history":[{"count":0,"href":"https:\/\/www.europesays.com\/es\/wp-json\/wp\/v2\/posts\/185611\/revisions"}],"wp:featuredmedia":[{"embeddable":true,"href":"https:\/\/www.europesays.com\/es\/wp-json\/wp\/v2\/media\/185612"}],"wp:attachment":[{"href":"https:\/\/www.europesays.com\/es\/wp-json\/wp\/v2\/media?parent=185611"}],"wp:term":[{"taxonomy":"category","embeddable":true,"href":"https:\/\/www.europesays.com\/es\/wp-json\/wp\/v2\/categories?post=185611"},{"taxonomy":"post_tag","embeddable":true,"href":"https:\/\/www.europesays.com\/es\/wp-json\/wp\/v2\/tags?post=185611"}],"curies":[{"name":"wp","href":"https:\/\/api.w.org\/{rel}","templated":true}]}}