{"id":185613,"date":"2025-10-18T19:11:09","date_gmt":"2025-10-18T19:11:09","guid":{"rendered":"https:\/\/www.europesays.com\/es\/185613\/"},"modified":"2025-10-18T19:11:09","modified_gmt":"2025-10-18T19:11:09","slug":"visitas-al-museo-guggenheim-por-amor-al-arte","status":"publish","type":"post","link":"https:\/\/www.europesays.com\/es\/185613\/","title":{"rendered":"Visitas al Museo Guggenheim por amor al arte"},"content":{"rendered":"<p>\n        El <a href=\"https:\/\/www.deia.eus\/tags\/museo-guggenheim\/\" title=\"Museo Guggenheim\" class=\"link copy\" rel=\"nofollow noopener\" target=\"_blank\">Museo Guggenheim<\/a> presentaba esta ma\u00f1ana de s\u00e1bado una imagen poco habitual. <strong>Lejos de la tranquilidad y el silencio<\/strong> que suelen reinar en los museos,<strong> todo eran conversaciones entremezcladas<\/strong> provenientes de los <strong>cientos de visitantes <\/strong>que se agolpaban en el atrio, en las escaleras y en las salas de exposiciones del Guggenheim. Una estampa derivada de la<strong> <\/strong><a href=\"https:\/\/www.deia.eus\/cultura\/2025\/10\/14\/museo-guggenheim-bilbao-agota-entradas-gratis-10213950.html\" title=\"gratuidad de las entradas\" class=\"link copy\" rel=\"nofollow noopener\" target=\"_blank\">gratuidad de las entradas<\/a> durante el fin de semana del <strong>18 y 19 de octubre<\/strong> con motivo del <strong>vig\u00e9simo octavo aniversario.<\/strong> Unas entradas que <strong>se agotaron a las pocas horas de salir a la venta<\/strong> este pasado martes.\n<\/p>\n<p class=\"article-body__text \">\n        Peque\u00f1os y mayores de varias nacionalidades hac\u00edan cola en en la entrada del museo con el objetivo de validar su entrada, pasar el control de seguridad y disfrutar de las diferentes <strong>exposiciones <\/strong>como la de la<strong> artista estadounidense Barbara Kruge<\/strong>r o la reci\u00e9n estrenada obra de <strong>la portuguesa <\/strong><a href=\"https:\/\/www.deia.eus\/bilbao\/2025\/10\/14\/museo-guggenheim-inaugura-anatomia-espacio-pintura-infinita-vieira-da-silva-maria-helena-10213413.html\" title=\"Mar\u00eda Helena Vieira da Silva\" class=\"link copy\" rel=\"nofollow noopener\" target=\"_blank\"><strong>Mar\u00eda Helena Vieira da Silva<\/strong><\/a><strong>. <\/strong>Una vez dentro, <strong>la propia estructura del museo impresionaba a los visitantes<\/strong> que sin pens\u00e1rselo dos veces sacan el m\u00f3vil para <strong>inmortalizar cada peque\u00f1o detalle.<\/strong>\n<\/p>\n<p class=\"article-photo__footer\">\n            Varios visitantes fotograf\u00edan el interior del Museo Guggenheim            Oskar Gonzalez        <\/p>\n<p class=\"article-body__text \">\n        Miguel Jim\u00e9nez y Carmen L\u00f3pez han venido desde M\u00e1laga a pasar unos d\u00edas en <a href=\"https:\/\/www.deia.eus\/bilbao\/\" title=\"Bilbao\" class=\"link copy\" rel=\"nofollow noopener\" target=\"_blank\">Bilbao<\/a> y se llevaron una grata sorpresa a la hora de adquirir las entradas. \u00abQuer\u00edamos visitar el Guggenheim si o s\u00ed y <strong>cuando entramos a comprar los tickets y vimos que este fin de semana eran gratis, nos llevamos una alegr\u00eda<\/strong>\u00ab, contaban emocionados. Como ellos, han sido muchas las personas que se han topado por casualidad con la gratuidad de la entrada y no han querido desaprovechar la oportunidad.\n<\/p>\n<p class=\"article-body__text \">\n        Alberto Fern\u00e1ndez y sus amigos han venido desde Le\u00f3n para correr la <a href=\"https:\/\/www.deia.eus\/otros-deportes\/2025\/10\/09\/bilbao-night-marathon-cambia-formato-10192730.html\" title=\"Bilbao Night Marathon\" class=\"link copy\" rel=\"nofollow noopener\" target=\"_blank\">Bilbao Night Marathon<\/a> \u2014que saldr\u00e1 a las 19.00 horas de la tarde desde la explanada de <a href=\"https:\/\/www.deia.eus\/tags\/san-mames\/\" title=\"San Mam\u00e9s\" class=\"link copy\" rel=\"nofollow noopener\" target=\"_blank\">San Mam\u00e9s<\/a>\u2014, y han aprovechado la oportunidad. \u00abAyer salimos de fiesta y estamos un poco cansados, pero <strong>ten\u00edamos que venir al Guggenheim para poder decir que hemos estado en Bilbao<\/strong>. A ver si llegamos con fuerzas para la carrera de la tarde\u00bb, apuntaban entre risas. En su caso <strong>se enteraron de que las entradas eran gratis por las redes sociales del propio museo. <\/strong>\n<\/p>\n<p class=\"article-body__text \">\n        <strong>Sin embargo, como suele pasar cuando algo es gratis, las entradas duraron muy poco<\/strong> y mucha gente se qued\u00f3 sin ellas o tuvo que conseguirlas de otra manera. <strong>\u00abYo quer\u00eda venir con mis amigas, pero para cuando nos dimos cuenta ya se hab\u00edan acabado. Hemos tenido la suerte de que mi hija ten\u00eda algunas y como al final no ha podido venir, nos las ha dado\u00bb,<\/strong> <strong>aseguraba Berta Su\u00e1rez<\/strong> que, junto a dos amigas, disfrutaba del museo que \u00abtenemos muy cerca de casa y hasta que no hay una cosa de estas no nos animamos a venir\u00bb.\n<\/p>\n<p>  Lo gratis siempre gusta<\/p>\n<p class=\"article-body__text \">\n        A pesar de que <strong>la visita a los museos no suele ser un plan para todos los gustos<\/strong>, el hecho de que este finde semana <strong>la entrada<\/strong> al Museo Guggenheim sea <strong>gratuita ha animado a mucha gente que de otra manera no se hubiese decantado por este plan. Sin embargo, tambi\u00e9n ha habido sitio para los m\u00e1s fieles. <\/strong>\u00abSolemos venir siempre que podemos y no iba a ser menos esta vez que encima nos ha salido gratis \u00ab, reconoc\u00edan Mar\u00eda Mart\u00ednez y Paula L\u00f3pez, madre e hija.\n<\/p>\n<p class=\"article-body__text \">\n        De igual manera, <strong>en la ma\u00f1ana de este s\u00e1bado tambi\u00e9n se ve\u00edan muchos carritos infantiles y familias con ni\u00f1os y ni\u00f1a<\/strong>s. Un lugar poco habitual para los m\u00e1s peque\u00f1os de la casa pero que, impulsados de nuevo por la gratuidad, han elegido el Museo Guggenheim para pasar parte de la ma\u00f1ana.\n<\/p>\n<p class=\"article-photo__footer\">\n            Muchas familias con hijos eligieron el Museo Guggenheim para pasar parte de la ma\u00f1ana            Oskar Gonzalez        <\/p>\n<p class=\"article-body__text \">\n        <strong>\u00abNunca hab\u00edamos hecho un plan as\u00ed con los cr\u00edos porque al final se aburren y nosotros no lo disfrutamos, pero hoy hemos probado a ver qu\u00e9 tal.<\/strong> De momento se est\u00e1n portando bien porque les hemos prometido que luego vamos a ir a los columpios, a ver cu\u00e1nto aguantan\u00bb, contaba el bilbaino Markel G\u00f3mez entre risas.\n<\/p>\n<p class=\"article-body__text \">\n        En definitiva, <strong>la imagen que presentaba el Museo Guggenheim en la ma\u00f1ana de este s\u00e1bado dejaba claro que lo gratis siempre gusta.<\/strong> Muchas de las personas que hoy visitaban el museo quiz\u00e1s no lo volver\u00e1n a hacer. <strong>Otras<\/strong> muchas <strong>habr\u00e1n descubierto algo nuevo y quiz\u00e1s se animen a acudir otras veces <\/strong>y, <strong>las m\u00e1s fieles, seguir\u00e1n pagando el precio habitual <\/strong>de las entradas para disfrutar de todo lo que ofrece el imponente edificio.<\/p>\n","protected":false},"excerpt":{"rendered":"El Museo Guggenheim presentaba esta ma\u00f1ana de s\u00e1bado una imagen poco habitual. Lejos de la tranquilidad y el&hellip;\n","protected":false},"author":2,"featured_media":185614,"comment_status":"","ping_status":"","sticky":false,"template":"","format":"standard","meta":{"footnotes":""},"categories":[173],"tags":[1733,229,233,231,230,232,234,146,147,25,24,983,470,23,5015],"class_list":{"0":"post-185613","1":"post","2":"type-post","3":"status-publish","4":"format-standard","5":"has-post-thumbnail","7":"category-arte-y-diseno","8":"tag-amor","9":"tag-arte","10":"tag-arte-y-diseno","11":"tag-arts","12":"tag-arts-and-design","13":"tag-design","14":"tag-diseno","15":"tag-entertainment","16":"tag-entretenimiento","17":"tag-es","18":"tag-espana","19":"tag-guggenheim","20":"tag-museo","21":"tag-spain","22":"tag-visitas"},"share_on_mastodon":{"url":"","error":""},"_links":{"self":[{"href":"https:\/\/www.europesays.com\/es\/wp-json\/wp\/v2\/posts\/185613","targetHints":{"allow":["GET"]}}],"collection":[{"href":"https:\/\/www.europesays.com\/es\/wp-json\/wp\/v2\/posts"}],"about":[{"href":"https:\/\/www.europesays.com\/es\/wp-json\/wp\/v2\/types\/post"}],"author":[{"embeddable":true,"href":"https:\/\/www.europesays.com\/es\/wp-json\/wp\/v2\/users\/2"}],"replies":[{"embeddable":true,"href":"https:\/\/www.europesays.com\/es\/wp-json\/wp\/v2\/comments?post=185613"}],"version-history":[{"count":0,"href":"https:\/\/www.europesays.com\/es\/wp-json\/wp\/v2\/posts\/185613\/revisions"}],"wp:featuredmedia":[{"embeddable":true,"href":"https:\/\/www.europesays.com\/es\/wp-json\/wp\/v2\/media\/185614"}],"wp:attachment":[{"href":"https:\/\/www.europesays.com\/es\/wp-json\/wp\/v2\/media?parent=185613"}],"wp:term":[{"taxonomy":"category","embeddable":true,"href":"https:\/\/www.europesays.com\/es\/wp-json\/wp\/v2\/categories?post=185613"},{"taxonomy":"post_tag","embeddable":true,"href":"https:\/\/www.europesays.com\/es\/wp-json\/wp\/v2\/tags?post=185613"}],"curies":[{"name":"wp","href":"https:\/\/api.w.org\/{rel}","templated":true}]}}