{"id":185615,"date":"2025-10-18T19:12:08","date_gmt":"2025-10-18T19:12:08","guid":{"rendered":"https:\/\/www.europesays.com\/es\/185615\/"},"modified":"2025-10-18T19:12:08","modified_gmt":"2025-10-18T19:12:08","slug":"manel-riu-si-las-renovables-fueran-publicas-seria-mas-facil-asumir-el-cierre-de-las-nucleares","status":"publish","type":"post","link":"https:\/\/www.europesays.com\/es\/185615\/","title":{"rendered":"Manel Riu: \u00abSi las renovables fueran p\u00fablicas ser\u00eda m\u00e1s f\u00e1cil asumir el cierre de las nucleares\u00bb"},"content":{"rendered":"<p class=\"paragraph text-xl pb-7 w-full text-pretty [&amp;_a]:text-link-normal dark:[&amp;_a]:text-link-dark [&amp;_a]:decoration-1 [&amp;_a:hover]:underline [&amp;_a:hover]:text-link-hover [&amp;_a:hover]:decoration-2 [&amp;_b_a]:text-link-normal dark:[&amp;_b_a]:text-link-dark [&amp;_b_a]:decoration-1 [&amp;_b_a:hover]:underline [&amp;_b_a:hover]:text-link-hover desktop:leading-relaxed break-words font-serif\" data-original-text-size=\"text-xl\">El 19 de octubre de 1989 se produjo el accidente nuclear m\u00e1s grave de la historia de Espa\u00f1a. Fue en la <a href=\"https:\/\/www.publico.es\/sociedad\/m-ambiente\/segundo-almacen-residuos-nucleares-hipotecaria-espacio-industrias.html\" title=\"\" un=\"\" segundo=\"\" almac=\"\" de=\"\" residuos=\"\" nucleares=\"\" nos=\"\" hipotecar=\"\" espacio=\"\" para=\"\" otras=\"\" industrias=\"\" rel=\"nofollow noopener\" target=\"_blank\">central nuclear de Vandell\u00f2s I<\/a>, en el municipio de L\u2019Hospitalet de l\u2019Infant y Vandell\u00f2s (Tarragona). 35 a\u00f1os despu\u00e9s, el periodista catal\u00e1n <b>Manel Riu <\/b>ha hecho una reconstrucci\u00f3n de las horas que podr\u00edan haberlo cambiado todo. Con testimonios y detalles in\u00e9ditos, lo ha recogido en el libro\u00a0Els herois\u00a0de Vandell\u00f2s I\u00a0(Saldonar). M\u00e1s all\u00e1\u00a0del d\u00eda fat\u00eddico, hablamos sobre qu\u00e9\u00a0implicaciones tuvo para la comunidad obrera que se form\u00f3 en torno a la central, Hifrensa, la \u00faltima colonia industrial de Catalunya, el resurgimiento del movimiento antinuclear y c\u00f3mo debe ser la implementaci\u00f3n de la alternativa postnuclear.<\/p>\n<p class=\"question font-serif font-bold text-xl pb-7 w-full text-pretty [&amp;_a]:text-link-normal dark:[&amp;_a]:text-link-dark [&amp;_a]:decoration-1 [&amp;_a:hover]:underline [&amp;_a:hover]:text-link-hover [&amp;_a:hover]:decoration-2 [&amp;_b_a]:text-link-normal dark:[&amp;_b_a]:text-link-dark [&amp;_b_a]:decoration-1 [&amp;_b_a:hover]:underline [&amp;_b_a:hover]:text-link-hover desktop:leading-relaxed\" data-original-text-size=\"text-xl\">En el libro reconstruyes las horas previas al\u00a0incendio.\u00a0\u00bfQu\u00e9\u00a0fue lo que evit\u00f3\u00a0que hubiera un gran accidente como muchos tem\u00edan?<\/p>\n<p class=\"answer font-serif text-xl pb-7 w-full text-pretty [&amp;_a]:text-link-normal dark:[&amp;_a]:text-link-dark [&amp;_a]:decoration-1 [&amp;_a:hover]:underline [&amp;_a:hover]:text-link-hover [&amp;_a:hover]:decoration-2 [&amp;_b_a]:text-link-normal dark:[&amp;_b_a]:text-link-dark [&amp;_b_a]:decoration-1 [&amp;_b_a:hover]:underline [&amp;_b_a:hover]:text-link-hover desktop:leading-relaxed\" data-original-text-size=\"text-xl\">Lo que lo evit\u00f3 fue sobre todo la actuaci\u00f3n de los trabajadores y los bomberos, pero especialmente de los trabajadores\u00a0\u2014incluso de aquellos que no estaban en la central en el momento inicial y que, al saber que hab\u00eda un problema, acudieron a ayudar a sus compa\u00f1eros. Hubo muchas peque\u00f1as acciones que, aisladas, quiz\u00e1s no lo habr\u00edan detenido todo, pero que sin ellas el accidente podr\u00eda haber ido mucho m\u00e1s all\u00e1. Desde las primeras intervenciones cuando empez\u00f3 el fuego, hasta los trabajadores que localizaron y detuvieron la inundaci\u00f3n, los bomberos que echaban agua sin comunicaci\u00f3n exterior porque las radios no funcionaban, o Joan Anguera, que desconect\u00f3 unas conexiones de hidr\u00f3geno que podr\u00edan haber provocado una explosi\u00f3n en cadena. Todo fue una suma de actuaciones colectivas improvisadas y no protocolizadas, pero basadas en un gran conocimiento de la central. Gracias a ello no aument\u00f3 la temperatura del reactor y se evit\u00f3 la radioactividad y las muertes.<\/p>\n<p>Relacionado con este tema<\/p>\n<p class=\"question font-serif font-bold text-xl pb-7 w-full text-pretty [&amp;_a]:text-link-normal dark:[&amp;_a]:text-link-dark [&amp;_a]:decoration-1 [&amp;_a:hover]:underline [&amp;_a:hover]:text-link-hover [&amp;_a:hover]:decoration-2 [&amp;_b_a]:text-link-normal dark:[&amp;_b_a]:text-link-dark [&amp;_b_a]:decoration-1 [&amp;_b_a:hover]:underline [&amp;_b_a:hover]:text-link-hover desktop:leading-relaxed\" data-original-text-size=\"text-xl\">\u00bfPor eso el libro se titula\u00a0Los h\u00e9roes de Vandell\u00f2s\u00a0I?<\/p>\n<p class=\"answer font-serif text-xl pb-7 w-full text-pretty [&amp;_a]:text-link-normal dark:[&amp;_a]:text-link-dark [&amp;_a]:decoration-1 [&amp;_a:hover]:underline [&amp;_a:hover]:text-link-hover [&amp;_a:hover]:decoration-2 [&amp;_b_a]:text-link-normal dark:[&amp;_b_a]:text-link-dark [&amp;_b_a]:decoration-1 [&amp;_b_a:hover]:underline [&amp;_b_a:hover]:text-link-hover desktop:leading-relaxed\" data-original-text-size=\"text-xl\">Hay un componente heroico que desde fuera se percibe claramente, aunque muchos trabajadores no se reconocen en\u00a0\u00e9l. Ellos dicen: \u00abYo solo hice lo que me tocaba hacer\u00bb. La enfermera Imma Peris, por ejemplo, explica que todos sent\u00edan que la central era suya. Hab\u00eda un fuerte sentimiento de pertenencia, de hermandad y de compa\u00f1erismo. Sin entender esto\u00a0\u2014la vida en la colonia, la escuela, las actividades colectivas\u2014\u00a0no se puede comprender por qu\u00e9\u00a0actuaron como lo hicieron. La central les dio casa, los mejores salarios de la zona\u2026 Por eso ellos no se sienten h\u00e9roes, sino que hicieron lo que ten\u00edan que hacer para preservar su modelo de vida. Por otro lado, si no lo hubieran hecho ellos, nadie m\u00e1s podr\u00eda haberlo hecho.<\/p>\n<p class=\"question font-serif font-bold text-xl pb-7 w-full text-pretty [&amp;_a]:text-link-normal dark:[&amp;_a]:text-link-dark [&amp;_a]:decoration-1 [&amp;_a:hover]:underline [&amp;_a:hover]:text-link-hover [&amp;_a:hover]:decoration-2 [&amp;_b_a]:text-link-normal dark:[&amp;_b_a]:text-link-dark [&amp;_b_a]:decoration-1 [&amp;_b_a:hover]:underline [&amp;_b_a:hover]:text-link-hover desktop:leading-relaxed\" data-original-text-size=\"text-xl\">\u00bfPor qu\u00e9?<\/p>\n<p class=\"answer font-serif text-xl pb-7 w-full text-pretty [&amp;_a]:text-link-normal dark:[&amp;_a]:text-link-dark [&amp;_a]:decoration-1 [&amp;_a:hover]:underline [&amp;_a:hover]:text-link-hover [&amp;_a:hover]:decoration-2 [&amp;_b_a]:text-link-normal dark:[&amp;_b_a]:text-link-dark [&amp;_b_a]:decoration-1 [&amp;_b_a:hover]:underline [&amp;_b_a:hover]:text-link-hover desktop:leading-relaxed\" data-original-text-size=\"text-xl\">Porque los trabajadores eran los que m\u00e1s conoc\u00edan c\u00f3mo funcionaba la central. Lo demuestra el hecho de que los bomberos nunca hab\u00edan hecho pr\u00e1cticas en la central ni conoc\u00edan los protocolos de accidente radioactivo, el Consejo de Seguridad Nuclear ni siquiera ten\u00eda un inspector residente en esa central, por lo que no ten\u00eda herramientas para controlar o hacer cumplir cualquier orden\u2026 si no lo salvaban los mismos trabajadores, nadie lo salvaba.<\/p>\n<p class=\"question font-serif font-bold text-xl pb-7 w-full text-pretty [&amp;_a]:text-link-normal dark:[&amp;_a]:text-link-dark [&amp;_a]:decoration-1 [&amp;_a:hover]:underline [&amp;_a:hover]:text-link-hover [&amp;_a:hover]:decoration-2 [&amp;_b_a]:text-link-normal dark:[&amp;_b_a]:text-link-dark [&amp;_b_a]:decoration-1 [&amp;_b_a:hover]:underline [&amp;_b_a:hover]:text-link-hover desktop:leading-relaxed\" data-original-text-size=\"text-xl\">\u00bfNadie era consciente de los peligros de la central nuclear?<\/p>\n<p class=\"answer font-serif text-xl pb-7 w-full text-pretty [&amp;_a]:text-link-normal dark:[&amp;_a]:text-link-dark [&amp;_a]:decoration-1 [&amp;_a:hover]:underline [&amp;_a:hover]:text-link-hover [&amp;_a:hover]:decoration-2 [&amp;_b_a]:text-link-normal dark:[&amp;_b_a]:text-link-dark [&amp;_b_a]:decoration-1 [&amp;_b_a:hover]:underline [&amp;_b_a:hover]:text-link-hover desktop:leading-relaxed\" data-original-text-size=\"text-xl\">Los que m\u00e1s confiaban en el funcionamiento de la nuclear eran los mismos trabajadores. Cuando se produjo la explosi\u00f3n, el jefe de turno pens\u00f3 que\u00a0ETA o Terra Lliure -organizaciones armadas- les hab\u00edan puesto una bomba en lugar de un error mec\u00e1nico. Hab\u00eda mucha confianza, tambi\u00e9n porque era una industria que ten\u00eda est\u00e1ndares de seguridad mucho m\u00e1s altos que el resto, aunque despu\u00e9s se vio que hab\u00eda incumplimientos notables en las indicaciones obligatorias dadas por el Consejo de Seguridad Nuclear.<\/p>\n<p class=\"question font-serif font-bold text-xl pb-7 w-full text-pretty [&amp;_a]:text-link-normal dark:[&amp;_a]:text-link-dark [&amp;_a]:decoration-1 [&amp;_a:hover]:underline [&amp;_a:hover]:text-link-hover [&amp;_a:hover]:decoration-2 [&amp;_b_a]:text-link-normal dark:[&amp;_b_a]:text-link-dark [&amp;_b_a]:decoration-1 [&amp;_b_a:hover]:underline [&amp;_b_a:hover]:text-link-hover desktop:leading-relaxed\" data-original-text-size=\"text-xl\">Durante la investigaci\u00f3n,\u00a0\u00bfhubo alg\u00fan descubrimiento que te sorprendiera especialmente?<\/p>\n<p class=\"answer font-serif text-xl pb-7 w-full text-pretty [&amp;_a]:text-link-normal dark:[&amp;_a]:text-link-dark [&amp;_a]:decoration-1 [&amp;_a:hover]:underline [&amp;_a:hover]:text-link-hover [&amp;_a:hover]:decoration-2 [&amp;_b_a]:text-link-normal dark:[&amp;_b_a]:text-link-dark [&amp;_b_a]:decoration-1 [&amp;_b_a:hover]:underline [&amp;_b_a:hover]:text-link-hover desktop:leading-relaxed\" data-original-text-size=\"text-xl\">S\u00ed. Me sorprendi\u00f3 ver que la central\u00a0\u00abmadre\u00bb, la de Saint-Laurent en Francia, hab\u00eda tenido dos accidentes graves (1969 y 1980) y que las lecciones aprendidas all\u00ed \u2014es decir, los cambios en el funcionamiento de la maquinaria\u2014\u00a0no se aplicaron en Vandell\u00f2s I. Se conoc\u00edan los riesgos, pero no se hicieron los cambios necesarios.<\/p>\n<p class=\"answer font-serif text-xl pb-7 w-full text-pretty [&amp;_a]:text-link-normal dark:[&amp;_a]:text-link-dark [&amp;_a]:decoration-1 [&amp;_a:hover]:underline [&amp;_a:hover]:text-link-hover [&amp;_a:hover]:decoration-2 [&amp;_b_a]:text-link-normal dark:[&amp;_b_a]:text-link-dark [&amp;_b_a]:decoration-1 [&amp;_b_a:hover]:underline [&amp;_b_a:hover]:text-link-hover desktop:leading-relaxed\" data-original-text-size=\"text-xl\">Despu\u00e9s del accidente, se cierra la central de Vandell\u00f2s I, una central\u00a0\u00fanica en Espa\u00f1a porque era tecnolog\u00eda francesa.\u00a0De hecho, el general franc\u00e9s de [Charles de]\u00a0Gaulle casi regala la central a Espa\u00f1a porque hab\u00eda una competencia geopol\u00edtica entre Francia y Estados Unidos para saber qui\u00e9n era el l\u00edder nuclear mundial en los pa\u00edses en desarrollo. En esta pugna, a Catalunya le toc\u00f3 que la primera central que se hiciera fuera francesa. Por lo\u00a0tanto, Vandell\u00f2s I ten\u00eda unos mecanismos tecnol\u00f3gicos que luego quedaron obsoletos porque Estados Unidos gan\u00f3 la carrera nuclear. El resto de centrales ten\u00edan\u00a0tecnolog\u00eda americana.<\/p>\n<p class=\"question font-serif font-bold text-xl pb-7 w-full text-pretty [&amp;_a]:text-link-normal dark:[&amp;_a]:text-link-dark [&amp;_a]:decoration-1 [&amp;_a:hover]:underline [&amp;_a:hover]:text-link-hover [&amp;_a:hover]:decoration-2 [&amp;_b_a]:text-link-normal dark:[&amp;_b_a]:text-link-dark [&amp;_b_a]:decoration-1 [&amp;_b_a:hover]:underline [&amp;_b_a:hover]:text-link-hover desktop:leading-relaxed\" data-original-text-size=\"text-xl\">\u00bfVandell\u00f2s I era una especie de\u00a0\u00abconejillo de indias\u00bb?<\/p>\n<p class=\"answer font-serif text-xl pb-7 w-full text-pretty [&amp;_a]:text-link-normal dark:[&amp;_a]:text-link-dark [&amp;_a]:decoration-1 [&amp;_a:hover]:underline [&amp;_a:hover]:text-link-hover [&amp;_a:hover]:decoration-2 [&amp;_b_a]:text-link-normal dark:[&amp;_b_a]:text-link-dark [&amp;_b_a]:decoration-1 [&amp;_b_a:hover]:underline [&amp;_b_a:hover]:text-link-hover desktop:leading-relaxed\" data-original-text-size=\"text-xl\">Vandell\u00f2s I fue la primera y \u00fanica que implement\u00f3\u00a0esa tecnolog\u00eda, pero qued\u00f3 desfasada y aislada por lo que coment\u00e1bamos antes. Y como no dio muchos problemas, la dejaban funcionar sola. Pero es evidente que hab\u00eda incumplimientos clar\u00edsimos respecto a los protocolos de seguridad. Tampoco me ha interesado buscar culpables.<\/p>\n<p class=\"question font-serif font-bold text-xl pb-7 w-full text-pretty [&amp;_a]:text-link-normal dark:[&amp;_a]:text-link-dark [&amp;_a]:decoration-1 [&amp;_a:hover]:underline [&amp;_a:hover]:text-link-hover [&amp;_a:hover]:decoration-2 [&amp;_b_a]:text-link-normal dark:[&amp;_b_a]:text-link-dark [&amp;_b_a]:decoration-1 [&amp;_b_a:hover]:underline [&amp;_b_a:hover]:text-link-hover desktop:leading-relaxed\" data-original-text-size=\"text-xl\">Despu\u00e9s del accidente, \u00bfc\u00f3mo reaccion\u00f3\u00a0el territorio?\u00a0\u00bfPor qu\u00e9\u00a0se impuso cierto silencio?<\/p>\n<p class=\"answer font-serif text-xl pb-7 w-full text-pretty [&amp;_a]:text-link-normal dark:[&amp;_a]:text-link-dark [&amp;_a]:decoration-1 [&amp;_a:hover]:underline [&amp;_a:hover]:text-link-hover [&amp;_a:hover]:decoration-2 [&amp;_b_a]:text-link-normal dark:[&amp;_b_a]:text-link-dark [&amp;_b_a]:decoration-1 [&amp;_b_a:hover]:underline [&amp;_b_a:hover]:text-link-hover desktop:leading-relaxed\" data-original-text-size=\"text-xl\">En los pueblos del entorno de la central nuclear hubo una revuelta, sobre todo en L\u2019Ametlla de Mar, con un refer\u00e9ndum y una huelga general a favor del cierre. Tambi\u00e9n hubo manifestaciones. Hubo un sentimiento de protesta general. Pero en L\u2019Hospitalet de l\u2019Infant, donde viv\u00edan muchos trabajadores de la central, se vivi\u00f3 como un choque: pasaron de ser los m\u00e1s envidiados a sentirse se\u00f1alados.<\/p>\n<p class=\"answer font-serif text-xl pb-7 w-full text-pretty [&amp;_a]:text-link-normal dark:[&amp;_a]:text-link-dark [&amp;_a]:decoration-1 [&amp;_a:hover]:underline [&amp;_a:hover]:text-link-hover [&amp;_a:hover]:decoration-2 [&amp;_b_a]:text-link-normal dark:[&amp;_b_a]:text-link-dark [&amp;_b_a]:decoration-1 [&amp;_b_a:hover]:underline [&amp;_b_a:hover]:text-link-hover desktop:leading-relaxed\" data-original-text-size=\"text-xl\">Daba la sensaci\u00f3n de que explicar demasiados detalles del accidente pod\u00eda poner en riesgo la continuidad de la central y, por lo tanto, el futuro de toda una comunidad, provocando el cierre de la central y la p\u00e9rdida de todos los puestos de trabajo y de esta comunidad id\u00edlica que se hab\u00eda construido. Estaba en juego todo el proyecto de vida que hab\u00edan construido los trabajadores cuando emigraron 20 o 30 a\u00f1os antes desde otras partes de Espa\u00f1a. Muchos silencios fueron una manera de proteger el proyecto de vida colectivo. Con los a\u00f1os, sin embargo, ha surgido la voluntad de explicar abiertamente qu\u00e9\u00a0y c\u00f3mo se vivi\u00f3, sobre todo a ra\u00edz del documental de la televisi\u00f3n catalana sobre el accidente.<\/p>\n<p class=\"question font-serif font-bold text-xl pb-7 w-full text-pretty [&amp;_a]:text-link-normal dark:[&amp;_a]:text-link-dark [&amp;_a]:decoration-1 [&amp;_a:hover]:underline [&amp;_a:hover]:text-link-hover [&amp;_a:hover]:decoration-2 [&amp;_b_a]:text-link-normal dark:[&amp;_b_a]:text-link-dark [&amp;_b_a]:decoration-1 [&amp;_b_a:hover]:underline [&amp;_b_a:hover]:text-link-hover desktop:leading-relaxed\" data-original-text-size=\"text-xl\">\u00bfQu\u00e9\u00a0secuelas quedan de aquel accidente 35 a\u00f1os despu\u00e9s?<\/p>\n<p class=\"answer font-serif text-xl pb-7 w-full text-pretty [&amp;_a]:text-link-normal dark:[&amp;_a]:text-link-dark [&amp;_a]:decoration-1 [&amp;_a:hover]:underline [&amp;_a:hover]:text-link-hover [&amp;_a:hover]:decoration-2 [&amp;_b_a]:text-link-normal dark:[&amp;_b_a]:text-link-dark [&amp;_b_a]:decoration-1 [&amp;_b_a:hover]:underline [&amp;_b_a:hover]:text-link-hover desktop:leading-relaxed\" data-original-text-size=\"text-xl\">Hab\u00eda muchas conversaciones pendientes y rumores fruto del hermetismo de los trabajadores. Algunos se sent\u00edan injustamente juzgados. Con el tiempo se ha entendido que muchos vivieron traumas y depresiones, no solo por el peligro de aquella noche, sino por la ruptura del proyecto colectivo. Aunque nadie qued\u00f3 desamparado econ\u00f3micamente, porque ten\u00edan una buena protecci\u00f3n sindical, se perdi\u00f3 un mundo: la comunidad, la colonia, la sensaci\u00f3n de un futuro compartido. De hecho, Hifrensa fue la \u00faltima colonia industrial de Catalunya.<\/p>\n<p class=\"question font-serif font-bold text-xl pb-7 w-full text-pretty [&amp;_a]:text-link-normal dark:[&amp;_a]:text-link-dark [&amp;_a]:decoration-1 [&amp;_a:hover]:underline [&amp;_a:hover]:text-link-hover [&amp;_a:hover]:decoration-2 [&amp;_b_a]:text-link-normal dark:[&amp;_b_a]:text-link-dark [&amp;_b_a]:decoration-1 [&amp;_b_a:hover]:underline [&amp;_b_a:hover]:text-link-hover desktop:leading-relaxed\" data-original-text-size=\"text-xl\">Despu\u00e9s del accidente hubo un fuerte movimiento antinuclear. \u00bfQu\u00e9\u00a0queda hoy?<\/p>\n<p class=\"answer font-serif text-xl pb-7 w-full text-pretty [&amp;_a]:text-link-normal dark:[&amp;_a]:text-link-dark [&amp;_a]:decoration-1 [&amp;_a:hover]:underline [&amp;_a:hover]:text-link-hover [&amp;_a:hover]:decoration-2 [&amp;_b_a]:text-link-normal dark:[&amp;_b_a]:text-link-dark [&amp;_b_a]:decoration-1 [&amp;_b_a:hover]:underline [&amp;_b_a:hover]:text-link-hover desktop:leading-relaxed\" data-original-text-size=\"text-xl\">En 1989, especialmente en L\u2019Ametlla de Mar, hubo una gran movilizaci\u00f3n, con una historia previa de activismo vinculado a la pesca como modo de vida y sector econ\u00f3mico. De hecho, en 1974 tres mujeres de L\u2019Ametlla fueron detenidas y acusadas de terrorismo por el conflicto relacionado con la posibilidad de instalar una central nuclear en el pueblo. No creo que los vecinos de L\u2019Hospitalet fueran de repente m\u00e1s tecno optimistas y los de L\u2019Ametlla m\u00e1s ecologistas, sino que todos vieron en riesgo su modo de vida por motivos opuestos. Unos por si la central segu\u00eda abierta y pod\u00eda haber m\u00e1s accidentes, y otros por si se cerraba.<\/p>\n<p class=\"question font-serif font-bold text-xl pb-7 w-full text-pretty [&amp;_a]:text-link-normal dark:[&amp;_a]:text-link-dark [&amp;_a]:decoration-1 [&amp;_a:hover]:underline [&amp;_a:hover]:text-link-hover [&amp;_a:hover]:decoration-2 [&amp;_b_a]:text-link-normal dark:[&amp;_b_a]:text-link-dark [&amp;_b_a]:decoration-1 [&amp;_b_a:hover]:underline [&amp;_b_a:hover]:text-link-hover desktop:leading-relaxed\" data-original-text-size=\"text-xl\">\u00bfY c\u00f3mo se prepara el territorio para el cierre de las nucleares? \u00bfCu\u00e1l es tu visi\u00f3n sobre el debate\u00a0\u00abnucleares s\u00ed\u00a0o no\u00bb?<\/p>\n<p class=\"answer font-serif text-xl pb-7 w-full text-pretty [&amp;_a]:text-link-normal dark:[&amp;_a]:text-link-dark [&amp;_a]:decoration-1 [&amp;_a:hover]:underline [&amp;_a:hover]:text-link-hover [&amp;_a:hover]:decoration-2 [&amp;_b_a]:text-link-normal dark:[&amp;_b_a]:text-link-dark [&amp;_b_a]:decoration-1 [&amp;_b_a:hover]:underline [&amp;_b_a:hover]:text-link-hover desktop:leading-relaxed\" data-original-text-size=\"text-xl\">El debate no es solo t\u00e9cnico, sino sobre el modelo de vida. No tendremos un debate sano sobre si se debe acelerar o retrasar el cierre de las nucleares, o c\u00f3mo se deben implantar las renovables, si en el fondo no estamos debatiendo c\u00f3mo puede ganarse la vida una comarca. Se camuflan muchos argumentos bajo una supuesta eficiencia cuando, en realidad, el miedo de la gente, totalmente leg\u00edtimo, es perder la posibilidad de tener un buen salario o una buena vida.<\/p>\n<p class=\"answer font-serif text-xl pb-7 w-full text-pretty [&amp;_a]:text-link-normal dark:[&amp;_a]:text-link-dark [&amp;_a]:decoration-1 [&amp;_a:hover]:underline [&amp;_a:hover]:text-link-hover [&amp;_a:hover]:decoration-2 [&amp;_b_a]:text-link-normal dark:[&amp;_b_a]:text-link-dark [&amp;_b_a]:decoration-1 [&amp;_b_a:hover]:underline [&amp;_b_a:hover]:text-link-hover desktop:leading-relaxed\" data-original-text-size=\"text-xl\">Las infraestructuras energ\u00e9ticas del futuro, o que se construyan a partir de ahora, deber\u00edan ser de propiedad p\u00fablica o comunitaria, de manera que los beneficios repercutan en el territorio y que las personas que viven all\u00ed puedan seguir teniendo una vida digna. Si las infraestructuras de energ\u00edas renovables\u00a0\u2014molinos, placas, bater\u00edas\u2014\u00a0se sienten m\u00e1s\u00a0\u00abnuestras\u00bb, como lo sent\u00edan los trabajadores con la central, y no como un extractivismo para la ciudad, ser\u00e1 m\u00e1s f\u00e1cil asumir todo lo que implica el cierre de las nucleares.<\/p>\n<p class=\"question font-serif font-bold text-xl pb-7 w-full text-pretty [&amp;_a]:text-link-normal dark:[&amp;_a]:text-link-dark [&amp;_a]:decoration-1 [&amp;_a:hover]:underline [&amp;_a:hover]:text-link-hover [&amp;_a:hover]:decoration-2 [&amp;_b_a]:text-link-normal dark:[&amp;_b_a]:text-link-dark [&amp;_b_a]:decoration-1 [&amp;_b_a:hover]:underline [&amp;_b_a:hover]:text-link-hover desktop:leading-relaxed\" data-original-text-size=\"text-xl\">Una reconversi\u00f3n que repercuta en todo el territorio y en la gente que vive all\u00ed,\u00a0\u00bfno?<\/p>\n<p class=\"answer font-serif text-xl pb-7 w-full text-pretty [&amp;_a]:text-link-normal dark:[&amp;_a]:text-link-dark [&amp;_a]:decoration-1 [&amp;_a:hover]:underline [&amp;_a:hover]:text-link-hover [&amp;_a:hover]:decoration-2 [&amp;_b_a]:text-link-normal dark:[&amp;_b_a]:text-link-dark [&amp;_b_a]:decoration-1 [&amp;_b_a:hover]:underline [&amp;_b_a:hover]:text-link-hover desktop:leading-relaxed\" data-original-text-size=\"text-xl\">S\u00ed, pero si es solo una reconversi\u00f3n t\u00e9cnica y dejas que el mercado act\u00fae solo, se necesitar\u00e1n muchos menos puestos de trabajo y empeorar\u00e1\u00a0la calidad de vida de la gente de las comarcas afectadas. Por ejemplo, si la Ribera d\u2019Ebre o el Camp de Tarragona pudieran tener electricidad gratuita durante d\u00e9cadas, el debate ser\u00eda muy diferente. A menudo se intenta llevar el debate solo a una necesidad t\u00e9cnica, cuando la necesidad es econ\u00f3mica y de tener algo similar a lo que hoy aportan las centrales nucleares.<\/p>\n","protected":false},"excerpt":{"rendered":"El 19 de octubre de 1989 se produjo el accidente nuclear m\u00e1s grave de la historia de Espa\u00f1a.&hellip;\n","protected":false},"author":2,"featured_media":185616,"comment_status":"","ping_status":"","sticky":false,"template":"","format":"standard","meta":{"footnotes":""},"categories":[172],"tags":[224,20277,146,147,25,24,225,52320,10694,5292,2877,23],"class_list":{"0":"post-185615","1":"post","2":"type-post","3":"status-publish","4":"format-standard","5":"has-post-thumbnail","7":"category-libros","8":"tag-books","9":"tag-energias","10":"tag-entertainment","11":"tag-entretenimiento","12":"tag-es","13":"tag-espana","14":"tag-libros","15":"tag-perciben","16":"tag-publicas","17":"tag-renovables","18":"tag-son","19":"tag-spain"},"share_on_mastodon":{"url":"","error":""},"_links":{"self":[{"href":"https:\/\/www.europesays.com\/es\/wp-json\/wp\/v2\/posts\/185615","targetHints":{"allow":["GET"]}}],"collection":[{"href":"https:\/\/www.europesays.com\/es\/wp-json\/wp\/v2\/posts"}],"about":[{"href":"https:\/\/www.europesays.com\/es\/wp-json\/wp\/v2\/types\/post"}],"author":[{"embeddable":true,"href":"https:\/\/www.europesays.com\/es\/wp-json\/wp\/v2\/users\/2"}],"replies":[{"embeddable":true,"href":"https:\/\/www.europesays.com\/es\/wp-json\/wp\/v2\/comments?post=185615"}],"version-history":[{"count":0,"href":"https:\/\/www.europesays.com\/es\/wp-json\/wp\/v2\/posts\/185615\/revisions"}],"wp:featuredmedia":[{"embeddable":true,"href":"https:\/\/www.europesays.com\/es\/wp-json\/wp\/v2\/media\/185616"}],"wp:attachment":[{"href":"https:\/\/www.europesays.com\/es\/wp-json\/wp\/v2\/media?parent=185615"}],"wp:term":[{"taxonomy":"category","embeddable":true,"href":"https:\/\/www.europesays.com\/es\/wp-json\/wp\/v2\/categories?post=185615"},{"taxonomy":"post_tag","embeddable":true,"href":"https:\/\/www.europesays.com\/es\/wp-json\/wp\/v2\/tags?post=185615"}],"curies":[{"name":"wp","href":"https:\/\/api.w.org\/{rel}","templated":true}]}}