{"id":185634,"date":"2025-10-18T19:24:08","date_gmt":"2025-10-18T19:24:08","guid":{"rendered":"https:\/\/www.europesays.com\/es\/185634\/"},"modified":"2025-10-18T19:24:08","modified_gmt":"2025-10-18T19:24:08","slug":"las-guerreras-contra-israel-a-puerta-cerrada-en-bratislava","status":"publish","type":"post","link":"https:\/\/www.europesays.com\/es\/185634\/","title":{"rendered":"Las Guerreras contra Israel a puerta cerrada en Bratislava"},"content":{"rendered":"<p class=\"\"><b>Las Guerreras se enfrentan este domingo (17:00) a Israel en Bratislava <\/b>(Eslovaquia) en la segunda jornada del Preeuropeo 2026. El Goppas Arena, con capacidad para 3.200 espectadores, no abrir\u00e1 las puertas al p\u00fablico y tampoco habr\u00e1 televisi\u00f3n en esta pista neutral que acoge a la selecci\u00f3n hebrea.<\/p>\n<p class=\"\">En la primera jornada, frente a Austr\u00eda cay\u00f3 Israel (39-30), mientras Espa\u00f1a derrot\u00f3 a Grecia (35-15). Por tanto l<b>a victoria de las jugadoras de Ambros Mart\u00edn encarrilar\u00eda la clasificaci\u00f3n espa\u00f1ola.<\/b><\/p>\n<p><img decoding=\"async\" src=\"https:\/\/www.europesays.com\/es\/wp-content\/uploads\/2025\/10\/F6VV5O6XWFFA7BFREM4IOXLPGY.jpg\" alt=\"Las Guerreras contra Israel a puerta cerrada en Bratislava\" height=\"867\" width=\"1300\"   loading=\"lazy\"\/>Ona Vegu\u00e9.Noticias relacionadas<\/p>\n<p class=\"\"><b>Ona Vegu\u00e9,<\/b> del Blomber alem\u00e1n, reemplaza a <b>Jennifer Guti\u00e9rrez<\/b>, que no jug\u00f3 en Puerto Sagunto, en el extremo izquierdo. La andaluza ten\u00eda problemas musculares y a\u00fan no est\u00e1 diagnosticada.<\/p>\n<p class=\"\"><b>\u00a1Tus opiniones importan!<\/b> Comenta en los art\u00edculos y suscr\u00edbete gratis a nuestra <a href=\"https:\/\/asfan.as.com\/newsletters\/\" target=\"_blank\" rel=\"nofollow noopener\" title=\"https:\/\/asfan.as.com\/newsletters\/\">newsletter<\/a> y a las alertas informativas en la <a href=\"https:\/\/as.com\/aplicacion-de-as-n\/\" target=\"_blank\" rel=\"nofollow noopener\" title=\"https:\/\/as.com\/aplicacion-de-as-n\/\">App<\/a> o el canal de <a href=\"https:\/\/www.whatsapp.com\/channel\/0029VaAasdA7j6g745nz9M10\" target=\"_blank\" rel=\"nofollow noopener\" title=\"https:\/\/www.whatsapp.com\/channel\/0029VaAasdA7j6g745nz9M10\">WhatsApp<\/a>. \u00bfBuscas licenciar contenido? Haz clic <a href=\"https:\/\/profesional.elpais.com\/soluciones-sindicacion?utm_medium=interno&amp;utm_source=crosslinking&amp;utm_campaign=sindicacion_as_pie_articulos\" target=\"_blank\" rel=\"nofollow noopener\" title=\"https:\/\/profesional.elpais.com\/soluciones-sindicacion?utm_medium=interno&amp;utm_source=crosslinking&amp;utm_campaign=sindicacion_as_pie_articulos\">aqu\u00ed<\/a><\/p>\n","protected":false},"excerpt":{"rendered":"Las Guerreras se enfrentan este domingo (17:00) a Israel en Bratislava (Eslovaquia) en la segunda jornada del Preeuropeo&hellip;\n","protected":false},"author":2,"featured_media":185635,"comment_status":"","ping_status":"","sticky":false,"template":"","format":"standard","meta":{"footnotes":""},"categories":[278],"tags":[376,168,25,24,375,23,167],"class_list":{"0":"post-185634","1":"post","2":"type-post","3":"status-publish","4":"format-standard","5":"has-post-thumbnail","7":"category-balonmano","8":"tag-balonmano","9":"tag-deportes","10":"tag-es","11":"tag-espana","12":"tag-handball","13":"tag-spain","14":"tag-sports"},"share_on_mastodon":{"url":"","error":""},"_links":{"self":[{"href":"https:\/\/www.europesays.com\/es\/wp-json\/wp\/v2\/posts\/185634","targetHints":{"allow":["GET"]}}],"collection":[{"href":"https:\/\/www.europesays.com\/es\/wp-json\/wp\/v2\/posts"}],"about":[{"href":"https:\/\/www.europesays.com\/es\/wp-json\/wp\/v2\/types\/post"}],"author":[{"embeddable":true,"href":"https:\/\/www.europesays.com\/es\/wp-json\/wp\/v2\/users\/2"}],"replies":[{"embeddable":true,"href":"https:\/\/www.europesays.com\/es\/wp-json\/wp\/v2\/comments?post=185634"}],"version-history":[{"count":0,"href":"https:\/\/www.europesays.com\/es\/wp-json\/wp\/v2\/posts\/185634\/revisions"}],"wp:featuredmedia":[{"embeddable":true,"href":"https:\/\/www.europesays.com\/es\/wp-json\/wp\/v2\/media\/185635"}],"wp:attachment":[{"href":"https:\/\/www.europesays.com\/es\/wp-json\/wp\/v2\/media?parent=185634"}],"wp:term":[{"taxonomy":"category","embeddable":true,"href":"https:\/\/www.europesays.com\/es\/wp-json\/wp\/v2\/categories?post=185634"},{"taxonomy":"post_tag","embeddable":true,"href":"https:\/\/www.europesays.com\/es\/wp-json\/wp\/v2\/tags?post=185634"}],"curies":[{"name":"wp","href":"https:\/\/api.w.org\/{rel}","templated":true}]}}