{"id":185636,"date":"2025-10-18T19:25:13","date_gmt":"2025-10-18T19:25:13","guid":{"rendered":"https:\/\/www.europesays.com\/es\/185636\/"},"modified":"2025-10-18T19:25:13","modified_gmt":"2025-10-18T19:25:13","slug":"alberto-alvarez-deja-los-ruedos-tras-su-paso-por-zaragoza","status":"publish","type":"post","link":"https:\/\/www.europesays.com\/es\/185636\/","title":{"rendered":"Alberto \u00c1lvarez deja los ruedos tras su paso por Zaragoza"},"content":{"rendered":"<p>El matador de toros <strong>Alberto \u00c1lvarez<\/strong> ha tomado la decisi\u00f3n de retirarse despu\u00e9s de torear en la Feria del Pilar de Zaragoza el pasado d\u00eda 12 de este mes de octubre.<\/p>\n<p>\u00a0<\/p>\n<p>Alberto \u00c1lvarez ha tenido una carrera marcada por momentos buenos y otros no tan buenos. Esta retirada ha sonado menos debido a las tan recientes tambi\u00e9n del Maestro Morante de La Puebla, Fernando Roble\u00f1o, Cayetano Rivera y algunos picadores y banderilleros.<\/p>\n<p><strong>Alberto \u00c1lvarez<\/strong> ha completado temporadas de un buen n\u00famero de festejos pero estos no han tenido el calado suficiente en las empresas, lo que ha hecho que este se retire definitivamente del mundo del toreo, como matador de toros.<\/p>\n<p>Deseamos lo mejor en esta nueva vida y que seg\u00fan sus propios comentarios estar\u00e1 muy cerca o dentro de lo que rodea a este apasionante mundo taurino.<\/p>\n<p>Inform\u00f3 : ROGELIO BURNAO. Granada.<\/p>\n","protected":false},"excerpt":{"rendered":"El matador de toros Alberto \u00c1lvarez ha tomado la decisi\u00f3n de retirarse despu\u00e9s de torear en la Feria&hellip;\n","protected":false},"author":2,"featured_media":185637,"comment_status":"","ping_status":"","sticky":false,"template":"","format":"standard","meta":{"footnotes":""},"categories":[277],"tags":[373,168,25,24,23,167,374],"class_list":{"0":"post-185636","1":"post","2":"type-post","3":"status-publish","4":"format-standard","5":"has-post-thumbnail","7":"category-toreo","8":"tag-bullfighting","9":"tag-deportes","10":"tag-es","11":"tag-espana","12":"tag-spain","13":"tag-sports","14":"tag-toreo"},"share_on_mastodon":{"url":"","error":""},"_links":{"self":[{"href":"https:\/\/www.europesays.com\/es\/wp-json\/wp\/v2\/posts\/185636","targetHints":{"allow":["GET"]}}],"collection":[{"href":"https:\/\/www.europesays.com\/es\/wp-json\/wp\/v2\/posts"}],"about":[{"href":"https:\/\/www.europesays.com\/es\/wp-json\/wp\/v2\/types\/post"}],"author":[{"embeddable":true,"href":"https:\/\/www.europesays.com\/es\/wp-json\/wp\/v2\/users\/2"}],"replies":[{"embeddable":true,"href":"https:\/\/www.europesays.com\/es\/wp-json\/wp\/v2\/comments?post=185636"}],"version-history":[{"count":0,"href":"https:\/\/www.europesays.com\/es\/wp-json\/wp\/v2\/posts\/185636\/revisions"}],"wp:featuredmedia":[{"embeddable":true,"href":"https:\/\/www.europesays.com\/es\/wp-json\/wp\/v2\/media\/185637"}],"wp:attachment":[{"href":"https:\/\/www.europesays.com\/es\/wp-json\/wp\/v2\/media?parent=185636"}],"wp:term":[{"taxonomy":"category","embeddable":true,"href":"https:\/\/www.europesays.com\/es\/wp-json\/wp\/v2\/categories?post=185636"},{"taxonomy":"post_tag","embeddable":true,"href":"https:\/\/www.europesays.com\/es\/wp-json\/wp\/v2\/tags?post=185636"}],"curies":[{"name":"wp","href":"https:\/\/api.w.org\/{rel}","templated":true}]}}