{"id":185646,"date":"2025-10-18T19:32:08","date_gmt":"2025-10-18T19:32:08","guid":{"rendered":"https:\/\/www.europesays.com\/es\/185646\/"},"modified":"2025-10-18T19:32:08","modified_gmt":"2025-10-18T19:32:08","slug":"sevilla-fc-mallorca-resumen-goles-y-ultima-hora-del-partido-de-laliga-ea-sport-hoy-en-vivo","status":"publish","type":"post","link":"https:\/\/www.europesays.com\/es\/185646\/","title":{"rendered":"Sevilla FC &#8211; Mallorca: resumen, goles y \u00faltima hora del partido de Laliga EA Sport hoy en vivo"},"content":{"rendered":"<p>16:43<\/p>\n<p>Mat\u00edas Almeyda, desde la sala de prensa del S\u00e1nchez-Pizu\u00e1n<\/p>\n<p class=\"voc-p\"><strong>Balance del partido<\/strong>: \u00abNos pusimos en ventaja, el partido estaba bien. Est\u00e1bamos encontr\u00e1ndonos, sin dejar crecer al rival. Tuvimos la posibilidad de irnos en ventaja tras le primer tiempo. En el f\u00fatbol, equipos como nosotros no pueden perdonar. Entramos a un segundo tiempo en el que el rival manten\u00eda su estructura. Estaba bien armado. Y creo que en el segundo tiempo cometimos muchos errores. Esto habla de la realidad, la que habl\u00e9 en el partido pasado y durante la semana. En lo bueno hay que seguir mejorando, pero hay realidades\u00bb.<\/p>\n<p class=\"voc-p\"><strong>Valoraci\u00f3n de los errores<\/strong>: \u00abHab\u00eda alg\u00fan tipo de error que era evitable porque vimos im\u00e1genes. En uno de los goles sale un lateral en un cuarto de cancha y, con solo una pelota, nos hicieron gol. Tambi\u00e9n hab\u00eda que evitar centro; ah\u00ed entra c\u00f3mo marcamos. Hubiese sido diferente si convert\u00edamos. Tuvimos acciones claras, dos o tres contragolpes para agrandar el marcador. Despu\u00e9s, creo que tambi\u00e9n hay un realidad. Jugamos sin C\u00e9sar y sin Alexis, dos muchachos que est\u00e1n dando jerarqu\u00eda y manejo de tiempos en la cancha. Se not\u00f3\u00bb.<\/p>\n<p class=\"voc-p\"><strong>\u00bfIntensidad para evitar esos errores?<\/strong>: \u00abLos futbolistas deber\u00edan jugar siempre al cien por cien. Es verdad que, a veces, est\u00e1n en un mejor d\u00eda que otro. Hay pocos futbolistas que se puedan privar de jugar al sesenta por ciento, solo unos elegidos. Este es un trabajo de equipo. Es el equipo el que se tiene que partir el alma; si no, no alcanza. No tenemos caracter\u00edsticas como otros equipos que, en una acci\u00f3n, un futbolista te puede liquidar el partido. Cuando hay errores, que los hay en todos los partidos, a veces son exagerados o demasiado f\u00e1ciles y el rival aprovecha. Por eso, en estos diez d\u00edas hab\u00eda que mantener la tranquilidad. Est\u00e1bamos preparados para otra cosa. Los rivales directos son los de hoy. Al final del torneo veremos cu\u00e1ntos puntos hacemos y d\u00f3nde estamos, pero hay que ser conscientes\u00bb.<\/p>\n<p class=\"voc-p\"><strong>El cambio del Mallorca en el segundo tiempo<\/strong>: \u00abUn equipo que se entusiasma y cambia su manera. Tras el primer gol e animaron un poco. Ah\u00ed entra nuestro error, no ampliamos. Despu\u00e9s del gol, modificaron m\u00e1s y ca\u00edmos en esa tensi\u00f3n. Nos pueden hacer un gol o dos, pero hay que seguir firmes. Nos hicieron tres goles en diez minutos. Cada error mata\u00bb.<\/p>\n<p class=\"voc-p\"><strong>El centro del campo conformado por Agoum\u00e9, Mendy y Sow<\/strong>: \u00abCreo que no participaron en los errores. El primer tiempo s\u00ed lo hicieron mejor que el segundo, aunque tambi\u00e9n tuvieron acciones buenas. Son fuertes, agresivos, din\u00e1micos, con movilidad&#8230; Hab\u00eda que hacer el juego de otra manera. Ellos estaban bien parados. El rival juega y tiene buenos jugadores. Sab\u00edamos lo que era. No sali\u00f3; por momentos s\u00ed y, por momentos, no\u00bb.<\/p>\n<p class=\"voc-p\"><strong>Su conversaci\u00f3n con un aficionado<\/strong>: \u00abEl se\u00f1or estaba expresando su malestar. Entonces, fui. No siempre hay que arrimarse cuando uno gana. De hecho, cuando gano, nunca me arrimo. Estaba bien escucharlo y que e desahogara; se desahog\u00f3 con toda su alma. Dijo verdades y las tengo que aguantar\u00bb.<\/p>\n<p class=\"voc-p\"><strong>El estado de Azpilicueta<\/strong>: \u00abSinti\u00f3 un dolor en el aductor. Veremos. Son jugadores que salen porque piensan que est\u00e1 mal. De hecho, el cambio de Alexis fue porque ayer tuvo un problemita en un nervio. Entonces, tuvimos que modificar ah\u00ed\u00bb.<\/p>\n<p>16:28<\/p>\n<p>Rub\u00e9n Vargas, ante los medios oficiales del club<\/p>\n<p class=\"voc-p\"><strong>Su an\u00e1lisis del partido<\/strong>: \u00abEs muy dif\u00edcil despu\u00e9s del partido decir cu\u00e1les fueron los errores y que no tenemos los tres puntos. Tuvimos ocasiones para hacer el segundo gol y, si lo hubi\u00e9ramos hecho, el partido habr\u00eda sido diferente\u00bb.<\/p>\n<p class=\"voc-p\"><strong>La presi\u00f3n de jugar con el marcador en contra<\/strong>: \u00abTenemos que jugar m\u00e1s tranquilos. Tenemos el control en el partido, pero as\u00ed es el f\u00fatbol. Si cometes un error, el rival te puede hacer un gol. Tenemos que estar positivos. Vamos a pelear por otros partidos\u00bb.<\/p>\n<p class=\"voc-p\"><strong>Un equipo que evoluciona<\/strong>: \u00abTodos los d\u00edas y en todos los partidos se ve que cada jugar gana confianza. Hay jugadores que entran y pueden hacer la diferencia; a veces pasa y, otras, no. Tenemos que estar positivos. En la temporada hay muchos partidos\u00bb.<\/p>\n<p>16:25<\/p>\n<p>Juanlu S\u00e1nchez, ante los medios oficiales del club<\/p>\n<p class=\"voc-p\"><strong>Valoraci\u00f3n del encuentro<\/strong>: \u00abEst\u00e1bamos haciendo un buen partido, estaba controlado y saliendo lo trabajado durante la semana. A lo mejor, en los \u00faltimos cinco minutos de la primer aparte se ha vuelto loco, pero en la segunda lo hemos vuelto a controlar. Hemos tenido ocasiones para meter el segundo, pero han sido minutos que desconexi\u00f3n que no te permiten puntuar. El trabajo del equipo ha sido bueno. El viernes tenemos otra oportunidad\u00bb.<\/p>\n<p class=\"voc-p\"><strong>Un duro golpe<\/strong>: \u00abAdem\u00e1s, antes de sus goles, justo hab\u00edamos hecho los cambios y no ha dado tiempo a que se asienten. Es lo que digo, el partido estaba controlado. Hay que trabajar para mejorar, por supuesto, y seguir hacia adelante\u00bb.<\/p>\n<p class=\"voc-p\"><strong>Su vuelta a la titularidad<\/strong>: \u00abEstoy contento siempre de volver al once. Adem\u00e1s, jugar con Jos\u00e9 (Carmona) atr\u00e1s es una pasada, tiene ese f\u00edsico que te dobla y defiende. Nos entendemos bien. Una l\u00e1stima no haber sacado los tres puntos, pero siempre es bonito volver al once\u00bb.<\/p>\n<p>16:19<\/p>\n<p>Marcao, a pie de campo, ante los medios oficiales del club<\/p>\n<p class=\"voc-p\"><strong>Balance del encuentro<\/strong>: \u00abEmpezamos bien el partido. Ten\u00edamos planeado algo y estaba saliendo bien, pero en la segunda parte no s\u00e9 qu\u00e9 pas\u00f3. Bajamos la concentraci\u00f3n. Est\u00e1bamos lejos de las marcas y perdimos el partido. No hay mucho que hablar. Tenemos que hablar esta semana, mirar los v\u00eddeos y seguir para ganar los pr\u00f3ximos partidos\u00bb.<\/p>\n<p class=\"voc-p\"><strong>\u00bfQu\u00e9 le pas\u00f3 al equipo?<\/strong>: En la segunda parte cometemos muchos errores y el Mallorca aprovechaba esos momentos de fallos. Tenemos que seguir. La semana que viene tenemos un partido duro y tenemos que ganar\u00bb.<\/p>\n<p>16:01<\/p>\n<p>FINAL<\/p>\n<p class=\"voc-p\">Cay\u00f3 el Sevilla 1-3 frente al Mallorca. Con 1-0 y el partido controlado, los errores defensivos lastraron a los de Almeyda y permitieron a su rival obrar la remontada en la segunda parte<\/p>\n<p>15:59<\/p>\n<p>Min. 90+6 (1-3)<\/p>\n<p class=\"voc-p\">Falta de Januzaj sobre Sam\u00fa Costa<\/p>\n<p>15:54<\/p>\n<p>Min. 90+1 (1-3)<\/p>\n<p class=\"voc-p\">\u00a1\u00a1\u00a1Uyyyyyyyyyyy!!! Disparo desde fuera del \u00e1rea de Mendy que se marcha fuera por poco<\/p>\n<p>15:53<\/p>\n<p>Min. 90 (1-3)<\/p>\n<p class=\"voc-p\">Se a\u00f1aden ocho minutos de tiempo extra<\/p>\n<p>15:52<\/p>\n<p>Min. 89 (1-3)<\/p>\n<p class=\"voc-p\">\u00daltimo cambio en el Mallorca; Muriqi deja su sito a Abd\u00f3n<\/p>\n<p>15:51<\/p>\n<p>Min. 88 (1-3)<\/p>\n<p class=\"voc-p\">Entran las asistencias m\u00e9dicas del Mallorca para atender a Leo Rom\u00e1n, tras un pisot\u00f3n fortuito de Alexis S\u00e1nchez<\/p>\n<p>15:50<\/p>\n<p>Min. 87 (1-3)<\/p>\n<p class=\"voc-p\">\u00daltimo cambio en el Sevilla; se marcha Rub\u00e9n Vargas y entra Ejuke<\/p>\n<p>15:50<\/p>\n<p>Min. 87 (1-3)<\/p>\n<p class=\"voc-p\">C\u00f3rner a favor del Sevilla tras un despeje de Sam\u00fa Costa<\/p>\n<p>15:47<\/p>\n<p>Min. 84 (1-3)<\/p>\n<p class=\"voc-p\">Entran las asistencias m\u00e9dicas para atender a Muriqi<\/p>\n<p>15:47<\/p>\n<p>Min. 84 (1-3)<\/p>\n<p class=\"voc-p\">Amarilla para Carmona por una falta sobre Muriqi; ocasi\u00f3n de peligro a favor del Mallorca<\/p>\n<p>15:46<\/p>\n<p>Min. 83 (1-3)<\/p>\n<p class=\"voc-p\">Falta de Carmona sobre Mojica; ocasi\u00f3n de peligro para el Mallorca<\/p>\n<p>15:44<\/p>\n<p>Min. 81 (1-3)<\/p>\n<p class=\"voc-p\">C\u00f3rner para el Mallorca<\/p>\n<p>15:43<\/p>\n<p>Min. 80 (1-3)<\/p>\n<p class=\"voc-p\">Mueve el banquillo Arrasate; Mascarell y Pablo Torre sustituyen a Morlanes y Darder<\/p>\n<p>15:42<\/p>\n<p>Carmona trata de robar un bal\u00f3n a Jan Virgili en un lance de este Sevilla &#8211; Mallorca<\/p>\n<p class=\"voc-p\">(FOTO: Sevilla FC)<\/p>\n<p>15:41<\/p>\n<p>Min. 78 (1-3)<\/p>\n<p class=\"voc-p\">Fuera de juego de Carmona<\/p>\n<p>15:40<\/p>\n<p>Min. 77 (1-3)<\/p>\n<p class=\"voc-p\">\u00a1GOL del Mallorca! Doblete de Mateo Joseph para acrecentar la ventaja de los suyos. El delantero aprovech\u00f3 un error defensivo del Sevilla al entregar un bal\u00f3n<\/p>\n<p>15:39<\/p>\n<p>Min. 76 (1-2)<\/p>\n<p class=\"voc-p\">Se reanuda el encuentro<\/p>\n<p>15:37<\/p>\n<p>Min. 75 (1-2)<\/p>\n<p class=\"voc-p\">Pausa de hidrataci\u00f3n en Nervi\u00f3n<\/p>\n<p>15:37<\/p>\n<p>Min. 74 (1-2)<\/p>\n<p class=\"voc-p\">Disparo de Alexis S\u00e1nchez en el \u00e1rea que bloquea un jugador del Mallorca<\/p>\n<p>15:37<\/p>\n<p>Min. 74 (1-2)<\/p>\n<p class=\"voc-p\">Desv\u00edo de Mojica ante un regate de Carmona; c\u00f3rner para el Sevilla<\/p>\n<p>15:36<\/p>\n<p>Min. 72 (1-2)<\/p>\n<p class=\"voc-p\">\u00a1GOL del Mallorca! Mateo Joseph remonta con un remate de primeras en el \u00e1rea, tras un centro desde la izquierda de Mojica<\/p>\n<p>15:34<\/p>\n<p>Min. 71 (1-1)<\/p>\n<p class=\"voc-p\">\u00a1\u00a1\u00a1Uyyyyyyyyyyyyyy!!! Disparo potent\u00edsimo de Rub\u00e9n Vargas desde fuera del \u00e1rea que atrapa Leo Rom\u00e1n por abajo<\/p>\n<p>15:33<\/p>\n<p>Min. 70 (1-1)<\/p>\n<p class=\"voc-p\">Triple cambio en el Sevilla; Januzaj, Alexis S\u00e1nchez y Akor Adams sustituyen a Juanlu, Sow e Isaac<\/p>\n<p>15:32<\/p>\n<p>Min. 69 (1-1)<\/p>\n<p class=\"voc-p\">Bal\u00f3n en profundidad de Mendy para Juanlu que se pierde por l\u00ednea de fondo, tras bloquearle el paso un jugador mallorquinista<\/p>\n<p>15:30<\/p>\n<p>Min. 67 (1-1)<\/p>\n<p class=\"voc-p\">\u00a1GOL del Mallorca! Muriqi empata el choque. P\u00e9rdida de bal\u00f3n del Sevilla en su campo, el bal\u00f3n le llega al delantero kosovar en la frontal y con un zurdazo bate a Vlachodimos<\/p>\n<p>15:27<\/p>\n<p>Min. 64 (1-0)<\/p>\n<p class=\"voc-p\">Falta de Sam\u00fa Costa sobre Isaac; ocasi\u00f3n de peligro a favor del Sevilla<\/p>\n<p>15:25<\/p>\n<p>Min. 62 (1-0)<\/p>\n<p class=\"voc-p\">Doble cambio en el Mallorca; Mateu Jaume y Javi Llabr\u00e9s son sustituidos por Mojica y Mateo Joseph<\/p>\n<p>15:24<\/p>\n<p>Min. 60 (1-0)<\/p>\n<p class=\"voc-p\">\u00a1\u00a1\u00a1Uyyyyyyyyyyy!!! \u00a1Tuvo Juanlu el segundo! Contra liderada por Isaac, le cedi\u00f3 el bal\u00f3n al de Montequinto, pero el disparo fue desviado por un defensor mallorquinista que le alcanz\u00f3; c\u00f3rner para el Sevilla<\/p>\n<p>15:22<\/p>\n<p>Min. 58 (1-0)<\/p>\n<p class=\"voc-p\">Gabriel Suazo ve la amarilla por una entrada sobre Javi Llabr\u00e9s; entran las asistencias m\u00e9dicas del Mallorca para atender al jugador<\/p>\n<p>15:20<\/p>\n<p>Min. 57 (1-0)<\/p>\n<p class=\"voc-p\">Cabezazo de Rub\u00e9n Vargas que se marcha demasiado desviado<\/p>\n<p>15:20<\/p>\n<p>Min. 57 (1-0)<\/p>\n<p class=\"voc-p\">Corte de Ra\u00edllo ante Carmona en el \u00e1rea mallorquinista; c\u00f3rner para el Sevilla<\/p>\n<p>15:18<\/p>\n<p>Min. 55 (1-0)<\/p>\n<p class=\"voc-p\">Ra\u00edllo ve la primera amarilla del partido por frenar a Isaac en una contra<\/p>\n<p>15:18<\/p>\n<p>Min. 54 (1-0)<\/p>\n<p class=\"voc-p\">Est\u00e1 cometiendo demasiadas imprecisiones el Sevilla cerca de su \u00e1rea en este inicio de la segunda parte<\/p>\n<p>15:14<\/p>\n<p>Min. 51 (1-0)<\/p>\n<p class=\"voc-p\">Falta de Sam\u00fa Costa sobre Carmona; ocasi\u00f3n de peligro a favor del Sevilla<\/p>\n<p>15:14<\/p>\n<p>Min. 50 (1-0)<\/p>\n<p class=\"voc-p\">Calientan en la banda los sevillistas Akor Adams, Januzaj, Alexis S\u00e1nchez, Ejuke y Gudelj<\/p>\n<p>15:12<\/p>\n<p>Min. 49 (1-0)<\/p>\n<p class=\"voc-p\">Nevo saque de esquina a favor de los sevillistas<\/p>\n<p>15:12<\/p>\n<p>Min. 49 (1-0)<\/p>\n<p class=\"voc-p\">Centro de Carmona desde la derecha que Maffeo desv\u00eda a c\u00f3rner<\/p>\n<p>15:09<\/p>\n<p>Min. 46 (1-0)<\/p>\n<p class=\"voc-p\">\u00a1\u00a1\u00a1Qu\u00e9 mano de Vlachodimos!!! Error de Ram\u00f3n Mart\u00ednez que permite a Jan Virgili hacerse con el bal\u00f3n muy cerca del \u00e1rea sevillista; el jugador mallorquinista aprovech\u00f3 para disparar y el portero logr\u00f3 desviar el bal\u00f3n<\/p>\n<p>15:08<\/p>\n<p>\u00a1\u00a1\u00a1Comienza la segunda parte!!!<\/p>\n<p>14:50<\/p>\n<p>Descanso<\/p>\n<p class=\"voc-p\">Est\u00e1 venciendo el Sevilla a Mallorca gracias a un gol de Rub\u00e9n Vargas. Primera parte escasa de ocasiones, en la que los de Nervi\u00f3n dieron un nivel m\u00e1s que su rival<\/p>\n<p>14:47<\/p>\n<p>Min. 45+2 (1-0)<\/p>\n<p class=\"voc-p\">\u00a1\u00a1\u00a1Isaaaaaaac!!! El delantero lleg\u00f3 presionado por dos jugadores al \u00e1rea y su disparo fue demasiado suave; lo atrap\u00f3 sin problemas por abajo Leo Rom\u00e1n<\/p>\n<p>14:46<\/p>\n<p>Min. 45+1 (1-0)<\/p>\n<p class=\"voc-p\">Se duele Muriqi de un manotazo de Suazo en el \u00e1rea sevillista, aunque el colegiado no vio nada punible en la acci\u00f3n<\/p>\n<p>14:45<\/p>\n<p>Min. 45 (1-0)<\/p>\n<p class=\"voc-p\">Se a\u00f1aden cuatro minutos de tiempo extra<\/p>\n<p>14:43<\/p>\n<p>Min. 42 (1-0)<\/p>\n<p class=\"voc-p\">Busca el empate el Mallorca con varios centros laterales, aunque sin crear serio peligro ante Vlachodimos<\/p>\n<p>14:40<\/p>\n<p>Min. 39 (1-0)<\/p>\n<p class=\"voc-p\">C\u00f3rner a favor del Sevilla<\/p>\n<p>14:37<\/p>\n<p>Min. 37 (1-0)<\/p>\n<p class=\"voc-p\">\u00a1Uy! Vlachodimos detiene por abajo un disparo de Jan Virgili, que lleg\u00f3 desfondado al \u00e1rea rival tras una carrera en la que adem\u00e1s le presionaban varios jugadores sevillistas<\/p>\n<p>14:36<\/p>\n<p>Min. 36 (1-0)<\/p>\n<p class=\"voc-p\">C\u00f3rner para el Sevilla<\/p>\n<p>14:34<\/p>\n<p>Min. 34 (1-0)<\/p>\n<p class=\"voc-p\">\u00a1\u00a1\u00a1Uyyyyyyyyyyyy!!! Remate de Juanlu que detiene Leo Rom\u00e1n; el canterano cabece\u00f3 en el punto de penalti un centro de Suazo desde la izquierda<\/p>\n<p>14:32<\/p>\n<p>Vargas celebra su gol ante el Mallorca<\/p>\n<p class=\"voc-p\">(FOTO: LaLiga)<\/p>\n<p>14:31<\/p>\n<p>Min. 31 (1-0)<\/p>\n<p class=\"voc-p\">Se reanuda el encuentro<\/p>\n<p>14:29<\/p>\n<p>Min. 29 (1-0)<\/p>\n<p class=\"voc-p\">Pausa de hidrataci\u00f3n en Nervi\u00f3n<\/p>\n<p>14:29<\/p>\n<p>Min. 28 (1-0)<\/p>\n<p class=\"voc-p\">Falta de Javi Llabr\u00e9s sobre Marcao<\/p>\n<p>14:26<\/p>\n<p>Min. 25 (1-0)<\/p>\n<p class=\"voc-p\">\u00a1Uy! Buena mano de Vlachodimos para desviar un disparo de Javi Llabr\u00e9s; c\u00f3rner para el Mallorca<\/p>\n<p>14:24<\/p>\n<p>Min. 24 (1-0)<\/p>\n<p class=\"voc-p\">Maffeo despeja a c\u00f3rner un bal\u00f3n controlado con el pecho por Isaac en el \u00e1rea mallorquinista<\/p>\n<p>14:22<\/p>\n<p>Min. 22 (1-0)<\/p>\n<p class=\"voc-p\">Falta de Mendy sobre Sam\u00fa Costa por un manotazo al intentar proteger un bal\u00f3n<\/p>\n<p>14:21<\/p>\n<p>Min. 21 (1-0)<\/p>\n<p class=\"voc-p\">Se intenta hacer ahora el Mallorca con la posesi\u00f3n tras el gol encajado, aunque no logra enlazar pases certeros en campo rival<\/p>\n<p>14:17<\/p>\n<p>Min. 16 (1-0)<\/p>\n<p class=\"voc-p\">\u00a1\u00a1\u00a1GOOOOOOOOOOOOL del Sevilla!!! \u00a1Rub\u00e9n Vargas adelanta a los de Nervi\u00f3n! El suizo caz\u00f3 un rechace al segundo palo, tras un centro desde la derecha de Carmona; control\u00f3 y, pese a que Leo Rom\u00e1n se le echase encima, mand\u00f3 el bal\u00f3n al fondo de la red<\/p>\n<p>14:13<\/p>\n<p>Min. 13 (0-0)<\/p>\n<p class=\"voc-p\">Falta de Muriqi sobre Marcao<\/p>\n<p>14:12<\/p>\n<p>Min. 12 (0-0)<\/p>\n<p class=\"voc-p\">Falta de Marcao sobre Javi Llabr\u00e9s; ocasi\u00f3n de peligro a favor del Mallorca<\/p>\n<p>14:10<\/p>\n<p>Min. 10 (0-0)<\/p>\n<p class=\"voc-p\">Primeros diez minutos de partido sin ocasiones y sin un dominador claro de la posesi\u00f3n<\/p>\n<p>14:07<\/p>\n<p>Min. 07 (0-0)<\/p>\n<p class=\"voc-p\">Centro de Juanlu desde la derecha que despeja Sam\u00fa Costa<\/p>\n<p>14:05<\/p>\n<p>Min. 05 (0-0)<\/p>\n<p class=\"voc-p\">Falta de Marcao sobre Muriqi al intentar frenar una contra<\/p>\n<p>14:03<\/p>\n<p>Min. 03 (0-0)<\/p>\n<p class=\"voc-p\">Almeyda realiza el primer cambio; se marcha lesionado Azpilicueta y le sustituye Ram\u00f3n Mart\u00ednez<\/p>\n<p>14:03<\/p>\n<p>Min. 02 (0-0)<\/p>\n<p class=\"voc-p\">No puede continuar Azpilicueta; el jugador pide el cambio a los pocos minutos de comenzar el encuentro<\/p>\n<p>14:01<\/p>\n<p>Min. 01 (0-0)<\/p>\n<p class=\"voc-p\">El encuentro, tal y como ya comunic\u00f3 la AFE, ha comenzado con una protesta simb\u00f3lica al echar a rodar el bal\u00f3n<\/p>\n<p>14:00<\/p>\n<p>\u00a1\u00a1\u00a1Comienza el partido!!!<\/p>\n<p class=\"voc-p\">Un Sevilla en un gran estado de forma se enfrenta al Mallorca, colista, con el objetivo de sumar de nuevo los tres puntos ante su afici\u00f3n<\/p>\n<p>13:58<\/p>\n<p>Tifo desplegado desde el Gol Norte del S\u00e1nchez-Pizju\u00e1n antes de este Sevilla &#8211; Mallorca<\/p>\n<p>13:57<\/p>\n<p>\u00a1Saltan los protagonistas al terreno de juego!<\/p>\n<p class=\"voc-p\">Gran ambiente esta tarde en Nervi\u00f3n. \u00a1Suena el Himno del Centenario y el encuentro est\u00e1 a punto de arrancar!<\/p>\n<p>13:45<\/p>\n<p>\u00a1\u00a1\u00a1Solo faltan 15 minutos para que arranque este Sevilla &#8211; Mallorca!!!<\/p>\n<p>13:42<\/p>\n<p class=\"voc-p\">Ya se han retirado al vestuario los jugadores del Sevilla<\/p>\n<p>13:39<\/p>\n<p class=\"voc-p\">Ya calientan tambi\u00e9n sobre el terreno de juego los jugadores del Mallorca<\/p>\n<p>13:38<\/p>\n<p>Mat\u00edas Almeyda, antes del Sevilla &#8211; Mallorca, ante los medios oficiales del club<\/p>\n<p class=\"voc-p\"><strong>Tras el par\u00f3n, a por otros tres puntos en casa<\/strong>: \u00abSiempre, cada partido, es la fiesta nuestra. Hay que prepararse y tratar de bailar bien. Ese ser\u00eda el concepto de lo que es el f\u00fatbol para m\u00ed\u00bb.<\/p>\n<p class=\"voc-p\"><strong>Un contexto diferente al partido ante el Barcelona<\/strong>: \u00abHemos hablado mucho con todos los chicos durante estos d\u00edas, que fueron causando felicidad. Pero sabemos d\u00f3nde estamos y lo que pretendemos. Hay cosas buenas y cosas que hay que ir corrigiendo. Evidentemente, siempre que se suman puntos, es fundamental, pero nada va a cambiar nuestro pensamiento por m\u00e1s que ese triunfo haya sido importante, que ha sido importante por los tres puntos. Despu\u00e9s, todo lo que genera, pero eso est\u00e1 al margen de nosotros. Lo que intentamos hacer es repetir lo bueno y corregir lo no tan bueno. \u00bfSi he frenado alg\u00fan tipo de euforia? No. Me pone feliz la humildad, las ganas. No hab\u00eda ning\u00fan jugador que estuviera en el aire por solo un partido. Los chicos son conscientes de lo que han vivido y de lo que estamos viviendo ahora, que hay que profundizarlo\u00bb.<\/p>\n<p class=\"voc-p\"><strong>El once titular ante el Mallorca, con Juanlu de titular<\/strong>: \u00abHemos tenido ese cambio por alg\u00fan motivo especial, pero creemos que Juanlu est\u00e1 para ser titular. Ellos tienen un gran avance con su lateral izquierdo, que permite tirar centros y desde donde surgen varias posibilidades de acciones de gol del rival. Tambi\u00e9n, por ese ida y vuelta que Juanlu nos puede dar, pero fue por necesidad, no por elecci\u00f3n\u00bb.<\/p>\n<p class=\"voc-p\"><strong>El calor dela afici\u00f3n<\/strong>: \u00abHoy vamos a tener un marco, como en todos los partidos, espectacular. El oro d\u00eda vimos emocionados c\u00f3mo se fue nuestro p\u00fablico de feliz. Nos fuimos todos contentos. Hay que tratar de repetir lo que hicimos en el \u00faltimo partido con respecto a esa felicidad, esa uni\u00f3n. Depender\u00e1 mucho de c\u00f3mo est\u00e9n los chicos y si acertamos en la estrategia\u00bb.<\/p>\n","protected":false},"excerpt":{"rendered":"16:43 Mat\u00edas Almeyda, desde la sala de prensa del S\u00e1nchez-Pizu\u00e1n Balance del partido: \u00abNos pusimos en ventaja, el&hellip;\n","protected":false},"author":2,"featured_media":185647,"comment_status":"","ping_status":"","sticky":false,"template":"","format":"standard","meta":{"footnotes":""},"categories":[268],"tags":[168,2125,25,24,280,282,1458,315,288,2457,1045,1171,281,23,167,1885,1852],"class_list":{"0":"post-185646","1":"post","2":"type-post","3":"status-publish","4":"format-standard","5":"has-post-thumbnail","7":"category-futbol","8":"tag-deportes","9":"tag-directo","10":"tag-es","11":"tag-espana","12":"tag-football","13":"tag-futbol","14":"tag-hora","15":"tag-hoy","16":"tag-laliga","17":"tag-mallorca","18":"tag-partido","19":"tag-sevilla","20":"tag-soccer","21":"tag-spain","22":"tag-sports","23":"tag-ultima","24":"tag-vivo"},"share_on_mastodon":{"url":"","error":""},"_links":{"self":[{"href":"https:\/\/www.europesays.com\/es\/wp-json\/wp\/v2\/posts\/185646","targetHints":{"allow":["GET"]}}],"collection":[{"href":"https:\/\/www.europesays.com\/es\/wp-json\/wp\/v2\/posts"}],"about":[{"href":"https:\/\/www.europesays.com\/es\/wp-json\/wp\/v2\/types\/post"}],"author":[{"embeddable":true,"href":"https:\/\/www.europesays.com\/es\/wp-json\/wp\/v2\/users\/2"}],"replies":[{"embeddable":true,"href":"https:\/\/www.europesays.com\/es\/wp-json\/wp\/v2\/comments?post=185646"}],"version-history":[{"count":0,"href":"https:\/\/www.europesays.com\/es\/wp-json\/wp\/v2\/posts\/185646\/revisions"}],"wp:featuredmedia":[{"embeddable":true,"href":"https:\/\/www.europesays.com\/es\/wp-json\/wp\/v2\/media\/185647"}],"wp:attachment":[{"href":"https:\/\/www.europesays.com\/es\/wp-json\/wp\/v2\/media?parent=185646"}],"wp:term":[{"taxonomy":"category","embeddable":true,"href":"https:\/\/www.europesays.com\/es\/wp-json\/wp\/v2\/categories?post=185646"},{"taxonomy":"post_tag","embeddable":true,"href":"https:\/\/www.europesays.com\/es\/wp-json\/wp\/v2\/tags?post=185646"}],"curies":[{"name":"wp","href":"https:\/\/api.w.org\/{rel}","templated":true}]}}