{"id":185660,"date":"2025-10-18T19:45:09","date_gmt":"2025-10-18T19:45:09","guid":{"rendered":"https:\/\/www.europesays.com\/es\/185660\/"},"modified":"2025-10-18T19:45:09","modified_gmt":"2025-10-18T19:45:09","slug":"que-el-nuevo-presidente-piense-en-el-bienestar-de-todos-y-no-de-unos-cuantos","status":"publish","type":"post","link":"https:\/\/www.europesays.com\/es\/185660\/","title":{"rendered":"Que el nuevo presidente piense en el bienestar de todos y no de unos cuantos"},"content":{"rendered":"<p class=\"c-paragraph\">El spot publicitario &#8216;<a href=\"https:\/\/www.20minutos.es\/tags\/lugares\/bolivia.html\" rel=\"nofollow noopener\" target=\"_blank\">Bolivia Vota<\/a>&#8216; difundido por las redes sociales de los grupos de bolivianos en el extranjero incluye una voz en off que dice: \u00abAunque est\u00e9s lejos, tu voz sigue contando. (&#8230;)\u00a0 Tu voto une, tu voto construye\u00bb. <b>Este domingo, 19 de octubre, 82.273 bolivianos en Espa\u00f1a (de los 189.000 residentes) podr\u00e1n elegir cu\u00e1l de los dos aspirantes a presidente \u2014Rodrigo Paz o Jorge &#8216;Tuto&#8217; Quiroga\u2014<\/b><b>\u00a0debe tomar las riendas del pa\u00eds andino.<\/b>\u00a0Lo hacen despu\u00e9s de que en la primera vuelta en agosto las urnas dieran la espalda a la izquierda heredera de Evo Morales que, si un d\u00eda ilusion\u00f3, deja a Bolivia en una grave crisis pol\u00edtica, econ\u00f3mica y social. O como describen los bolivianos afincados en Madrid con los que ha hablado 20minutos:\u00a0\u00a0\u00abAl borde del colapso\u00bb.<\/p>\n<p class=\"c-paragraph\">En Madrid est\u00e1n llamados a sufragio m\u00e1s de 22.000 bolivianos. Lo har\u00e1n en dos locales (un centro juvenil en Usera y un colegio en Ventas) en los que hay habilitadas 71 mesas electorales. A una de ellas tiene previsto acudir\u00a0<b>Ramiro Argando\u00f1a<\/b>, de 43 a\u00f1os y natural de La Paz, que lleva 20 a\u00f1os residiendo en Espa\u00f1a. \u00abSinceramente votamos por el futuro de Bolivia, que es bastante negro.<b> Venimos de a\u00f1os complicados, de una ineficiencia del Gobierno para sobrellevar una crisis econ\u00f3mica muy fuerte y es el sentir general de que el pa\u00eds est\u00e1 al borde del colapso<\/b> y necesita una opci\u00f3n diferente\u00bb, seg\u00fan opina este t\u00e9cnico de intervenci\u00f3n social que trabaja en\u00a0<a href=\"https:\/\/acobe.org\/\" rel=\"noreferrer nofollow noopener\" target=\"_blank\">Acobe<\/a>, la Asociaci\u00f3n para la cooperaci\u00f3n Bolivia-Espa\u00f1a con sede en Madrid.<\/p>\n<p class=\"c-paragraph\">Hace \u00abdemasiado\u00bb que Argando\u00f1a no pisa suelo boliviano. Le pesa, pero dice que es uno de los pa\u00edses donde m\u00e1s caro es viajar (los billetes de avi\u00f3n oscilan entre 900 y 2000 euros) y son ya cuatro de familia. Aun as\u00ed, votar\u00e1 el domingo porque defiende que <b>los bolivianos, en general, no son los que se desapegan de su origen f\u00e1cilmente<\/b>. \u00abLa gastronom\u00eda, la cultura, el folclor siempre est\u00e1n presentes. Somos un buen ejemplo de transmitir nuestras ra\u00edces a las generaciones que no han nacido en Bolivia, pero son bolivianos de sangre\u00bb.<\/p>\n<p class=\"c-paragraph\">Esta<b>\u00a0<a href=\"https:\/\/www.20minutos.es\/internacional\/bolivia-tendra-inedita-segunda-vuelta-dos-candidatos-oposicion-izquierda-deja_6236855_0.html\" rel=\"nofollow noopener\" target=\"_blank\">in\u00e9dita segunda vuelta de las elecciones<\/a><\/b> pilla a Bolivia en una profunda crisis econ\u00f3mica que se plasma en un d\u00e9ficit del 8% del PIB y una inflaci\u00f3n del 25%, falta de combustible, escasez en la \u00abcanasta familiar\u00bb, la cesta b\u00e1sica de alimentos, y un cambio imposible del d\u00f3lar. En lo social, los bolivianos explican que sufren un aumento de la inseguridad, la volatilidad y la incertidumbre. Todo coincide con una<b> rampante frustraci\u00f3n de la poblaci\u00f3n debido a lo que describen como \u00abineficacia\u00bb del Movimiento al Socialismo (MAS)<\/b>, el partido de <a href=\"https:\/\/www.20minutos.es\/tags\/personas\/evo-morales.html\" rel=\"nofollow noopener\" target=\"_blank\">Evo Morales<\/a>, para solucionar los problemas, despu\u00e9s de dos d\u00e9cadas en el poder, al que lleg\u00f3 como el primer presidente ind\u00edgena del pa\u00eds.\u00a0<\/p>\n<blockquote class=\"c-phrase__blockquote\"><p>\u00abTengo\u00a0la esperanza de elegir a una buena persona\u00a0que, aunque sea muy dif\u00edcil,\u00a0intente poco a poco subsanar algunos problemas de los muchos que tiene el pa\u00eds\u00bb<\/p><\/blockquote>\n<p class=\"c-paragraph\">\u00abVeo <b>con mucha tristeza a mis padres y hermanos sufrir por la escasez<\/b> de combustible, que lo encarece todo, por un cambio de d\u00f3lares que est\u00e1 disparado y porque no se pueda comprar productos b\u00e1sicos de lo que all\u00ed llamamos la canasta familiar, porque no hay o porque est\u00e1n muy caros\u00bb, describe Argando\u00f1a.<\/p>\n<p class=\"c-paragraph\">Tambi\u00e9n le duele Bolivia a\u00a0<a href=\"https:\/\/www.euromundoglobal.com\/noticia\/40905\/madrid\/dora-gutierrez-rivas-una-emprendedora-de-exito.html\" rel=\"nofollow noreferrer noopener\" target=\"_blank\"><b>Dora Guti\u00e9rrez<\/b><\/a>, de 78 a\u00f1os, cochabambina que lleva 31 a\u00f1os en Espa\u00f1a, y la propietaria del primer restaurante boliviano que abri\u00f3 en Madrid, en 2001. La Perla Boliviana es toda una instituci\u00f3n, a la que sus clientes se refieren como \u00abla segunda embajada\u00bb. Guti\u00e9rrez manifiesta una intenci\u00f3n firme de ir a votar. \u00abAunque he hecho mi vida aqu\u00ed yo <b>sigo votando porque mi pa\u00eds necesita una estabilidad econ\u00f3mica y social y quien lo puede hacer real es un buen gobierno<\/b>. Como ciudadana boliviana votar es una obligaci\u00f3n\u00bb, asegura. As\u00ed lo sienten tambi\u00e9n sus hermanos afincados en Espa\u00f1a, dice, no tanto sus hijos, que nacidos aqu\u00ed ya solo participan en los comicios espa\u00f1oles. La realidad es que no siendo obligatorio votar, se reclama el certificado de participaci\u00f3n en numerosos tr\u00e1mites burocr\u00e1ticos en Bolivia.<\/p>\n<p class=\"c-paragraph\">La papeleta que va a introducir Guti\u00e9rrez en la urna este domingo una informaci\u00f3n que ella prefiere mantener en secreto. No desea revelar a cu\u00e1l de los dos contendientes prefiere como presidente, pero s\u00ed confiesa que votar\u00e1 \u00abcon\u00a0<b>la esperanza de elegir a una buena persona que, aunque sea muy dif\u00edcil,<\/b> <b>intente poco a poco subsanar algunos problemas de los muchos que tiene el pa\u00eds.<\/b> Una persona preparada\u00bb.\u00a0<\/p>\n<blockquote class=\"c-phrase__blockquote\"><p>\u00abVeo\u00a0con mucha tristeza a mis padres y hermanos sufrir por la escasez\u00a0de combustible, que lo encarece todo, por un cambio de d\u00f3lares disparado y porque no se pueda comprar productos b\u00e1sicos\u00bb<\/p><\/blockquote>\n<p class=\"c-paragraph\">De los dos candidatos a presidente, uno se autodefine como centrista, <b>Rodrigo Paz<\/b>, y el otro entronca m\u00e1s con la derecha liberal, <b>Jorge, &#8216;Tuto&#8217;, Quiroga<\/b>. El agregado de negocios de la embajada de Bolivia y encargado de la organizaci\u00f3n de los comicios en Espa\u00f1a, Rafael Arancibia, explica a 20minutos que se da la circunstancia de que en las elecciones de agosto la poblaci\u00f3n dentro de Bolivia se inclin\u00f3 mayoritariamente por el centrista Paz, mientras que los bolivianos residentes en Espa\u00f1a se decantaron por el candidato Quiroga.<\/p>\n<p class=\"c-paragraph\">\u00abNinguno son candidatos nuevos, son viejos lobos de pol\u00edtica\u00bb, describe el Ramiro Argando\u00f1a, el trabajador de la Fundaci\u00f3n Acobe: \u00abTodos han estado en funciones de Gobierno en alg\u00fan momento y <b>tampoco son garant\u00eda de nada, pero es que hay que elegir al menos malo<\/b>\u00ab, considera.\u00a0\u00a0<\/p>\n<p><b>Bolivia afronta el fin de una era<\/b><\/p>\n<p class=\"c-paragraph\">Como Argando\u00f1a y Guti\u00e9rrez, Gabriela Karen Peredo, boliviana de Cochabamba, de 33 a\u00f1os,\u00a0 que lleva a\u00f1o y medio en Espa\u00f1a, donde vino a estudiar un m\u00e1ster, cree que <b>Bolivia afronta el fin de una era.\u00a0<\/b>Sobre el declive del partido de Evo Morales entiende que \u00abfall\u00f3, tuvo mala gesti\u00f3n econ\u00f3mica, tom\u00f3 malas decisiones y el resultado es lo que ahora vemos\u00bb.<\/p>\n<p class=\"c-paragraph\">Argando\u00f1a coinciden en que el MAS, \u00abal principio tuvo buenas ideas y propuestas, pero ya no se parece en nada a lo que fue\u00bb. Por eso defiende que \u00abel pa\u00eds\u00a0<b>necesita a alguien que piense por el bienestar de todos y no de unos cuantos\u00bb.<\/b>\u00a0A su parecer, \u00abhay gobiernos que solamente favorecen a una parte de la poblaci\u00f3n, generalmente los m\u00e1s ricos y beneficiados, pero tampoco se puede gobernar solo fij\u00e1ndose en el pueblo ind\u00edgena y olvid\u00e1ndose de que existimos bolivianos con otras caracter\u00edsticas. <b>Lo que queremos es que no fomenten la polarizaci\u00f3n <\/b>que ya bastante da\u00f1o ha hecho\u00bb, reflexiona.<\/p>\n<p class=\"c-paragraph\">La joven boliviana, de los tres la que menos tiempo lleva en Espa\u00f1a, pide al nuevo gobierno \u00abque\u00a0<b>tome acciones para reducir la corrupci\u00f3n<\/b> y que resuelva una crisis que ha golpeado sobre todo al sector informal, al 80% de la gente, que vive al d\u00eda con frustraci\u00f3n, miedo y preocupaci\u00f3n\u00bb.<\/p>\n<p class=\"c-paragraph\"><b>Peredo s\u00ed revela que votar\u00e1 por Jorge &#8216;Tuto&#8217; Quiroga,<\/b>\u00a0el l\u00edder en las ant\u00edpodas del gobierno actual, que ya fue presidente de 2001 a 2002 y se postul\u00f3 a la presidencia en dos ocasiones m\u00e1s. Le parece que es quien \u00abgenerar\u00e1 mayor estabilidad econ\u00f3mica\u00bb y dice que deber\u00eda \u00ab<b>restaurar la estabilidad econ\u00f3mica y asegurar la &#8216;canasta familiar&#8217;, mejorar la transparencia y confianza<\/b> en las instituciones p\u00fablicas\u00bb.<\/p>\n<p class=\"c-paragraph\">Dora Guti\u00e9rrez, la hostelera que lleg\u00f3 en los a\u00f1os noventa con el boom de la emigraci\u00f3n boliviana a Espa\u00f1a \u2014pa\u00eds con la segunda mayor comunidad de expatriados bolivianos despu\u00e9s de Argentina\u2014 cuenta que en los salones de sus restaurantes se palpa la honda preocupaci\u00f3n por el pa\u00eds de sus compatriotas:\u00a0<b>\u00abNo por estar lejos de Bolivia nos olvidamos del aspecto pol\u00edtico y social, somos bolivianos donde estemos\u00bb.<\/b><\/p>\n<p class=\"c-paragraph\">La emigraci\u00f3n boliviana se sigue dedicando, mayoritariamente, al servicio dom\u00e9stico y a la limpieza, aunque las segundas generaciones y los reci\u00e9n llegados desarrollan carreras profesionales diversas: \u00abHay sanitarios, emprendedores o dise\u00f1adores de moda\u00bb, explica Argando\u00f1a. En las elecciones de agosto, la participaci\u00f3n rond\u00f3 el 40% del censo, y para las de este domingo todo est\u00e1 preparado para que sean m\u00e1s, porque como dice Argando\u00f1a:<b> \u00abLa gente es ahora m\u00e1s consciente de lo que se juega Bolivia esta vez\u00bb.<\/b><\/p>\n","protected":false},"excerpt":{"rendered":"El spot publicitario &#8216;Bolivia Vota&#8216; difundido por las redes sociales de los grupos de bolivianos en el extranjero&hellip;\n","protected":false},"author":2,"featured_media":185661,"comment_status":"","ping_status":"","sticky":false,"template":"","format":"standard","meta":{"footnotes":""},"categories":[42],"tags":[1575,52325,17,18,4374,24,13,14,11,61,62,63,64,4207,19,20,9,10,15,16,12,21,22,65,66,67],"class_list":{"0":"post-185660","1":"post","2":"type-post","3":"status-publish","4":"format-standard","5":"has-post-thumbnail","7":"category-internacional","8":"tag-ante","9":"tag-bolivianos","10":"tag-breaking-news","11":"tag-breakingnews","12":"tag-elecciones","13":"tag-espana","14":"tag-featured-news","15":"tag-featurednews","16":"tag-headlines","17":"tag-internacional","18":"tag-international","19":"tag-international-news","20":"tag-internationalnews","21":"tag-las","22":"tag-latest-news","23":"tag-latestnews","24":"tag-news","25":"tag-noticias","26":"tag-noticias-destacadas","27":"tag-noticiasdestacadas","28":"tag-titulares","29":"tag-ultimas-noticias","30":"tag-ultimasnoticias","31":"tag-world","32":"tag-world-news","33":"tag-worldnews"},"share_on_mastodon":{"url":"","error":""},"_links":{"self":[{"href":"https:\/\/www.europesays.com\/es\/wp-json\/wp\/v2\/posts\/185660","targetHints":{"allow":["GET"]}}],"collection":[{"href":"https:\/\/www.europesays.com\/es\/wp-json\/wp\/v2\/posts"}],"about":[{"href":"https:\/\/www.europesays.com\/es\/wp-json\/wp\/v2\/types\/post"}],"author":[{"embeddable":true,"href":"https:\/\/www.europesays.com\/es\/wp-json\/wp\/v2\/users\/2"}],"replies":[{"embeddable":true,"href":"https:\/\/www.europesays.com\/es\/wp-json\/wp\/v2\/comments?post=185660"}],"version-history":[{"count":0,"href":"https:\/\/www.europesays.com\/es\/wp-json\/wp\/v2\/posts\/185660\/revisions"}],"wp:featuredmedia":[{"embeddable":true,"href":"https:\/\/www.europesays.com\/es\/wp-json\/wp\/v2\/media\/185661"}],"wp:attachment":[{"href":"https:\/\/www.europesays.com\/es\/wp-json\/wp\/v2\/media?parent=185660"}],"wp:term":[{"taxonomy":"category","embeddable":true,"href":"https:\/\/www.europesays.com\/es\/wp-json\/wp\/v2\/categories?post=185660"},{"taxonomy":"post_tag","embeddable":true,"href":"https:\/\/www.europesays.com\/es\/wp-json\/wp\/v2\/tags?post=185660"}],"curies":[{"name":"wp","href":"https:\/\/api.w.org\/{rel}","templated":true}]}}