{"id":185677,"date":"2025-10-18T19:55:13","date_gmt":"2025-10-18T19:55:13","guid":{"rendered":"https:\/\/www.europesays.com\/es\/185677\/"},"modified":"2025-10-18T19:55:13","modified_gmt":"2025-10-18T19:55:13","slug":"un-reencuentro-emotivo-para-pablo-pin","status":"publish","type":"post","link":"https:\/\/www.europesays.com\/es\/185677\/","title":{"rendered":"Un reencuentro emotivo para Pablo Pin"},"content":{"rendered":"<p>\n        El encuentro que enfrentar\u00e1 al <strong>Baskonia con el Granada<\/strong> este <strong>domingo a partir de las 18.00 horas<\/strong> en el <strong>Palacio Municipal de Deportes<\/strong> ser\u00e1 uno m\u00e1s de un <strong>vertiginoso calendario<\/strong> para todos los miembros de la expedici\u00f3n excepto para uno. <strong>Pablo Pin<\/strong>, <strong>segundo entrenador<\/strong> de <strong>Paolo Galbiati<\/strong> y uno de los <strong>fichajes<\/strong> de la <strong>entidad gasteiztarra<\/strong> del pasado verano, vivir\u00e1 un partido <strong>muy especial<\/strong>, ya que se <strong>reencontrar\u00e1 con el club de su vida<\/strong>.\n<\/p>\n<p>            <a href=\"https:\/\/www.noticiasdealava.eus\/baskonia\/2025\/10\/17\/continua-viacrucis-europeo-baskonia-79-10232345.html\" title=\"Contin\u00faa el viacrucis europeo del Baskonia (79-91)\" class=\"new__media\" rel=\"nofollow noopener\" target=\"_blank\"><\/p>\n<p>                <img alt=\"Contin\u00faa el viacrucis europeo del Baskonia (79-91)\" data-src=\"https:\/\/www.europesays.com\/es\/wp-content\/uploads\/2025\/10\/5a414620-a15a-47cb-8453-0034c9ae5643_16-9-aspect-ratio_default_0_x967y453.jpg\" class=\"lozad\"\/><\/p>\n<p>        <\/a><\/p>\n<p>        <a href=\"https:\/\/www.noticiasdealava.eus\/baskonia\/2025\/10\/17\/continua-viacrucis-europeo-baskonia-79-10232345.html\" title=\"Contin\u00faa el viacrucis europeo del Baskonia (79-91)\" class=\"new__headline\" rel=\"nofollow noopener\" target=\"_blank\"><br \/>\n            Contin\u00faa el viacrucis europeo del Baskonia (79-91)<br \/>\n        <\/a><\/p>\n<p class=\"article-body__text \">\n        El <strong>entrenador granadino<\/strong> de <strong>42 a\u00f1os<\/strong> es la principal raz\u00f3n de que el <strong>Granada<\/strong> vaya a recibir al <strong>Baskonia<\/strong> en un encuentro de la <strong>ACB<\/strong>, ya que hace <strong>13 a\u00f1os<\/strong>, cuando <strong>Pin fich\u00f3 por el equipo de su ciudad<\/strong>, militaba en la <strong>quinta categor\u00eda del baloncesto estatal<\/strong>, <strong>Primera Nacional<\/strong>.\n<\/p>\n<blockquote class=\"twitter-tweet\" data-lang=\"es\" wp_automatic_readability=\"6.6923076923077\">\n<p lang=\"es\" dir=\"ltr\">\u2764\ufe0f Pablo Pin volver\u00e1 por primera vez el domingo a su casa, el Palacio de Deportes. <\/p>\n<p>\ud835\udfd2\ud835\udfce\ud835\udfd7 partidos.<br \/>\ud835\udfd2 ascensos.<br \/>Desde Liga Nacional hasta <a href=\"https:\/\/twitter.com\/ACBCOM?ref_src=twsrc%5Etfw\" rel=\"nofollow noopener\" target=\"_blank\">@ACBCOM<\/a>.<br \/>\ud835\udc0b\ud835\udc1e\ud835\udc32\ud835\udc1e\ud835\udc27\ud835\udc1d\ud835\udc1a del <a href=\"https:\/\/twitter.com\/Coviran?ref_src=twsrc%5Etfw\" rel=\"nofollow noopener\" target=\"_blank\">@Coviran<\/a> Granada.<a href=\"https:\/\/twitter.com\/hashtag\/ContigoFundaci%C3%B3n?src=hash&amp;ref_src=twsrc%5Etfw\" rel=\"nofollow noopener\" target=\"_blank\">#ContigoFundaci\u00f3n<\/a> <a href=\"https:\/\/t.co\/zCSAUcKws6\" rel=\"nofollow\">pic.twitter.com\/zCSAUcKws6<\/a><\/p>\n<p>\u2014 Coviran Granada (@CoviranGranada) <a href=\"https:\/\/twitter.com\/CoviranGranada\/status\/1978735235438125345?ref_src=twsrc%5Etfw\" rel=\"nofollow noopener\" target=\"_blank\">16 de octubre de 2025<\/a><\/p><\/blockquote>\n<p class=\"article-body__text \">\n        Un <strong>joven Pablo Pin<\/strong>, con <strong>29 a\u00f1os<\/strong>, tom\u00f3 las riendas de un <strong>equipo a la deriva<\/strong> en el <strong>baloncesto amateur<\/strong> y lo elev\u00f3 a <strong>cotas inimaginables<\/strong> ejerciendo simult\u00e1neamente las funciones de <strong>entrenador y director deportivo<\/strong>. Con <strong>tres ascensos en seis temporadas<\/strong>, fue nombrado <strong>mejor entrenador de LEB Plata<\/strong> en el curso <strong>2017-18<\/strong> al ascender a <strong>LEB Oro<\/strong> y en el a\u00f1o <strong>2022<\/strong> hizo historia al lograr el <strong>perseguido ascenso a la ACB<\/strong>.\n<\/p>\n<p>            <a href=\"https:\/\/www.noticiasdealava.eus\/baskonia\/2025\/10\/17\/paolo-galbiati-10232356.html\" title=\"Paolo Galbiati: &quot;Creo en mis jugadores y creo en mi trabajo&quot;\" class=\"new__media\" rel=\"nofollow noopener\" target=\"_blank\"><\/p>\n<p>                <img alt=\"Paolo Galbiati: &quot;Creo en mis jugadores y creo en mi trabajo&quot;\" data-src=\"https:\/\/www.europesays.com\/es\/wp-content\/uploads\/2025\/10\/399ca533-d76e-462d-b4f2-e0314ceaadb9_16-9-aspect-ratio_default_0_x938y597.jpg\" class=\"lozad\"\/><\/p>\n<p>        <\/a><\/p>\n<p>        <a href=\"https:\/\/www.noticiasdealava.eus\/baskonia\/2025\/10\/17\/paolo-galbiati-10232356.html\" title=\"Paolo Galbiati: &quot;Creo en mis jugadores y creo en mi trabajo&quot;\" class=\"new__headline\" rel=\"nofollow noopener\" target=\"_blank\"><br \/>\n            Paolo Galbiati: \u00abCreo en mis jugadores y creo en mi trabajo\u00bb<br \/>\n        <\/a><\/p>\n<p class=\"article-body__text \">\n        Con un <strong>presupuesto limitado<\/strong>, pero <strong>infinitamente m\u00e1s alto<\/strong> del que ten\u00eda a disposici\u00f3n cuando lleg\u00f3 al club en <strong>2012<\/strong>, <strong>Pin mantuvo al equipo en la m\u00e1xima categor\u00eda<\/strong> durante <strong>tres temporadas<\/strong> hasta que el curso pasado finaliz\u00f3 en <strong>puestos de descenso<\/strong> con <strong>9 victorias y 25 derrotas<\/strong>.\n<\/p>\n<p>  EN LOS DESPACHOS<\/p>\n<p class=\"article-body__text \">\n        M\u00e1s adelante el <strong>Granada se mantendr\u00eda finalmente en la ACB<\/strong> tras no lograr el <strong>Betis los fondos necesarios para ascender<\/strong>, pero su decisi\u00f3n de <strong>no continuar en el proyecto<\/strong> estaba tomada de antemano. Tras <strong>13 temporadas<\/strong>, <strong>409 encuentros dirigidos<\/strong> y <strong>desavenencias con otros estamentos del club<\/strong>, <strong>Pin decidi\u00f3 emprender una nueva aventura<\/strong> lejos del <strong>equipo de su vida<\/strong> y se <strong>despidi\u00f3 mediante una carta<\/strong> de los <strong>seguidores granadinos<\/strong>, sin artificios.\n<\/p>\n<p class=\"article-body__text \">\n        Sin embargo, el <strong>destino ha querido brindarle la oportunidad<\/strong> de tener la <strong>despedida merecida<\/strong> en el <strong>Palacio Municipal de Deportes<\/strong>, su <strong>hogar durante 13 a\u00f1os<\/strong>. El club, de hecho, le tiene preparado un <strong>homenaje previo al inicio del encuentro<\/strong> en el que <strong>Pablo Pin volver\u00e1 a estar por unos minutos en el centro de todos los focos<\/strong> antes de regresar a su trabajo <strong>a la sombra<\/strong> como <strong>mano derecha de Paolo Galbiati<\/strong>.\n<\/p>\n<p>            <a href=\"https:\/\/www.noticiasdealava.eus\/baskonia\/2025\/10\/17\/caos-epilogo-base-inesperado-baskonia-10232638.html\" title=\"Caos en el ep\u00edlogo con un base inesperado\" class=\"new__media\" rel=\"nofollow noopener\" target=\"_blank\"><\/p>\n<p>                <img alt=\"Caos en el ep\u00edlogo con un base inesperado\" data-src=\"https:\/\/www.europesays.com\/es\/wp-content\/uploads\/2025\/10\/46cb9574-fd16-4344-8dd6-0a7b6d8b309a_16-9-aspect-ratio_default_0.jpg\" class=\"lozad\"\/><\/p>\n<p>        <\/a><\/p>\n<p>        <a href=\"https:\/\/www.noticiasdealava.eus\/baskonia\/2025\/10\/17\/caos-epilogo-base-inesperado-baskonia-10232638.html\" title=\"Caos en el ep\u00edlogo con un base inesperado\" class=\"new__headline\" rel=\"nofollow noopener\" target=\"_blank\"><br \/>\n            Caos en el ep\u00edlogo con un base inesperado<br \/>\n        <\/a><\/p>\n<p class=\"article-body__text \">\n        Sin la <strong>presi\u00f3n y la responsabilidad<\/strong> de cumplir dos labores simult\u00e1neamente y <strong>pelear a\u00f1o tras a\u00f1o por la permanencia<\/strong>, <strong>Pin sigue trabajando a destajo<\/strong> en <strong>Vitoria-Gasteiz<\/strong> para aportar su <strong>amplia experiencia en el baloncesto espa\u00f1ol<\/strong> a <strong>Paolo Galbiati<\/strong> y aprender lo que es <strong>competir en el siguiente escal\u00f3n<\/strong>, la <strong>Euroliga<\/strong>. Algo de <strong>ox\u00edgeno<\/strong> antes de, qui\u00e9n sabe, afrontar un <strong>nuevo reto al frente de un banquillo<\/strong>. Con su <strong>historial<\/strong>, seguro que <strong>interesados no faltan<\/strong>.\n<\/p>\n<p>            <script async src=\"https:\/\/platform.twitter.com\/widgets.js\" charset=\"utf-8\"><\/script><\/p>\n","protected":false},"excerpt":{"rendered":"El encuentro que enfrentar\u00e1 al Baskonia con el Granada este domingo a partir de las 18.00 horas en&hellip;\n","protected":false},"author":2,"featured_media":185678,"comment_status":"","ping_status":"","sticky":false,"template":"","format":"standard","meta":{"footnotes":""},"categories":[269],"tags":[299,298,4714,168,19640,25,24,494,52328,20070,23,167],"class_list":{"0":"post-185677","1":"post","2":"type-post","3":"status-publish","4":"format-standard","5":"has-post-thumbnail","7":"category-baloncesto","8":"tag-baloncesto","9":"tag-basketball","10":"tag-baskonia","11":"tag-deportes","12":"tag-emotivo","13":"tag-es","14":"tag-espana","15":"tag-granada","16":"tag-pablo-pin","17":"tag-reencuentro","18":"tag-spain","19":"tag-sports"},"share_on_mastodon":{"url":"","error":""},"_links":{"self":[{"href":"https:\/\/www.europesays.com\/es\/wp-json\/wp\/v2\/posts\/185677","targetHints":{"allow":["GET"]}}],"collection":[{"href":"https:\/\/www.europesays.com\/es\/wp-json\/wp\/v2\/posts"}],"about":[{"href":"https:\/\/www.europesays.com\/es\/wp-json\/wp\/v2\/types\/post"}],"author":[{"embeddable":true,"href":"https:\/\/www.europesays.com\/es\/wp-json\/wp\/v2\/users\/2"}],"replies":[{"embeddable":true,"href":"https:\/\/www.europesays.com\/es\/wp-json\/wp\/v2\/comments?post=185677"}],"version-history":[{"count":0,"href":"https:\/\/www.europesays.com\/es\/wp-json\/wp\/v2\/posts\/185677\/revisions"}],"wp:featuredmedia":[{"embeddable":true,"href":"https:\/\/www.europesays.com\/es\/wp-json\/wp\/v2\/media\/185678"}],"wp:attachment":[{"href":"https:\/\/www.europesays.com\/es\/wp-json\/wp\/v2\/media?parent=185677"}],"wp:term":[{"taxonomy":"category","embeddable":true,"href":"https:\/\/www.europesays.com\/es\/wp-json\/wp\/v2\/categories?post=185677"},{"taxonomy":"post_tag","embeddable":true,"href":"https:\/\/www.europesays.com\/es\/wp-json\/wp\/v2\/tags?post=185677"}],"curies":[{"name":"wp","href":"https:\/\/api.w.org\/{rel}","templated":true}]}}