{"id":185681,"date":"2025-10-18T19:57:08","date_gmt":"2025-10-18T19:57:08","guid":{"rendered":"https:\/\/www.europesays.com\/es\/185681\/"},"modified":"2025-10-18T19:57:08","modified_gmt":"2025-10-18T19:57:08","slug":"anita-williams-revela-que-le-han-detectado-dos-tumores-con-mala-pinta","status":"publish","type":"post","link":"https:\/\/www.europesays.com\/es\/185681\/","title":{"rendered":"Anita Williams revela que le han detectado dos tumores con \u201cmala pinta\u201d"},"content":{"rendered":"<p class=\"ft-text\"><a class=\"ft-link ft-link--decoration\" href=\"https:\/\/www.elperiodico.com\/es\/gente\/20251012\/anita-williams-defiende-montoya-criticas-presentador-dv-122543372\" target=\"_blank\" rel=\"nofollow noopener\">La influencer y colaboradora televisiva Anita Williams<\/a> ha comunicado con gran preocupaci\u00f3n a sus seguidores que le han detectado dos tumores que \u201ctienen bastante mala pinta\u201d, seg\u00fan declar\u00f3 en un v\u00eddeo publicado en su cuenta de Instagram.<\/p>\n<p class=\"ft-text ft-helper-align-justify\">Desde hace d\u00edas, Williams ya hab\u00eda anunciado que se retirar\u00eda temporalmente de las redes sociales debido a molestias no especificadas y la necesidad de someterse a pruebas m\u00e9dicas. En ese contexto, ha dado luz a la causa real de su silencio: la aparici\u00f3n de n\u00f3dulos, bultos, tumores, algunos de los cuales ya han sido biopsiados.<\/p>\n<p class=\"ft-text ft-helper-align-justify\"><strong>En palabras textuales, Williams declar\u00f3 ayer en su Instagram:<\/strong> \u201cMe mandaron unas pruebas adicionales y me encontraron unos n\u00f3dulos, bultos, tumores\u2026 Algunos benignos, pero hay dos que tienen bastante mala pinta y me hicieron una biopsia y estoy esperando los resultados.\u201d<\/p>\n<p class=\"ft-text ft-helper-align-justify\">En sus declaraciones,<strong> Anita reconoci\u00f3 que la noticia le ha afectado emocionalmente y que ha estado tentada de cancelar su fiesta de cumplea\u00f1os de hoy. <\/strong>Finalmente decidi\u00f3 mantener la celebraci\u00f3n con la intenci\u00f3n de \u201colvidarse por unas horas\u201d de la carga mental que supone esperar los informes m\u00e9dicos.<\/p>\n<p class=\"ft-text ft-helper-align-justify\">Adem\u00e1s de los tumores, la joven ha revelado que los m\u00e9dicos le han informado de un h\u00edgado inflamado, por lo que tambi\u00e9n se le realizar\u00e1n m\u00e1s exploraciones para \u201cdescartar cualquier cosa o que haya cogido en Honduras alg\u00fan par\u00e1sito o lo que sea\u201d. <strong> La catalana ha pedido comprensi\u00f3n a sus seguidores durante este periodo complicado<\/strong> y ha asegurado que s\u00f3lo desea centrarse en su recuperaci\u00f3n.<\/p>\n<p class=\"ft-text ft-helper-align-justify\">Por ahora, <strong>Anita Williams se mantiene en espera de los resultados definitivos de las biopsias y otras pruebas complementarias. <\/strong>Mientras tanto, su salud se convierte en motivo de m\u00e1xima atenci\u00f3n medi\u00e1tica y preocupaci\u00f3n entre sus seguidores.<\/p>\n","protected":false},"excerpt":{"rendered":"La influencer y colaboradora televisiva Anita Williams ha comunicado con gran preocupaci\u00f3n a sus seguidores que le han&hellip;\n","protected":false},"author":2,"featured_media":185682,"comment_status":"","ping_status":"","sticky":false,"template":"","format":"standard","meta":{"footnotes":""},"categories":[174],"tags":[20892,255,4482,146,147,25,24,52329,256,25559,4536,1922,23,1529,308],"class_list":{"0":"post-185681","1":"post","2":"type-post","3":"status-publish","4":"format-standard","5":"has-post-thumbnail","7":"category-famosos","8":"tag-anita","9":"tag-celebrities","10":"tag-dv","11":"tag-entertainment","12":"tag-entretenimiento","13":"tag-es","14":"tag-espana","15":"tag-estado-salud","16":"tag-famosos","17":"tag-honduras","18":"tag-instagram","19":"tag-redes-sociales","20":"tag-spain","21":"tag-ultima-hora","22":"tag-williams"},"share_on_mastodon":{"url":"","error":""},"_links":{"self":[{"href":"https:\/\/www.europesays.com\/es\/wp-json\/wp\/v2\/posts\/185681","targetHints":{"allow":["GET"]}}],"collection":[{"href":"https:\/\/www.europesays.com\/es\/wp-json\/wp\/v2\/posts"}],"about":[{"href":"https:\/\/www.europesays.com\/es\/wp-json\/wp\/v2\/types\/post"}],"author":[{"embeddable":true,"href":"https:\/\/www.europesays.com\/es\/wp-json\/wp\/v2\/users\/2"}],"replies":[{"embeddable":true,"href":"https:\/\/www.europesays.com\/es\/wp-json\/wp\/v2\/comments?post=185681"}],"version-history":[{"count":0,"href":"https:\/\/www.europesays.com\/es\/wp-json\/wp\/v2\/posts\/185681\/revisions"}],"wp:featuredmedia":[{"embeddable":true,"href":"https:\/\/www.europesays.com\/es\/wp-json\/wp\/v2\/media\/185682"}],"wp:attachment":[{"href":"https:\/\/www.europesays.com\/es\/wp-json\/wp\/v2\/media?parent=185681"}],"wp:term":[{"taxonomy":"category","embeddable":true,"href":"https:\/\/www.europesays.com\/es\/wp-json\/wp\/v2\/categories?post=185681"},{"taxonomy":"post_tag","embeddable":true,"href":"https:\/\/www.europesays.com\/es\/wp-json\/wp\/v2\/tags?post=185681"}],"curies":[{"name":"wp","href":"https:\/\/api.w.org\/{rel}","templated":true}]}}